{"id":75,"date":"2019-03-27T21:19:36","date_gmt":"2019-03-27T20:19:36","guid":{"rendered":"https:\/\/blogg.hivolda.no\/wencheei\/?p=75"},"modified":"2019-04-08T21:27:42","modified_gmt":"2019-04-08T19:27:42","slug":"kulturvern-i-molde-kommune","status":"publish","type":"post","link":"https:\/\/blogg.hivolda.no\/wencheei\/2019\/03\/27\/kulturvern-i-molde-kommune\/","title":{"rendered":"Kulturvern i Molde kommune"},"content":{"rendered":"\n<p>Molde kommune har utarbeidet en plan for kulturminner. Planen blir lagt ut til h\u00f8ring i april 2019, og skal behandles av kommunestyret i juni 2019. Hensikten er \u00e5 kartlegge og beskrive kulturminner og -milj\u00f8.  Krigens kulturminner er et viktig omr\u00e5de og det trekkes spesielt fram anlegget p\u00e5 Julsundet. Innenfor industrihistorien er det konfeksjon og skipsverft som blir framhevet. Det kan synes som om det legges opp til en \u00e5pen prosess med folkem\u00f8ter hvor det er mulighet til \u00e5 komme med innspill til planarbeidet og hvilke kulturminner det er viktig \u00e5 registrere. <\/p>\n\n\n\n<p>Hvis du har et arkiv fra en organisasjon eller lag som er av historisk interesse s\u00e5 er det mulighet for \u00e5 sp\u00f8rre Romsdalsmuseet om arkivering. <\/p>\n\n\n\n<p>I et samarbeid mellom Molde kommune og fylkeskommune vil en fors\u00f8ke \u00e5 ta vare og gj\u00f8re kjent helleristningene som er i nabolaget mitt p\u00e5 Bj\u00f8rset i Molde. Det er blant annet blitt bygd en trapp opp til steinene. Steinene ble funne p\u00e5 1930-tallet og en tror helleristningene har en sv\u00e6rt h\u00f8y alder. Helleristningene er ikke s\u00e5 lette \u00e5 se uten maling. Se bildene under med og uten markering av farger. <\/p>\n\n\n\n<div class=\"wp-block-image\"><figure class=\"alignleft is-resized\"><img loading=\"lazy\" decoding=\"async\" src=\"https:\/\/blogg.hivolda.no\/wencheei\/wp-content\/uploads\/sites\/206\/2019\/03\/rune-1-768x1024.jpg\" alt=\"\" class=\"wp-image-83\" width=\"332\" height=\"442\" srcset=\"https:\/\/blogg.hivolda.no\/wencheei\/wp-content\/uploads\/sites\/206\/2019\/03\/rune-1-768x1024.jpg 768w, https:\/\/blogg.hivolda.no\/wencheei\/wp-content\/uploads\/sites\/206\/2019\/03\/rune-1-225x300.jpg 225w\" sizes=\"(max-width: 332px) 100vw, 332px\" \/><figcaption>Bilde til venstre uten markering og til h\u00f8yre med farge<\/figcaption><\/figure><\/div>\n\n\n\n<ul class=\"wp-block-gallery columns-1 is-cropped wp-block-gallery-1 is-layout-flex wp-block-gallery-is-layout-flex\"><li class=\"blocks-gallery-item\"><figure><img loading=\"lazy\" decoding=\"async\" width=\"262\" height=\"465\" src=\"https:\/\/blogg.hivolda.no\/wencheei\/wp-content\/uploads\/sites\/206\/2019\/03\/runer-2.jpg\" alt=\"\" data-id=\"84\" data-link=\"https:\/\/blogg.hivolda.no\/wencheei\/?attachment_id=84\" class=\"wp-image-84\" srcset=\"https:\/\/blogg.hivolda.no\/wencheei\/wp-content\/uploads\/sites\/206\/2019\/03\/runer-2.jpg 262w, https:\/\/blogg.hivolda.no\/wencheei\/wp-content\/uploads\/sites\/206\/2019\/03\/runer-2-169x300.jpg 169w\" sizes=\"(max-width: 262px) 100vw, 262px\" \/><\/figure><\/li><\/ul>\n\n\n\n<p><\/p>\n\n\n\n<p><\/p>\n\n\n\n<p>Kilder: Meese, J. 2019. Personlig samtale med kultursjef i Molde kommune.<\/p>\n\n\n\n<p><\/p>\n","protected":false},"excerpt":{"rendered":"<p>Molde kommune har utarbeidet en plan for kulturminner. Planen blir lagt ut til h\u00f8ring i april 2019, og skal behandles av kommunestyret i juni 2019. Hensikten er \u00e5 kartlegge og beskrive kulturminner og -milj\u00f8. Krigens kulturminner er et viktig omr\u00e5de og det trekkes spesielt fram anlegget p\u00e5 Julsundet. Innenfor industrihistorien er det konfeksjon og skipsverft &hellip; <\/p>\n<p class=\"link-more\"><a href=\"https:\/\/blogg.hivolda.no\/wencheei\/2019\/03\/27\/kulturvern-i-molde-kommune\/\" class=\"more-link\">Fortsett \u00e5 lese<span class=\"screen-reader-text\"> \u00abKulturvern i Molde kommune\u00bb<\/span><\/a><\/p>\n","protected":false},"author":206,"featured_media":0,"comment_status":"open","ping_status":"open","sticky":false,"template":"","format":"standard","meta":{"footnotes":""},"categories":[1],"tags":[],"post_mailing_queue_ids":[],"_links":{"self":[{"href":"https:\/\/blogg.hivolda.no\/wencheei\/wp-json\/wp\/v2\/posts\/75"}],"collection":[{"href":"https:\/\/blogg.hivolda.no\/wencheei\/wp-json\/wp\/v2\/posts"}],"about":[{"href":"https:\/\/blogg.hivolda.no\/wencheei\/wp-json\/wp\/v2\/types\/post"}],"author":[{"embeddable":true,"href":"https:\/\/blogg.hivolda.no\/wencheei\/wp-json\/wp\/v2\/users\/206"}],"replies":[{"embeddable":true,"href":"https:\/\/blogg.hivolda.no\/wencheei\/wp-json\/wp\/v2\/comments?post=75"}],"version-history":[{"count":9,"href":"https:\/\/blogg.hivolda.no\/wencheei\/wp-json\/wp\/v2\/posts\/75\/revisions"}],"predecessor-version":[{"id":92,"href":"https:\/\/blogg.hivolda.no\/wencheei\/wp-json\/wp\/v2\/posts\/75\/revisions\/92"}],"wp:attachment":[{"href":"https:\/\/blogg.hivolda.no\/wencheei\/wp-json\/wp\/v2\/media?parent=75"}],"wp:term":[{"taxonomy":"category","embeddable":true,"href":"https:\/\/blogg.hivolda.no\/wencheei\/wp-json\/wp\/v2\/categories?post=75"},{"taxonomy":"post_tag","embeddable":true,"href":"https:\/\/blogg.hivolda.no\/wencheei\/wp-json\/wp\/v2\/tags?post=75"}],"curies":[{"name":"wp","href":"https:\/\/api.w.org\/{rel}","templated":true}]}}