{"id":181,"date":"2017-11-26T13:46:22","date_gmt":"2017-11-26T12:46:22","guid":{"rendered":"https:\/\/blogg.hivolda.no\/stinebf\/?p=181"},"modified":"2017-12-07T11:14:36","modified_gmt":"2017-12-07T10:14:36","slug":"takke-og-tradisjonsbakst","status":"publish","type":"post","link":"https:\/\/blogg.hivolda.no\/stinebf\/2017\/11\/26\/takke-og-tradisjonsbakst\/","title":{"rendered":"Takke- og tradisjonsbakst"},"content":{"rendered":"<p>&nbsp;<\/p>\n<figure id=\"attachment_182\" aria-describedby=\"caption-attachment-182\" style=\"width: 1334px\" class=\"wp-caption aligncenter\"><img loading=\"lazy\" decoding=\"async\" class=\"wp-image-182 size-full\" src=\"https:\/\/blogg.hivolda.no\/stinebf\/wp-content\/uploads\/sites\/162\/2017\/11\/IMG_7985-e1511611755887.jpg\" alt=\"\" width=\"1334\" height=\"750\" srcset=\"https:\/\/blogg.hivolda.no\/stinebf\/wp-content\/uploads\/sites\/162\/2017\/11\/IMG_7985-e1511611755887.jpg 1334w, https:\/\/blogg.hivolda.no\/stinebf\/wp-content\/uploads\/sites\/162\/2017\/11\/IMG_7985-e1511611755887-300x169.jpg 300w, https:\/\/blogg.hivolda.no\/stinebf\/wp-content\/uploads\/sites\/162\/2017\/11\/IMG_7985-e1511611755887-1024x576.jpg 1024w, https:\/\/blogg.hivolda.no\/stinebf\/wp-content\/uploads\/sites\/162\/2017\/11\/IMG_7985-e1511611755887-768x432.jpg 768w\" sizes=\"(max-width: 767px) 89vw, (max-width: 1000px) 54vw, (max-width: 1071px) 543px, 580px\" \/><figcaption id=\"caption-attachment-182\" class=\"wp-caption-text\">Klar til \u00e5 kjevle ut og steike lefser. Foto: eget.<\/figcaption><\/figure>\n<p>Nest siste samlingen er vel overst\u00e5tt og vi n\u00e6rmer oss jul. Da er det tradisjonsbakst som st\u00e5r oss hjertet n\u00e6r. P\u00e5 skolekj\u00f8kkenet laget vi lefser, s\u00f8st, hardinger og flatbr\u00f8d. Vi fikk ogs\u00e5 l\u00e6re om kornets historie og opprinnelse.\u00a0Denne samlingen gledet jeg meg mye til. Har ikke bakt s\u00e5 mye p\u00e5 takke f\u00f8r s\u00e5 denne tradisjonen s\u00e5 jeg frem til \u00e5 f\u00e5 l\u00e6re mer om. Jeg vil ogs\u00e5 f\u00f8re dette videre til min datter slik at hun igjen kan f\u00f8re det videre til sin familie. En god tradisjon \u00e5 arve for s\u00e5 \u00e5 ta vare p\u00e5 de gamle bakstehistoriene slik de ikke blir glemt.\u00a0Dette var en l\u00e6rerik, koselig og h\u00f8ytflyvende melete \u00f8kt der vi spilte julemusikk og luften fylte seg med deilig duft av bakverk og s\u00f8st som sto p\u00e5 kok.<\/p>\n<p>&nbsp;<\/p>\n<p><strong>Korn<\/strong><\/p>\n<figure id=\"attachment_237\" aria-describedby=\"caption-attachment-237\" style=\"width: 889px\" class=\"wp-caption aligncenter\"><img loading=\"lazy\" decoding=\"async\" class=\"wp-image-237 size-full\" src=\"https:\/\/blogg.hivolda.no\/stinebf\/wp-content\/uploads\/sites\/162\/2017\/11\/All-Purpose-Flour-What-is-it-made-of.jpg\" alt=\"\" width=\"889\" height=\"589\" srcset=\"https:\/\/blogg.hivolda.no\/stinebf\/wp-content\/uploads\/sites\/162\/2017\/11\/All-Purpose-Flour-What-is-it-made-of.jpg 889w, https:\/\/blogg.hivolda.no\/stinebf\/wp-content\/uploads\/sites\/162\/2017\/11\/All-Purpose-Flour-What-is-it-made-of-300x199.jpg 300w, https:\/\/blogg.hivolda.no\/stinebf\/wp-content\/uploads\/sites\/162\/2017\/11\/All-Purpose-Flour-What-is-it-made-of-768x509.jpg 768w\" sizes=\"(max-width: 767px) 89vw, (max-width: 1000px) 54vw, (max-width: 1071px) 543px, 580px\" \/><figcaption id=\"caption-attachment-237\" class=\"wp-caption-text\">Korn. Foto: messmakesfood.com.<\/figcaption><\/figure>\n<p>I den eldre steinalder ble korn dyrket fra ca 12 000-10 000 f.Kr. \u00a0Fra \u00a0Jordandalen\u00a0og gjennom Syria, Tyrkia og \u00f8st til Irak danner det seg en halvm\u00e5ne p\u00e5 verdenskartet med elvene Tigris og Eufrat p\u00e5 hver sin side. Den fruktbare halvm\u00e5nen blir den kalt. For nesten 20 000 \u00e5r siden tok den aller f\u00f8rste kornh\u00f8stingen til. Kornsortene som var der var nesten ferdig til menneskebruk. De var lette \u00e5 f\u00e5 tak i, holdt seg godt og var store og stivelsesrike fr\u00f8. 3-4 timer var nok arbeid per dag for \u00e5 h\u00f8ste inn nok korn til familien. P\u00e5 kun noen f\u00e5 ukers arbeid kunne en familie skaffe seg full \u00e5rsforsyning av korn. Men til tross for dette gode livet varte det ikke evig og tok slutt. Kanskje var grunnen at menneskene nesten \u00a0utryddet storvilt og det kom en stor klimaendring (Bj\u00f8rnstad, \u00c5., 2005, s.26-27). For 10 000-8 000 f. Kr. begynte folk \u00e5 dyrke korn selv om det oppsto en forverring av klimaet i midt\u00f8sten. Mer varierte \u00e5rstider, vegetasjon i endring og mer \u00e5pne skoger ga kornsortene en ny sjanse. Derimot for menneskene betydde dette at de m\u00e5tte lagre kornet over lengre perioder. Lageret var vanskelig \u00e5 bere med seg p\u00e5 ryggen og de valgte da \u00e5 bli bofaste siden dette ble et mer krevende arbeid. \u00c5 v\u00e6re bofast og dyrke sitt eget korn krevdes \u00e5 brenne et omr\u00e5de for s\u00e5 \u00e5 gjerde det inne, luke og h\u00f8ste. De m\u00e5tte passe avlingen sin hver dag (Bj\u00f8rnstad, \u00c5., 2005, s.28).<\/p>\n<p>I Norge kom korndyrking trolig rundt 4000 f. Kr. P\u00e5 den tiden besto maten mest av fisk og kj\u00f8tt fra jakt. Korn ble bare dyrket p\u00e5 sm\u00e5 \u00e5kerlapper som de arbeidet med trehakker f\u00f8r de s\u00e5dde. Korn ble vanlig over hele \u00d8stlandet og Vestlandet for ca. 3500 \u00e5r siden. Litt etter litt ble det ogs\u00e5 vanlig nordover (Bj\u00f8rnstad, \u00c5., 2005, s. 44).<\/p>\n<p>&nbsp;<\/p>\n<p><strong>Lefser og flatbr\u00f8d<\/strong><\/p>\n<figure id=\"attachment_198\" aria-describedby=\"caption-attachment-198\" style=\"width: 1334px\" class=\"wp-caption aligncenter\"><img loading=\"lazy\" decoding=\"async\" class=\"wp-image-198 size-full\" src=\"https:\/\/blogg.hivolda.no\/stinebf\/wp-content\/uploads\/sites\/162\/2017\/11\/IMG_7995.jpg\" alt=\"\" width=\"1334\" height=\"750\" srcset=\"https:\/\/blogg.hivolda.no\/stinebf\/wp-content\/uploads\/sites\/162\/2017\/11\/IMG_7995.jpg 1334w, https:\/\/blogg.hivolda.no\/stinebf\/wp-content\/uploads\/sites\/162\/2017\/11\/IMG_7995-300x169.jpg 300w, https:\/\/blogg.hivolda.no\/stinebf\/wp-content\/uploads\/sites\/162\/2017\/11\/IMG_7995-768x432.jpg 768w, https:\/\/blogg.hivolda.no\/stinebf\/wp-content\/uploads\/sites\/162\/2017\/11\/IMG_7995-1024x576.jpg 1024w\" sizes=\"(max-width: 767px) 89vw, (max-width: 1000px) 54vw, (max-width: 1071px) 543px, 580px\" \/><figcaption id=\"caption-attachment-198\" class=\"wp-caption-text\">Utkjevling av lefseleiv. Foto: eget.<\/figcaption><\/figure>\n<p>H\u00f8stbaking etter slakting og kornh\u00f8st var en stor hendelse. De mest typiske julekakene og de aller fineste lefsene ble bakt rett oppunder jul. H\u00f8stbaksten la grunnlaget for mye av kostholdet i julen. Flatbr\u00f8d og lefser ble bakt for hele vinteren og ble stekt p\u00e5 heller i grua med god, t\u00f8rr og rikelig ved. Ved av or ga best bakevarme. Karene hadde ansvaret for \u00e5 steike mens barna kunne f\u00e5 lov \u00e5 lage emna og kvinnene kjevlet de ut. Bakstekjerringene var i sitt ess n\u00e5r rutakjevla slo mot bordet i jevn dur og leivene ble snurret rundt sin egen akse til all kunstens regler. Trillende rund, uten sprekker og hull i midten og tynt som papir var den perfekte utkjelva leiven. Melet som ble brukt til over-og undermel ved utbaking heter breiemel. Dette besto av finmalt byggryn og grynmel (Brunstad &amp; Roald, 2007, s.56-57).\u00a0<span style=\"font-size: 1rem\">\u00a0P\u00e5 Sunnm\u00f8re ble lefser omtalt som &laquo;snikarlefse&raquo; der en str\u00f8k p\u00e5 en blanding av r\u00e5melk, bygg- eller rugmel for \u00e5 gj\u00f8re de skinnende og litt seige. Rundt 1850-\u00e5rene ble det vanlig \u00e5 \u00a0&laquo;kline&raquo; p\u00e5 sukker og sm\u00f8r, noen brukte kanel for de som hadde f\u00e5tt tak i det, for s\u00e5 \u00e5 brette eller skj\u00e6re lefsene i trekanter og legge de i br\u00f8dkorgen til gjestemat\u00a0(Brunstad &amp; Roald, 2007, s.60).<\/span><\/p>\n<p>Steikeheller og steikegroper som er funnet p\u00e5 Sunnm\u00f8re er ca. 3000-4000 \u00e5r gamle. En slags hellekake som var laget av steinknust korn og vann ble trolig laget og helt direkte p\u00e5 gl\u00f8r eller steinheller som var lite holdbare. Arkeologiske funn av steikeheller s\u00f8r p\u00e5 Vestlandet viser trolig at p\u00e5 1300-tallet eller kanskje allerede fra 1100-tallet ble flatbr\u00f8d tatt i bruk. Flatbr\u00f8d var et holdbart produkt og ble tatt med p\u00e5 fiske, i sl\u00e5ttemarken, til seters og andre utferder. Frem til 1900-tallet ble ordet br\u00f8d det samme som flatbr\u00f8d brukt p\u00e5 Sunnm\u00f8re. Flatbr\u00f8d ble brukt som tallerken eller som innpakking for &laquo;sul (til fisk og kj\u00f8tt i ulike varianter og hjemmelaget osteslag) ( Brunstad &amp; Roald, 2007, s.62-63).<\/p>\n<p>Etter en l\u00e6rerik og koselig samling om tradisjonsbakst p\u00e5 skolekj\u00f8kkenet bestemte jeg meg for \u00e5 lage tynnlefser som min oppgave til takkebakst. Oppskriften jeg har brukt er fra min samboers bestemor fra Kopperstad p\u00e5 Nerlands\u00f8y. I denne oppskriften er det brukt r\u00f8mme i stede for helmelk og deigen ble fl\u00f8yelsmyk og smeltet p\u00e5 tungen, s\u00e5 denne oppskriften kommer jeg til \u00e5 bruke ved flere anledninger ved lefsebakst til jul.<\/p>\n<p>&nbsp;<\/p>\n<p><strong>Tynnlefser \u00a0<\/strong><\/p>\n<figure id=\"attachment_191\" aria-describedby=\"caption-attachment-191\" style=\"width: 1334px\" class=\"wp-caption alignnone\"><img loading=\"lazy\" decoding=\"async\" class=\"wp-image-191 size-full\" src=\"https:\/\/blogg.hivolda.no\/stinebf\/wp-content\/uploads\/sites\/162\/2017\/11\/IMG_8002.jpg\" alt=\"\" width=\"1334\" height=\"750\" srcset=\"https:\/\/blogg.hivolda.no\/stinebf\/wp-content\/uploads\/sites\/162\/2017\/11\/IMG_8002.jpg 1334w, https:\/\/blogg.hivolda.no\/stinebf\/wp-content\/uploads\/sites\/162\/2017\/11\/IMG_8002-300x169.jpg 300w, https:\/\/blogg.hivolda.no\/stinebf\/wp-content\/uploads\/sites\/162\/2017\/11\/IMG_8002-768x432.jpg 768w, https:\/\/blogg.hivolda.no\/stinebf\/wp-content\/uploads\/sites\/162\/2017\/11\/IMG_8002-1024x576.jpg 1024w\" sizes=\"(max-width: 767px) 89vw, (max-width: 1000px) 54vw, (max-width: 1071px) 543px, 580px\" \/><figcaption id=\"caption-attachment-191\" class=\"wp-caption-text\">Ferdige smurte tynnlefser i stabel og oppsk\u00e5ret. Foto: eget.<\/figcaption><\/figure>\n<div>N\u00e5r en skal lage tynnlefser m\u00e5 en ha endel utsyr. Steketakke, kjevle med ruter, bakstepinne, bakeunderlag av silikon, og en sikt til bakstemelet. Etter en slik bakedag vil en merke at det vil bli en del mel rundt om, \u00a0s\u00e5 en m\u00e5 belage seg p\u00e5 litt nedvask av et melete kj\u00f8kken. En trenger ca 10 stk. opprevet laken eller kj\u00f8kkenh\u00e5ndkle \u00a0som skal v\u00e6re fuktige og godt skylt for alt av vaskemiddel slik at det ikke setter smak p\u00e5 lefsene.<\/div>\n<div><\/div>\n<div><\/div>\n<div><strong><em>O<\/em><em>ppskrift til 20 r\u00f8mmelefser\u00a0(oppskrift fra Johanne Kopperstad):<\/em><\/strong><\/div>\n<div><strong>\u00a0<\/strong><\/div>\n<p>1\/2 l r\u00f8mme<\/p>\n<p>2 egg (vispet sammen)<\/p>\n<p>1 kopp sukker<\/p>\n<p>1 liten kopp smeltet sm\u00f8r<\/p>\n<p>4 ts hjorthornssalt (r\u00f8res ut i kokende vann)<\/p>\n<p>Mel til passe deig<\/p>\n<p>&nbsp;<\/p>\n<p><strong><em>Sm\u00f8rkrem:<\/em><\/strong><\/p>\n<p>500 g melange<\/p>\n<p>300 g sukker<\/p>\n<p>100 g melis<\/p>\n<p>1 dl fl\u00f8te<\/p>\n<p>&nbsp;<\/p>\n<p><strong><em>Fremgangsm\u00e5te:<\/em><\/strong><\/p>\n<p>Bland r\u00f8mme, egg og sukker sammen, tilsett smeltet sm\u00f8r n\u00e5r det er litt avkj\u00f8lt. R\u00f8r ut hjorthornssalt i 3 ss kokende vann og ha i blandingen. R\u00f8r inn mel til du har f\u00e5tt en litt klissete men jevn deig. Vei opp hvert emne til 100 g og trill de til boller som du legger p\u00e5 et stekebrett dekket med plastfolie og litt mel p\u00e5. Dekk emnene til med plastfolie slik at de ikke t\u00f8rker ut mens du holde p\u00e5 \u00e5 \u00a0bake ut.<\/p>\n<figure id=\"attachment_195\" aria-describedby=\"caption-attachment-195\" style=\"width: 2896px\" class=\"wp-caption aligncenter\"><img loading=\"lazy\" decoding=\"async\" class=\"wp-image-195 size-full\" src=\"https:\/\/blogg.hivolda.no\/stinebf\/wp-content\/uploads\/sites\/162\/2017\/11\/1511636093236.jpeg\" alt=\"\" width=\"2896\" height=\"2896\" srcset=\"https:\/\/blogg.hivolda.no\/stinebf\/wp-content\/uploads\/sites\/162\/2017\/11\/1511636093236.jpeg 2896w, https:\/\/blogg.hivolda.no\/stinebf\/wp-content\/uploads\/sites\/162\/2017\/11\/1511636093236-150x150.jpeg 150w, https:\/\/blogg.hivolda.no\/stinebf\/wp-content\/uploads\/sites\/162\/2017\/11\/1511636093236-300x300.jpeg 300w, https:\/\/blogg.hivolda.no\/stinebf\/wp-content\/uploads\/sites\/162\/2017\/11\/1511636093236-768x768.jpeg 768w, https:\/\/blogg.hivolda.no\/stinebf\/wp-content\/uploads\/sites\/162\/2017\/11\/1511636093236-1024x1024.jpeg 1024w, https:\/\/blogg.hivolda.no\/stinebf\/wp-content\/uploads\/sites\/162\/2017\/11\/1511636093236-100x100.jpeg 100w\" sizes=\"(max-width: 767px) 89vw, (max-width: 1000px) 54vw, (max-width: 1071px) 543px, 580px\" \/><figcaption id=\"caption-attachment-195\" class=\"wp-caption-text\">Ferdig lefsedeig som er passe klissete og emner som ligger klar under plastfolie slik at de ikke t\u00f8rker ut. Foto: eget.<\/figcaption><\/figure>\n<div>\n<p>En silikonmatte er fint \u00e5 bruke til \u00e5 kjevle ut. Husk \u00e5 str\u00f8 godt med mel p\u00e5 underlaget og over deigemnet. Lefsene skal \u00a0s\u00e5 kjevles ut til tynne runde leiver slik at de nesten er gjennomsiktige. Ta bakstepinnen og f\u00f8r den under deigen og l\u00f8ft den forsiktig bort p\u00e5 takken for steking.<\/p>\n<figure id=\"attachment_188\" aria-describedby=\"caption-attachment-188\" style=\"width: 701px\" class=\"wp-caption alignnone\"><img loading=\"lazy\" decoding=\"async\" class=\"wp-image-188\" src=\"https:\/\/blogg.hivolda.no\/stinebf\/wp-content\/uploads\/sites\/162\/2017\/11\/IMG_7998.jpg\" alt=\"\" width=\"701\" height=\"394\" srcset=\"https:\/\/blogg.hivolda.no\/stinebf\/wp-content\/uploads\/sites\/162\/2017\/11\/IMG_7998.jpg 1334w, https:\/\/blogg.hivolda.no\/stinebf\/wp-content\/uploads\/sites\/162\/2017\/11\/IMG_7998-300x169.jpg 300w, https:\/\/blogg.hivolda.no\/stinebf\/wp-content\/uploads\/sites\/162\/2017\/11\/IMG_7998-768x432.jpg 768w, https:\/\/blogg.hivolda.no\/stinebf\/wp-content\/uploads\/sites\/162\/2017\/11\/IMG_7998-1024x576.jpg 1024w\" sizes=\"(max-width: 701px) 100vw, 701px\" \/><figcaption id=\"caption-attachment-188\" class=\"wp-caption-text\">Rund og flott lefse klar til steiking. Kjevle med utsikkende riller\/ruter, en bakstepinne til \u00e5 l\u00f8ften leiven p\u00e5 takken og et bakeunderlag. Foto: eget<\/figcaption><\/figure>\n<p>Lefsen stekes p\u00e5 litt over middels varme til den har f\u00e5tt s\u00e5 vidt noen f\u00e5 lysebrune prikker p\u00e5 begge sider. \u00a0Underveis skal en b\u00f8rste av overfl\u00f8dig mel fra b\u00e5de lefse og takke, da unng\u00e5r en at det brenner seg fast i takken. Lefsene som er ferdig stekte skal bl\u00f8tes med vann og legges mellom fuktige h\u00e5ndduker eller opprevne laken. En lefse for hvert lag. Stek opp ca. 10 stk og snu hele stabelen opp ned. Da skal de v\u00e6re passe fuktige og enkle \u00e5 sm\u00f8re og brette.<\/p>\n<\/div>\n<div>\n<figure id=\"attachment_197\" aria-describedby=\"caption-attachment-197\" style=\"width: 1334px\" class=\"wp-caption aligncenter\"><img loading=\"lazy\" decoding=\"async\" class=\"wp-image-197 size-full\" src=\"https:\/\/blogg.hivolda.no\/stinebf\/wp-content\/uploads\/sites\/162\/2017\/11\/IMG_7990.jpg\" alt=\"\" width=\"1334\" height=\"750\" srcset=\"https:\/\/blogg.hivolda.no\/stinebf\/wp-content\/uploads\/sites\/162\/2017\/11\/IMG_7990.jpg 1334w, https:\/\/blogg.hivolda.no\/stinebf\/wp-content\/uploads\/sites\/162\/2017\/11\/IMG_7990-300x169.jpg 300w, https:\/\/blogg.hivolda.no\/stinebf\/wp-content\/uploads\/sites\/162\/2017\/11\/IMG_7990-768x432.jpg 768w, https:\/\/blogg.hivolda.no\/stinebf\/wp-content\/uploads\/sites\/162\/2017\/11\/IMG_7990-1024x576.jpg 1024w\" sizes=\"(max-width: 767px) 89vw, (max-width: 1000px) 54vw, (max-width: 1071px) 543px, 580px\" \/><figcaption id=\"caption-attachment-197\" class=\"wp-caption-text\">Lefse som blir stekt p\u00e5 takke. Foto: eget.<\/figcaption><\/figure>\n<\/div>\n<div>Til sm\u00f8rkremen r\u00f8res sukker, melis, sm\u00f8r og fl\u00f8te til en hvit og luftig krem.<\/div>\n<div>Et tynt lag med sm\u00f8rkrem sm\u00f8res over hele lefsen f\u00f8r en bretter inn kanten p\u00e5 begge sidene til de m\u00f8tes p\u00e5 midten. Litt sm\u00f8rkrem p\u00e5 ene siden som er brettet inn for s\u00e5 \u00e5 brette over slik en f\u00e5r en avlang lefse som vist p\u00e5 bildet under. For oppbevaring pakkes de i plastikkposer og fryses ned.<\/div>\n<div><\/div>\n<div>\n<figure id=\"attachment_199\" aria-describedby=\"caption-attachment-199\" style=\"width: 2896px\" class=\"wp-caption aligncenter\"><img loading=\"lazy\" decoding=\"async\" class=\"wp-image-199 size-full\" src=\"https:\/\/blogg.hivolda.no\/stinebf\/wp-content\/uploads\/sites\/162\/2017\/11\/1511640358823.jpeg\" alt=\"\" width=\"2896\" height=\"2896\" srcset=\"https:\/\/blogg.hivolda.no\/stinebf\/wp-content\/uploads\/sites\/162\/2017\/11\/1511640358823.jpeg 2896w, https:\/\/blogg.hivolda.no\/stinebf\/wp-content\/uploads\/sites\/162\/2017\/11\/1511640358823-150x150.jpeg 150w, https:\/\/blogg.hivolda.no\/stinebf\/wp-content\/uploads\/sites\/162\/2017\/11\/1511640358823-300x300.jpeg 300w, https:\/\/blogg.hivolda.no\/stinebf\/wp-content\/uploads\/sites\/162\/2017\/11\/1511640358823-768x768.jpeg 768w, https:\/\/blogg.hivolda.no\/stinebf\/wp-content\/uploads\/sites\/162\/2017\/11\/1511640358823-1024x1024.jpeg 1024w, https:\/\/blogg.hivolda.no\/stinebf\/wp-content\/uploads\/sites\/162\/2017\/11\/1511640358823-100x100.jpeg 100w\" sizes=\"(max-width: 767px) 89vw, (max-width: 1000px) 54vw, (max-width: 1071px) 543px, 580px\" \/><figcaption id=\"caption-attachment-199\" class=\"wp-caption-text\">Bretting av ferdigsmurt lefse. Foto: eget.<\/figcaption><\/figure>\n<\/div>\n<div>I forbindelse med skolearbeid skulle vi levere inn en t\u00f8rr lefse som et konservert produkt. Denne la jeg p\u00e5 en rist slik at den t\u00f8rker inn og lagret den m\u00f8rkt og kj\u00f8lig da vi ikke skal bruke fryse eller kj\u00f8leskap.<\/div>\n<div><\/div>\n<div>\n<div>\n<figure id=\"attachment_200\" aria-describedby=\"caption-attachment-200\" style=\"width: 1252px\" class=\"wp-caption aligncenter\"><img loading=\"lazy\" decoding=\"async\" class=\"wp-image-200 size-full\" src=\"https:\/\/blogg.hivolda.no\/stinebf\/wp-content\/uploads\/sites\/162\/2017\/11\/IMG_8007-2.jpg\" alt=\"\" width=\"1252\" height=\"704\" srcset=\"https:\/\/blogg.hivolda.no\/stinebf\/wp-content\/uploads\/sites\/162\/2017\/11\/IMG_8007-2.jpg 1252w, https:\/\/blogg.hivolda.no\/stinebf\/wp-content\/uploads\/sites\/162\/2017\/11\/IMG_8007-2-300x169.jpg 300w, https:\/\/blogg.hivolda.no\/stinebf\/wp-content\/uploads\/sites\/162\/2017\/11\/IMG_8007-2-768x432.jpg 768w, https:\/\/blogg.hivolda.no\/stinebf\/wp-content\/uploads\/sites\/162\/2017\/11\/IMG_8007-2-1024x576.jpg 1024w\" sizes=\"(max-width: 767px) 89vw, (max-width: 1000px) 54vw, (max-width: 1071px) 543px, 580px\" \/><figcaption id=\"caption-attachment-200\" class=\"wp-caption-text\">Lefse som skal leveres inn. Lagt p\u00e5 rist for t\u00f8rking. Foto: eget.<\/figcaption><\/figure>\n<p>&nbsp;<\/p>\n<p><em style=\"font-size: 1rem\"><strong>Tradisjonsbakst:<\/strong><\/em><\/p>\n<\/div>\n<div><span style=\"font-size: 1rem\">Andre del av oppgaven var \u00e5 lage en julekake i forbindelse med juletradisjoner. Jeg\u00a0<\/span><span style=\"font-size: 1rem\">valgte julemenn eller hvite kakemenn som noen kaller det. Denne baksten er noen jeg er vandt med helt siden jeg var liten og det blir ikke jul uten. Oppskriften jeg har brukt er en gammel oppskrift til min datters oldemor fra Kvalsvik, Nerlands\u00f8y.<\/span><\/div>\n<div>\n<p><span style=\"font-size: 1rem\">Kakene som vi i tradisjonstro lager til jul hvert \u00e5r ble p\u00e5 1700-tallet ikke ansett som julekaker. I Norge er &laquo;jernkakene&raquo; de eldste julekakene vi kjenner til. Dette er kaker stek i ulike jern som goro og krumkaker. Det er usikkert hvor lenge en har brukt slikt jern i Norge, men i Europa er eldste funn datert tilbake til 1400-tallet\u00a0(brodogkorn.no<\/span><span style=\"font-size: 1rem\">).\u00a0F\u00f8r i tiden s\u00e5 var julebakst et bevis p\u00e5 at en ikke gjorde skam p\u00e5 andre omr\u00e5der og skulle vise seg som god en bonde som fikk frem godt korn og mel. Om husmoren hadde matstellet og godt h\u00e5ndlag var ogs\u00e5 viktig \u00e5 vise frem som en del av sosial stand. En annen skam var \u00e5 g\u00e5 tomt for julebakst og dette skulle vare til kyndelsmesse, 2.februar. Frem til 1950 ble julekaker omtalt som runde, hevet br\u00f8d. \u00a0Dette var v\u00f8rter- og hvetekaker. Sirup og rosiner kom p\u00e5 1800-tallet og ble ansett som kronen p\u00e5 verket i julekakene\u00a0(Brunstad &amp; Roald, 2007, s.64-65).<\/span><\/p>\n<\/div>\n<div><\/div>\n<div><strong>\u00a0Julemenn<\/strong><\/div>\n<div><\/div>\n<div>\n<figure id=\"attachment_203\" aria-describedby=\"caption-attachment-203\" style=\"width: 1334px\" class=\"wp-caption aligncenter\"><img loading=\"lazy\" decoding=\"async\" class=\"wp-image-203 size-full\" src=\"https:\/\/blogg.hivolda.no\/stinebf\/wp-content\/uploads\/sites\/162\/2017\/11\/IMG_7974.jpg\" alt=\"\" width=\"1334\" height=\"750\" srcset=\"https:\/\/blogg.hivolda.no\/stinebf\/wp-content\/uploads\/sites\/162\/2017\/11\/IMG_7974.jpg 1334w, https:\/\/blogg.hivolda.no\/stinebf\/wp-content\/uploads\/sites\/162\/2017\/11\/IMG_7974-300x169.jpg 300w, https:\/\/blogg.hivolda.no\/stinebf\/wp-content\/uploads\/sites\/162\/2017\/11\/IMG_7974-768x432.jpg 768w, https:\/\/blogg.hivolda.no\/stinebf\/wp-content\/uploads\/sites\/162\/2017\/11\/IMG_7974-1024x576.jpg 1024w\" sizes=\"(max-width: 767px) 89vw, (max-width: 1000px) 54vw, (max-width: 1071px) 543px, 580px\" \/><figcaption id=\"caption-attachment-203\" class=\"wp-caption-text\">Ferdigmalte julemenn i bokser klar for lagring. Foto: eget.<\/figcaption><\/figure>\n<p><strong><em>Oppskrift til 1 kg ferdig deig (oppskrift fra Palma Nikoline Nerland):<\/em><\/strong><\/p>\n<p>1\/2 vann<\/p>\n<p>800g- 1 kg mel<\/p>\n<p>3\/4 kg sukker<\/p>\n<p>2 ss hjorthornssalt<\/p>\n<p>1 liten klatt smeltet sm\u00f8r (ca.1 ts)<\/p>\n<\/div>\n<div>\n<figure id=\"attachment_207\" aria-describedby=\"caption-attachment-207\" style=\"width: 1440px\" class=\"wp-caption aligncenter\"><img loading=\"lazy\" decoding=\"async\" class=\"wp-image-207 size-full\" style=\"font-size: 1rem\" src=\"https:\/\/blogg.hivolda.no\/stinebf\/wp-content\/uploads\/sites\/162\/2017\/11\/IMG_8011.jpg\" alt=\"\" width=\"1440\" height=\"1080\" srcset=\"https:\/\/blogg.hivolda.no\/stinebf\/wp-content\/uploads\/sites\/162\/2017\/11\/IMG_8011.jpg 1440w, https:\/\/blogg.hivolda.no\/stinebf\/wp-content\/uploads\/sites\/162\/2017\/11\/IMG_8011-300x225.jpg 300w, https:\/\/blogg.hivolda.no\/stinebf\/wp-content\/uploads\/sites\/162\/2017\/11\/IMG_8011-768x576.jpg 768w, https:\/\/blogg.hivolda.no\/stinebf\/wp-content\/uploads\/sites\/162\/2017\/11\/IMG_8011-1024x768.jpg 1024w\" sizes=\"(max-width: 767px) 89vw, (max-width: 1000px) 54vw, (max-width: 1071px) 543px, 580px\" \/><figcaption id=\"caption-attachment-207\" class=\"wp-caption-text\">Eske fra \u00e5r 1948, julekakeformer med oppskrift p\u00e5 som Palma Nikoline Nerland brukte n\u00e5r hun bakte julemenn. Foto: eget.<\/figcaption><\/figure>\n<p>&nbsp;<\/p>\n<p><strong><em>Fremgangsm\u00e5te: \u00a0 \u00a0 \u00a0<\/em><span style=\"font-size: 1rem\"><em> \u00a0 <\/em><\/span><\/strong><\/p>\n<p><span style=\"font-size: 1rem\">Vann, sukker og smeltet sm\u00f8r r\u00f8res sammen til sukkeret l\u00f8ser seg litt opp i vannet. Bland inn hjorthornssalt og mel til en passe litt klissete deig. Viktig at deigen ikke er alt for tung da dette kan bli litt kompakt etter steking. Ha deigen over i en bolle med et lufttett lokk og la den hvile i kj\u00f8leskap over natten.<\/span><\/p>\n<p><span style=\"font-size: 1rem\">Ta ut deigen dagen etterp\u00e5 og la den ligge litt i romtemperatur f\u00f8r bruk. Forvarm steikeomnen til 200\u00a0\u00baC. \u00a0En silikonmatte er fint \u00e5 bruke da denne slipper deigen lettere samtidig som det er godt med mel p\u00e5. Deigen deles opp i emner og kjevles ut til ca 2-3 mm og stikkes ut med de kakeformene en har. Stekes i ca 10-12 min alt etter ovn. Avkj\u00f8les p\u00e5 rist f\u00f8r de males og legges i lufttette bokser.<\/span><\/p>\n<\/div>\n<\/div>\n<div>\n<div>\n<div class=\"mceTemp\">\n<figure id=\"attachment_202\" aria-describedby=\"caption-attachment-202\" style=\"width: 2896px\" class=\"wp-caption aligncenter\"><img loading=\"lazy\" decoding=\"async\" class=\"wp-image-202 size-full\" src=\"https:\/\/blogg.hivolda.no\/stinebf\/wp-content\/uploads\/sites\/162\/2017\/11\/1511642597606.jpeg\" alt=\"\" width=\"2896\" height=\"2896\" srcset=\"https:\/\/blogg.hivolda.no\/stinebf\/wp-content\/uploads\/sites\/162\/2017\/11\/1511642597606.jpeg 2896w, https:\/\/blogg.hivolda.no\/stinebf\/wp-content\/uploads\/sites\/162\/2017\/11\/1511642597606-150x150.jpeg 150w, https:\/\/blogg.hivolda.no\/stinebf\/wp-content\/uploads\/sites\/162\/2017\/11\/1511642597606-300x300.jpeg 300w, https:\/\/blogg.hivolda.no\/stinebf\/wp-content\/uploads\/sites\/162\/2017\/11\/1511642597606-768x768.jpeg 768w, https:\/\/blogg.hivolda.no\/stinebf\/wp-content\/uploads\/sites\/162\/2017\/11\/1511642597606-1024x1024.jpeg 1024w, https:\/\/blogg.hivolda.no\/stinebf\/wp-content\/uploads\/sites\/162\/2017\/11\/1511642597606-100x100.jpeg 100w\" sizes=\"(max-width: 767px) 89vw, (max-width: 1000px) 54vw, (max-width: 1071px) 543px, 580px\" \/><figcaption id=\"caption-attachment-202\" class=\"wp-caption-text\">Jeg og dattera mi Emma i julebaksten. Foto: eget og H\u00e5vard Herskedal.<\/figcaption><\/figure>\n<p><strong>Vurdering av lefser og julemenn:<\/strong><\/p>\n<div>Lefsene ble fl\u00f8yelsmyke og smakte nydelige. Den t\u00f8rre lefsen til innlevering er t\u00f8rr, har ingen sprekker i kantene og holder seg bra.<\/div>\n<div>Julemennene ble b\u00e5de myke, spr\u00f8 og god p\u00e5 smak, akkurat slik jeg er vandt med. S\u00e5 vil si dette ble en vellykket bakstedag og produkter. Blir spennende \u00e5 levere inn sammen med de andre produktene 4. desember.<\/div>\n<div>En oppdatering om produktene kommer p\u00e5 innleveringsdagen.<\/div>\n<p><strong style=\"font-size: 1rem\">\u00a0<\/strong><span style=\"font-size: 1rem\">\u00a0<\/span><\/p>\n<\/div>\n<div><strong>Kilder<\/strong><\/div>\n<div>Bj\u00f8rnstad, \u00c5. (2005). <em>Korn- fr\u00e5 steinalder til genalder. <\/em><\/div>\n<div><em>Oslo: Tun Forlag.<\/em><\/div>\n<\/div>\n<div><\/div>\n<div>Brunstad, S. P. &amp; Roald, J. (2007). <em>Den gamle sunnm\u00f8rsjula.<\/em><\/div>\n<div>Vind Forlag.<\/div>\n<div>\n<div><\/div>\n<div>\n<div>Opplysningskontoret for br\u00f8d og korn.<\/div>\n<div>Hentet 26.nov:\u00a0<a href=\"http:\/\/brodogkorn.no\/fakta\/hva-er-opphavet-til-julekakene\/\">http:\/\/brodogkorn.no\/fakta\/hva-er-opphavet-til-julekakene\/<\/a><\/div>\n<\/div>\n<\/div>\n<\/div>\n<p>&nbsp;<\/p>\n<div>\n<p>&nbsp;<\/p>\n<\/div>\n","protected":false},"excerpt":{"rendered":"<p>&nbsp; Nest siste samlingen er vel overst\u00e5tt og vi n\u00e6rmer oss jul. Da er det tradisjonsbakst som st\u00e5r oss hjertet n\u00e6r. P\u00e5 skolekj\u00f8kkenet laget vi lefser, s\u00f8st, hardinger og flatbr\u00f8d. Vi fikk ogs\u00e5 l\u00e6re om kornets historie og opprinnelse.\u00a0Denne samlingen gledet jeg meg mye til. Har ikke bakt s\u00e5 mye p\u00e5 takke f\u00f8r s\u00e5 denne &hellip; <\/p>\n<p class=\"link-more\"><a href=\"https:\/\/blogg.hivolda.no\/stinebf\/2017\/11\/26\/takke-og-tradisjonsbakst\/\" class=\"more-link\">Fortsett \u00e5 lese<span class=\"screen-reader-text\"> \u00abTakke- og tradisjonsbakst\u00bb<\/span><\/a><\/p>\n","protected":false},"author":166,"featured_media":0,"comment_status":"open","ping_status":"open","sticky":false,"template":"","format":"standard","meta":{"footnotes":""},"categories":[1],"tags":[],"post_mailing_queue_ids":[],"_links":{"self":[{"href":"https:\/\/blogg.hivolda.no\/stinebf\/wp-json\/wp\/v2\/posts\/181"}],"collection":[{"href":"https:\/\/blogg.hivolda.no\/stinebf\/wp-json\/wp\/v2\/posts"}],"about":[{"href":"https:\/\/blogg.hivolda.no\/stinebf\/wp-json\/wp\/v2\/types\/post"}],"author":[{"embeddable":true,"href":"https:\/\/blogg.hivolda.no\/stinebf\/wp-json\/wp\/v2\/users\/166"}],"replies":[{"embeddable":true,"href":"https:\/\/blogg.hivolda.no\/stinebf\/wp-json\/wp\/v2\/comments?post=181"}],"version-history":[{"count":47,"href":"https:\/\/blogg.hivolda.no\/stinebf\/wp-json\/wp\/v2\/posts\/181\/revisions"}],"predecessor-version":[{"id":251,"href":"https:\/\/blogg.hivolda.no\/stinebf\/wp-json\/wp\/v2\/posts\/181\/revisions\/251"}],"wp:attachment":[{"href":"https:\/\/blogg.hivolda.no\/stinebf\/wp-json\/wp\/v2\/media?parent=181"}],"wp:term":[{"taxonomy":"category","embeddable":true,"href":"https:\/\/blogg.hivolda.no\/stinebf\/wp-json\/wp\/v2\/categories?post=181"},{"taxonomy":"post_tag","embeddable":true,"href":"https:\/\/blogg.hivolda.no\/stinebf\/wp-json\/wp\/v2\/tags?post=181"}],"curies":[{"name":"wp","href":"https:\/\/api.w.org\/{rel}","templated":true}]}}