{"id":150,"date":"2024-08-20T16:33:45","date_gmt":"2024-08-20T14:33:45","guid":{"rendered":"https:\/\/blogg.hivolda.no\/rektor\/?p=150"},"modified":"2024-08-20T16:33:45","modified_gmt":"2024-08-20T14:33:45","slug":"rektors-orientering-til-styret-7-mars-2024","status":"publish","type":"post","link":"https:\/\/blogg.hivolda.no\/rektor\/2024\/08\/20\/rektors-orientering-til-styret-7-mars-2024\/","title":{"rendered":"Rektors orientering til styret 7. mars 2024"},"content":{"rendered":"\n<p><strong>Doktorgrad i utdanning, spr\u00e5k og kultur<\/strong><\/p>\n\n\n\n<p>Det er ei glede \u00e5 melde til styret at doktorgrada i utdannings, spr\u00e5k og kultur no er akkreditert. NOKUT kommisjonen leverte ein sv\u00e6rt positiv rapport, der planane og fagmilj\u00f8et fekk mykje skryt. Vi er no sj\u00f8lvakkrediterande p\u00e5 til og med masterniv\u00e5 innan fagomr\u00e5da som som doktorgrada femner om. H\u00f8gskulen har s\u00f8kt Kunnskapsdepartementet om tillatelse til \u00e5 starte opp utdanninga. Styret vil s\u00e5 snart som r\u00e5d f\u00e5 ei ny sak om doktorgrada p\u00e5 bodret, det ein ser n\u00e6rmare p\u00e5 dei vidare planane, inkludert plan for oppstart, eit blikk p\u00e5 \u00f8konomien og kva fordelar det er med \u00e5 f\u00e5 i gang ei slik doktorgrad p\u00e5 H\u00f8gskulen.<\/p>\n\n\n\n<figure class=\"wp-block-image size-large\"><a href=\"https:\/\/blogg.hivolda.no\/rektor\/wp-content\/uploads\/sites\/222\/2024\/08\/Kakefest-phd.jpg\"><img loading=\"lazy\" decoding=\"async\" width=\"1024\" height=\"419\" src=\"https:\/\/blogg.hivolda.no\/rektor\/wp-content\/uploads\/sites\/222\/2024\/08\/Kakefest-phd-1024x419.jpg\" alt=\"\" class=\"wp-image-151\" srcset=\"https:\/\/blogg.hivolda.no\/rektor\/wp-content\/uploads\/sites\/222\/2024\/08\/Kakefest-phd-1024x419.jpg 1024w, https:\/\/blogg.hivolda.no\/rektor\/wp-content\/uploads\/sites\/222\/2024\/08\/Kakefest-phd-300x123.jpg 300w, https:\/\/blogg.hivolda.no\/rektor\/wp-content\/uploads\/sites\/222\/2024\/08\/Kakefest-phd-768x314.jpg 768w, https:\/\/blogg.hivolda.no\/rektor\/wp-content\/uploads\/sites\/222\/2024\/08\/Kakefest-phd.jpg 1100w\" sizes=\"(max-width: 1024px) 100vw, 1024px\" \/><\/a><figcaption class=\"wp-element-caption\">Kakefest for ny doktorgrad. Foto: HVO \/ Steinarr Sommerset<\/figcaption><\/figure>\n\n\n\n<p><strong>Fokus p\u00e5 dagleg drift<\/strong><\/p>\n\n\n\n<p>Som de veit s\u00e5 er direkt\u00f8r Emblem sjukemeldt, og vi har f\u00e5tt inn ein fungerande direkt\u00f8r til \u00e5 ta unna dei l\u00f8pande oppg\u00e5vene. Mi oppleving er at dette fungerer godt samla sett, og at den daglege drifta p\u00e5 h\u00f8gskulen er sikra p\u00e5 ein god og trygg m\u00e5te.<\/p>\n\n\n\n<p><strong>Studiebarometeret 2023<\/strong><\/p>\n\n\n\n<p>I februar kom tala fr\u00e5 studiebarometeret. Studiebarometeret er ei nasjonal studentunders\u00f8king som NOKUT gjennomf\u00f8rer kvar haust, og det er andre- og femte-\u00e5rsstudentar som er respondentar. Dei overordna resultata ser det p\u00e5 figuren som de ser p\u00e5 skjermen no. Med eitt unntak er dette ei gruppering av fleire sp\u00f8rsm\u00e5l i unders\u00f8kinga, og vert gjerne kalla for hovudomr\u00e5de. Samanlikna med nasjonale tal s\u00e5 ligg HVO under p\u00e5 2 hovudomr\u00e5de, nemleg studentane sitt eige engasjement og korleis studentane opplever organiseringa av studieprogrammet. P\u00e5 to andre hovudomr\u00e5de, nemleg korleis studentane opplever tilbakemeldinga og rettleiinga og tilknytinga til arbeidslivet, ligg HVO over landssnittet. Og p\u00e5 tre omr\u00e5der, undervising, fagleg og sosialt milj\u00f8 og vurderingsformer ligg vi likt med landssnittet. N\u00e5r vi samanliknar med oss sj\u00f8lv for \u00e5ret f\u00f8r, s\u00e5 ser vi at det er ein tilbakegang p\u00e5 fem hovudomr\u00e5de og vi ligg stabilt p\u00e5 to. N\u00e5r vi ser p\u00e5 den nedste linja i diagrammet ser vi korleis studentane svarar p\u00e5 sp\u00f8rsm\u00e5let: \u00abEg er, alt i alt, n\u00f8gd med studieprogrammet eg g\u00e5r p\u00e5?\u00bb. Her ser vi at HVO har ein tilbakegang fr\u00e5 i fjor, og ligg p\u00e5 3,8. Landssnittet ligg p\u00e5 4,0. Dette er resultat HVO sj\u00f8lvsagt samla sett ikkje er n\u00f8gd med. Resultata fr\u00e5 studiebarometeret vert arbeida med i kvalitetsarbeidet, og har mellom anna vore diskutert p\u00e5 dekanm\u00f8tet, i ulike avdelingsm\u00f8ter og m\u00f8ter med studieprogramleiarane. Og resultata her vil vere med p\u00e5 \u00e5 danne eit av fleire grunnlag inn i emne og studieprogramevaluringane som igjen dannar grunnlag for studiekvalitetsrapporten.<\/p>\n\n\n\n<p>Sj\u00f8lv om dei overordna resultata ikkje er noko \u00e5 rope hurra for, s\u00e5 er det likevel mykje positivt \u00e5 spore n\u00e5r vi g\u00e5r djupare inn i tala, som til d\u00f8mes at s\u00e6rleg mediefaga gjer det s\u00e6rs godt i studiebarometeret, og det er det ogs\u00e5 andre utdanningar som til d\u00f8mes barnehagel\u00e6rarutdanningane og bachelor i design, kunst og handverk.<\/p>\n","protected":false},"excerpt":{"rendered":"<p>Doktorgrad i utdanning, spr\u00e5k og kultur Det er ei glede \u00e5 melde til styret at doktorgrada i utdannings, spr\u00e5k og kultur no er akkreditert. NOKUT kommisjonen leverte ein sv\u00e6rt positiv rapport, der planane og fagmilj\u00f8et fekk mykje skryt. Vi er no sj\u00f8lvakkrediterande p\u00e5 til og med masterniv\u00e5 innan fagomr\u00e5da som som doktorgrada femner om. H\u00f8gskulen &hellip; <a href=\"https:\/\/blogg.hivolda.no\/rektor\/2024\/08\/20\/rektors-orientering-til-styret-7-mars-2024\/\" class=\"more-link\">Fortsett \u00e5 lese <span class=\"screen-reader-text\">Rektors orientering til styret 7. mars 2024<\/span><\/a><\/p>\n","protected":false},"author":224,"featured_media":151,"comment_status":"closed","ping_status":"closed","sticky":false,"template":"","format":"aside","meta":{"footnotes":""},"categories":[26,4,16],"tags":[28,12,7,20],"post_mailing_queue_ids":[],"_links":{"self":[{"href":"https:\/\/blogg.hivolda.no\/rektor\/wp-json\/wp\/v2\/posts\/150"}],"collection":[{"href":"https:\/\/blogg.hivolda.no\/rektor\/wp-json\/wp\/v2\/posts"}],"about":[{"href":"https:\/\/blogg.hivolda.no\/rektor\/wp-json\/wp\/v2\/types\/post"}],"author":[{"embeddable":true,"href":"https:\/\/blogg.hivolda.no\/rektor\/wp-json\/wp\/v2\/users\/224"}],"replies":[{"embeddable":true,"href":"https:\/\/blogg.hivolda.no\/rektor\/wp-json\/wp\/v2\/comments?post=150"}],"version-history":[{"count":1,"href":"https:\/\/blogg.hivolda.no\/rektor\/wp-json\/wp\/v2\/posts\/150\/revisions"}],"predecessor-version":[{"id":152,"href":"https:\/\/blogg.hivolda.no\/rektor\/wp-json\/wp\/v2\/posts\/150\/revisions\/152"}],"wp:featuredmedia":[{"embeddable":true,"href":"https:\/\/blogg.hivolda.no\/rektor\/wp-json\/wp\/v2\/media\/151"}],"wp:attachment":[{"href":"https:\/\/blogg.hivolda.no\/rektor\/wp-json\/wp\/v2\/media?parent=150"}],"wp:term":[{"taxonomy":"category","embeddable":true,"href":"https:\/\/blogg.hivolda.no\/rektor\/wp-json\/wp\/v2\/categories?post=150"},{"taxonomy":"post_tag","embeddable":true,"href":"https:\/\/blogg.hivolda.no\/rektor\/wp-json\/wp\/v2\/tags?post=150"}],"curies":[{"name":"wp","href":"https:\/\/api.w.org\/{rel}","templated":true}]}}