{"id":102,"date":"2023-09-06T15:54:22","date_gmt":"2023-09-06T13:54:22","guid":{"rendered":"https:\/\/blogg.hivolda.no\/rektor\/?p=102"},"modified":"2023-09-06T15:54:22","modified_gmt":"2023-09-06T13:54:22","slug":"rektor-si-orientering-til-styret-7-9-2023","status":"publish","type":"post","link":"https:\/\/blogg.hivolda.no\/rektor\/2023\/09\/06\/rektor-si-orientering-til-styret-7-9-2023\/","title":{"rendered":"Rektor si orientering til styret 7.9.2023"},"content":{"rendered":"\n<p><strong>Studiestart<\/strong><\/p>\n\n\n\n<figure class=\"wp-block-image size-large\"><a href=\"https:\/\/blogg.hivolda.no\/rektor\/wp-content\/uploads\/sites\/222\/2023\/08\/HVO_Studiestart2023_Foto_LeneMoFlataker-7.jpg\"><img loading=\"lazy\" decoding=\"async\" width=\"1024\" height=\"683\" src=\"https:\/\/blogg.hivolda.no\/rektor\/wp-content\/uploads\/sites\/222\/2023\/08\/HVO_Studiestart2023_Foto_LeneMoFlataker-7-1024x683.jpg\" alt=\"\" class=\"wp-image-94\" srcset=\"https:\/\/blogg.hivolda.no\/rektor\/wp-content\/uploads\/sites\/222\/2023\/08\/HVO_Studiestart2023_Foto_LeneMoFlataker-7-1024x683.jpg 1024w, https:\/\/blogg.hivolda.no\/rektor\/wp-content\/uploads\/sites\/222\/2023\/08\/HVO_Studiestart2023_Foto_LeneMoFlataker-7-300x200.jpg 300w, https:\/\/blogg.hivolda.no\/rektor\/wp-content\/uploads\/sites\/222\/2023\/08\/HVO_Studiestart2023_Foto_LeneMoFlataker-7-768x512.jpg 768w, https:\/\/blogg.hivolda.no\/rektor\/wp-content\/uploads\/sites\/222\/2023\/08\/HVO_Studiestart2023_Foto_LeneMoFlataker-7-1536x1024.jpg 1536w, https:\/\/blogg.hivolda.no\/rektor\/wp-content\/uploads\/sites\/222\/2023\/08\/HVO_Studiestart2023_Foto_LeneMoFlataker-7.jpg 2048w\" sizes=\"(max-width: 1024px) 100vw, 1024px\" \/><\/a><\/figure>\n\n\n\n<p>15. august var det igjen tid for studiestart, og mange studentar tok vegen til Volda. Eg skal ikkje g\u00e5 inn p\u00e5 s\u00f8kjartal og m\u00f8tte studentar no, det kjem i ei eiga sak seinare. Men eg vil vere tydeleg p\u00e5 at det er fleire utdanningar vi gjerne skulle sett eit vesentleg h\u00f8gare s\u00f8kjartal p\u00e5, samtidig som det ogs\u00e5 er utdanningar som har sv\u00e6rt gode s\u00f8kjartal. Men gjennomf\u00f8ringa av studiestart har g\u00e5tt bra, og mange nye studentar er komt til Volda eller starta p\u00e5 ei nett- eller samlingsbasert utdanning. Nytt av \u00e5ret er at studentsamskipnaden i Volda hadde hybelgaranti for alle studentar som s\u00f8kte om hybel hj\u00e5 dei f\u00f8r 1. mai. Vidare hadde dei ogs\u00e5 ledige hyblar heilt fram til studiestart. \u00a0Studiestart er eit stort prosjekt som omfattar mange tilsette og studentar. Og planlegginga byrjar av neste \u00e5rs studiestart byrjar no med ei evaluering av \u00e5rets studiestart. Eg vil, p\u00e5 vegne av styret, takke alle som har lagt ned ein stor innsats i \u00e5 \u00f8nske nye og gamle studentar velkomne til Volda. S\u00e6rleg vil eg takke faddervekestyret, som har lagt ned ein stor innsats i \u00e5 arrangere ei vellukka fadderveke.<\/p>\n\n\n\n<p><strong>Akkrediteringsprosess doktorgrad i Utdanning, spr\u00e5k og kultur<\/strong><br \/>H\u00f8gskulen i Volda er sj\u00f8lvakkrediterande p\u00e5 bachelorgrader, men n\u00e5r det gjeld mastergrader og doktorgrader m\u00e5 H\u00f8gskulen s\u00f8ke NOKUT om akkreditering. H\u00f8gskulen har s\u00f8kt om akkreditering av ei doktorgrad med tittelen \u00abUtdanning, spr\u00e5k og kultur\u00bb. Kommisjonen har i v\u00e5rsemesteret arbeida seg gjennom dei innsendte papira, og var 28. og 29. august p\u00e5 bes\u00f8k p\u00e5 H\u00f8gskulen. Her m\u00f8tte dei over 60 personar, alt fr\u00e5 masterstudentar, doktorgradsstudentar, fagtilsette, administrativt tilsette, eksterne samarbeidspartar til leiinga. Ei slik doktorgrad er eit viktig l\u00f8ft for H\u00f8gskulen, og kjem i tillegg til doktorgrada \u00abHelse- og sosialfag. Profesjonsut\u00f8ving &#8211; vilk\u00e5r og utvikling\u00bb som vi har saman med H\u00f8gskulen i Molde. Doktorgrada i \u00abUtdanning, spr\u00e5k og kultur\u00bb er forankra i strategiplanen, og styret gjorde vedtak i oktober i fjor om \u00e5 sende inn s\u00f8knaden. Doktorgrada er planlagt som ei fleirfagleg forskarutdanning i m\u00f8tet mellom disiplinar og profesjonar p\u00e5 H\u00f8gskulen, der kjerna i programmet er i m\u00f8tet mellom utdanning, spr\u00e5k og tekst, skriftkultur og ulike kulturm\u00f8te, og det har eit s\u00e6rleg fokus p\u00e5 fagdidaktiske og andre tiln\u00e6rmingar som g\u00e5r p\u00e5 tvers av disiplinar og profesjonar ved HVO. Denne doktorgrada vil vere eit viktig l\u00f8ft for h\u00f8gskulen b\u00e5de innan utdanning og forsking. M\u00f8tet med kommisjonen bar preg av gode diskusjonar knytt til doktorgrada og H\u00f8gskulen. Kommisjonen var s\u00e6rleg opptekne av kva som var kjerna i programmet, og kva fagomr\u00e5de\/vitskapleg omr\u00e5de denne doktorgrada h\u00f8yrer til. Vi venter ein f\u00f8rebels rapport fr\u00e5 NOKUT i l\u00f8pet av oktober, som vi kan kommentere og svare p\u00e5, og endeleg avgjerd i NOKUT sitt styre i desember. Ein kan lese meir om bes\u00f8ket <a href=\"https:\/\/www.hivolda.no\/forsking-og-utvikling\/blir-det-ny-doktorgrad-volda\">her<\/a>.<\/p>\n\n\n\n<p><strong>Akkrediteringsprosess av master i natur, kultur og sosial berekraft<br \/><\/strong>H\u00f8gskulen har s\u00f8kt om akkreditering av ei mastergrad p\u00e5 Avdeling for kulturfag med tittelen Natur, kultur og sosial berekraft. Rett f\u00f8r sommaren fekk HVO tilsendt forel\u00f8pig rapport fr\u00e5 kommisjonen som vurderer s\u00f8knaden med ein del sp\u00f8rsm\u00e5l og avklaringar. Rapporten var tydeleg p\u00e5 at der var ein del som m\u00e5tte avklarast f\u00f8r vi eventuelt ville f\u00e5 masteren godkjent, mellom anna samanhengen mellom namn og innhald i studiet. Avdelinga har arbeida godt gjennom sommaren med \u00e5 gjere justeringar i s\u00f8knaden, svare ut dei sp\u00f8rsm\u00e5la som var uavklart og har ogs\u00e5 endra namnet p\u00e5 mastergrada, til natur, kultur og sosial berekraft for \u00e5 tydeleggjere samanhengen i studiet. H\u00f8gskulen sende svar p\u00e5 rapporten innan fristen den 18. august. Vi ventar endeleg rapport i slutten av september og formelt avgjerd fr\u00e5 NOKUT kort tid etter. \u00a0<\/p>\n\n\n\n<p><strong>Framdrift ombygging\/renovering av Hans Str\u00f8m-huset<\/strong><\/p>\n\n\n\n<figure class=\"wp-block-image size-large\"><a href=\"https:\/\/blogg.hivolda.no\/rektor\/wp-content\/uploads\/sites\/222\/2023\/06\/IMG_4509-scaled.jpg\"><img loading=\"lazy\" decoding=\"async\" width=\"1024\" height=\"768\" src=\"https:\/\/blogg.hivolda.no\/rektor\/wp-content\/uploads\/sites\/222\/2023\/06\/IMG_4509-1024x768.jpg\" alt=\"\" class=\"wp-image-71\" srcset=\"https:\/\/blogg.hivolda.no\/rektor\/wp-content\/uploads\/sites\/222\/2023\/06\/IMG_4509-1024x768.jpg 1024w, https:\/\/blogg.hivolda.no\/rektor\/wp-content\/uploads\/sites\/222\/2023\/06\/IMG_4509-300x225.jpg 300w, https:\/\/blogg.hivolda.no\/rektor\/wp-content\/uploads\/sites\/222\/2023\/06\/IMG_4509-768x576.jpg 768w, https:\/\/blogg.hivolda.no\/rektor\/wp-content\/uploads\/sites\/222\/2023\/06\/IMG_4509-1536x1152.jpg 1536w, https:\/\/blogg.hivolda.no\/rektor\/wp-content\/uploads\/sites\/222\/2023\/06\/IMG_4509-2048x1536.jpg 2048w\" sizes=\"(max-width: 1024px) 100vw, 1024px\" \/><\/a><figcaption class=\"wp-element-caption\">Hans Str\u00f8m-huset under oppussing.<\/figcaption><\/figure>\n\n\n\n<p>H\u00f8gskulen pussar opp Hans Str\u00f8m-huset i samarbeid med Statsbygg. Statsbygg pussar opp ein del naudsynt infrastruktur og fasade, medan H\u00f8gskulen oppgraderer undervisings- og kontorlokaler. Oppussinga er omtrent i rute, og dato for overlevering til H\u00f8gskulen er 1. november no i haust. Deretter vert det ein periode med montering av m\u00f8blar og IT utstyr samtidig som Statsbygg ferdigstiller rehabiliteringa av betongfasada i l\u00f8pet av november. Tilsette skal etter planen vere innflytta i nye kontor f\u00f8r \u00e5rsskiftet og vi kan ta i bruk undervisingsroma fr\u00e5 1. januar 2024. H\u00f8gskulen har f\u00e5tt ei prisauke p\u00e5 6,6 % ut fr\u00e5 opprinneleg budsjett og ramme p\u00e5 prosjektet. Prosjektet er eit stort l\u00f8ft med oppussa og framtidsretta undervisings-, student- og tilsettareal.<\/p>\n\n\n\n<p><strong>Aasenkvartalet<\/strong> <strong>\u2013<\/strong> <strong>Norsk<\/strong> <strong>innovasjonssenter<\/strong><\/p>\n\n\n\n<figure class=\"wp-block-image size-large\"><a href=\"https:\/\/blogg.hivolda.no\/rektor\/wp-content\/uploads\/sites\/222\/2023\/09\/image.png\"><img loading=\"lazy\" decoding=\"async\" width=\"1024\" height=\"576\" src=\"https:\/\/blogg.hivolda.no\/rektor\/wp-content\/uploads\/sites\/222\/2023\/09\/image-1024x576.png\" alt=\"\" class=\"wp-image-104\" srcset=\"https:\/\/blogg.hivolda.no\/rektor\/wp-content\/uploads\/sites\/222\/2023\/09\/image-1024x576.png 1024w, https:\/\/blogg.hivolda.no\/rektor\/wp-content\/uploads\/sites\/222\/2023\/09\/image-300x169.png 300w, https:\/\/blogg.hivolda.no\/rektor\/wp-content\/uploads\/sites\/222\/2023\/09\/image-768x432.png 768w, https:\/\/blogg.hivolda.no\/rektor\/wp-content\/uploads\/sites\/222\/2023\/09\/image.png 1200w\" sizes=\"(max-width: 1024px) 100vw, 1024px\" \/><\/a><figcaption class=\"wp-element-caption\">Illustrasjon: Ratio arkitekter<\/figcaption><\/figure>\n\n\n\n<p>Det skjer mykje p\u00e5 h\u00f8gskuleomr\u00e5det. Det er mange som investerer i omr\u00e5det rundt oss. Volda kommune har bygd b\u00e5de ny barneskule og ny ungdomsskule som begge er n\u00e6rmaste naboar til H\u00f8gskulen. I tillegg har det kome opp ein heilt ny innend\u00f8rs handball\/idrettsarena (Volda Campus Sparebank 1 Arena), h\u00f8gskulen sj\u00f8lv har sett opp Sivert Aarflot-huset som vi no sit i, sjukehuset utvidar, og Volda kommune bygger no nytt symjeanlegg. Eit anna stort prosjekt er Aasen-kvartalet med planar om tre byggetrinn som i sv\u00e6rt stor grad vil utvikle omr\u00e5det her. Volda Utvikling, som er det selskapet som st\u00e5r for utbygginga, har sikra seg avtale om investering med Sisa invest AS for byggjetrinn 1. Bak Sisa Invest AS st\u00e5r Bj\u00f8rn D\u00e6hlie. Fyrste byggetrinn er der Ivar Aasen-huset, som HVO leiger fram til oppussinga p\u00e5 Hans Str\u00f8m-huset er ferdig, no st\u00e5r. Dette skal rivast og det skal f\u00f8rast opp eit nytt bygg som mellom anna skal huse Norsk innovasjonssenter og skal romme samhandling og tverrfagleg innovasjon til nytte for n\u00e6ringsliv, kommunar, helsef\u00f8retak, studentar og fagmilj\u00f8.<\/p>\n\n\n\n<p><strong>Vernepleie-\/sjukepleieutdanning H\u00f8gskulen i Volda?<\/strong><br \/>I h\u00f8gskulen sitt innspel til statsbudsjett for 2024 bad styret om og sette sj\u00f8lv av midlar i budsjettet for 2023 til \u00e5 greie ut om H\u00f8gskulen b\u00f8r vurdere \u00e5 starte vernepleiarutdanning og sjukepleiarutdanning i Volda og eventuell planlegging av dette.\u00a0Utgreiingsarbeidet er i gang og vert leia av tidlegare dekan Randi Bergem. Det har vore gjennomf\u00f8rt fleire m\u00f8te med sjukehuset i Volda, leiarar av den kommunale helsesektoren og andre akt\u00f8rar, ogs\u00e5 politiske, i samband med utgreiinga og ogs\u00e5 mellom anna for \u00e5 kartlegge grunnlaget for praksisplassar. H\u00f8gskulestyret f\u00e5r dette opp igjen som sak ved fleire h\u00f8ve, og i fyrste runde til vurdering i oktoberm\u00f8tet, n\u00e5r styret skal lande kva vi skal spele inn som framlegg til statsbudsjettet 2025, der det vil vere naturleg \u00e5 vurdere \u00e5 be om studieplassar til vernepleie\/sjukepleie.\u00a0<\/p>\n\n\n\n<p>Det er viktig \u00e5 ha desentraliserte utdanningar som kan vere tilbod til dei som elles ikkje ville tatt utdanning. For mange, m.a. familiefolk og andre som er etablerte p\u00e5 ein stad av andre grunna, er det uaktuelt \u00e5 pendle langt eller flytte for \u00e5 ta utdanning. Det sit truleg langt inne for person etablert p\u00e5 Grod\u00e5s \u00e5 flytte eller pendlar til \u00c5lesund eller Molde for \u00e5 ta utdanning, men vil kanskje ta utdanninga viss ho er i Volda. Desse gruppene m\u00e5 vi n\u00e5 tak i for \u00e5 sikre rekruttering til og kompetanse i helse- og omsorgstenester i regionen. Nettopp det er eit sv\u00e6rt viktig f\u00f8rem\u00e5l med sjukepleiarutdanning og vernepleiarutdanning ved HVO. Det vil ogs\u00e5 bidra til \u00e5 styrke HVO, Volda sjukehus og anna verksemd i regionen. Vi m\u00e5 starte dialogen med Nordfjord.<\/p>\n","protected":false},"excerpt":{"rendered":"<p>Studiestart 15. august var det igjen tid for studiestart, og mange studentar tok vegen til Volda. Eg skal ikkje g\u00e5 inn p\u00e5 s\u00f8kjartal og m\u00f8tte studentar no, det kjem i ei eiga sak seinare. Men eg vil vere tydeleg p\u00e5 at det er fleire utdanningar vi gjerne skulle sett eit vesentleg h\u00f8gare s\u00f8kjartal p\u00e5, samtidig &hellip; <a href=\"https:\/\/blogg.hivolda.no\/rektor\/2023\/09\/06\/rektor-si-orientering-til-styret-7-9-2023\/\" class=\"more-link\">Fortsett \u00e5 lese <span class=\"screen-reader-text\">Rektor si orientering til styret 7.9.2023<\/span><\/a><\/p>\n","protected":false},"author":224,"featured_media":0,"comment_status":"closed","ping_status":"closed","sticky":false,"template":"","format":"aside","meta":{"footnotes":""},"categories":[1],"tags":[],"post_mailing_queue_ids":[],"_links":{"self":[{"href":"https:\/\/blogg.hivolda.no\/rektor\/wp-json\/wp\/v2\/posts\/102"}],"collection":[{"href":"https:\/\/blogg.hivolda.no\/rektor\/wp-json\/wp\/v2\/posts"}],"about":[{"href":"https:\/\/blogg.hivolda.no\/rektor\/wp-json\/wp\/v2\/types\/post"}],"author":[{"embeddable":true,"href":"https:\/\/blogg.hivolda.no\/rektor\/wp-json\/wp\/v2\/users\/224"}],"replies":[{"embeddable":true,"href":"https:\/\/blogg.hivolda.no\/rektor\/wp-json\/wp\/v2\/comments?post=102"}],"version-history":[{"count":3,"href":"https:\/\/blogg.hivolda.no\/rektor\/wp-json\/wp\/v2\/posts\/102\/revisions"}],"predecessor-version":[{"id":106,"href":"https:\/\/blogg.hivolda.no\/rektor\/wp-json\/wp\/v2\/posts\/102\/revisions\/106"}],"wp:attachment":[{"href":"https:\/\/blogg.hivolda.no\/rektor\/wp-json\/wp\/v2\/media?parent=102"}],"wp:term":[{"taxonomy":"category","embeddable":true,"href":"https:\/\/blogg.hivolda.no\/rektor\/wp-json\/wp\/v2\/categories?post=102"},{"taxonomy":"post_tag","embeddable":true,"href":"https:\/\/blogg.hivolda.no\/rektor\/wp-json\/wp\/v2\/tags?post=102"}],"curies":[{"name":"wp","href":"https:\/\/api.w.org\/{rel}","templated":true}]}}