{"id":103,"date":"2017-11-04T11:25:32","date_gmt":"2017-11-04T10:25:32","guid":{"rendered":"https:\/\/blogg.hivolda.no\/maleneni\/?p=103"},"modified":"2017-11-04T16:50:41","modified_gmt":"2017-11-04T15:50:41","slug":"fra-jord-til-bord-konservering-av-kjot","status":"publish","type":"post","link":"https:\/\/blogg.hivolda.no\/maleneni\/2017\/11\/04\/fra-jord-til-bord-konservering-av-kjot\/","title":{"rendered":"Fra jord til Bord &#8211; konservering av kj\u00f8t"},"content":{"rendered":"<p>No er tredje samling gjennomf\u00f8rt, og eg sit att med mange inntrykk som har gjort meg meir bevisst p\u00e5 eige matforbuk. Eg har f\u00e5tt erfare slakteprosessen av lam p\u00e5 n\u00e6rt hald, og sett korleis ferdigbehandla kj\u00f8tvarer som kundar flest tek for gitt i daglegvarehandelen har g\u00e5tt fr\u00e5 jord til bord.<\/p>\n<figure id=\"attachment_107\" aria-describedby=\"caption-attachment-107\" style=\"width: 660px\" class=\"wp-caption alignnone\"><img loading=\"lazy\" decoding=\"async\" class=\"size-large wp-image-107\" src=\"https:\/\/blogg.hivolda.no\/maleneni\/wp-content\/uploads\/sites\/163\/2017\/11\/BeFunky-Collage-2-1024x511.jpg\" alt=\"\" width=\"660\" height=\"329\" srcset=\"https:\/\/blogg.hivolda.no\/maleneni\/wp-content\/uploads\/sites\/163\/2017\/11\/BeFunky-Collage-2-1024x511.jpg 1024w, https:\/\/blogg.hivolda.no\/maleneni\/wp-content\/uploads\/sites\/163\/2017\/11\/BeFunky-Collage-2-300x150.jpg 300w, https:\/\/blogg.hivolda.no\/maleneni\/wp-content\/uploads\/sites\/163\/2017\/11\/BeFunky-Collage-2-768x383.jpg 768w\" sizes=\"(max-width: 660px) 100vw, 660px\" \/><figcaption id=\"caption-attachment-107\" class=\"wp-caption-text\">Ferskt slakt og spekem\u00e5r heng til t\u00f8rk p\u00e5 Nilsgarden i Barstadvik. Begge bileta er l\u00e5nt fr\u00e5 Perdis Dankertsen.<\/figcaption><\/figure>\n<p>27. oktober hadde vi samling i Barstadvik p\u00e5 garden til Eli og Nils Romestrand. Det var her slakteprosessen og partering av lam gjekk f\u00f8re seg. N\u00e5r dette var overst\u00e5tt forflytta vi oss til grendahuset i Barstadvik, der vi fekk sj\u00e5 \u00e5 l\u00e6re korleis ein blant anna lagar morp\u00f8lse av f\u00e5rekj\u00f8t, \u00a0f\u00f8r vi fekk smake p\u00e5 smalahove og blodpannekaker. Ein innhaldsrik og smaksrik dag med andre ord.<\/p>\n<p>Slakteprosessen gjorde verkeleg inntrykk p\u00e5 meg, d\u00e5 eg tidlegare ikkje har tenkt s\u00e5 mykje over kvar det er maten eg et kjem fr\u00e5. Det har liksom vore ei sj\u00f8lvf\u00f8lgje at det eg har hatt trengt kan kj\u00f8past p\u00e5 butikken. Difor var det sterkt \u00e5 sj\u00e5 liv og d\u00f8d p\u00e5 n\u00e6rt hald. Samstundes var det ei fin tr\u00f8st at dei flotte menneska som gjennomf\u00f8rte slaktinga verkeleg viste respekt og omsorg for dyra, slik at slaktinga gjekk f\u00f8re seg p\u00e5 ein s\u00e5 human m\u00e5te som mogleg.<\/p>\n<figure id=\"attachment_108\" aria-describedby=\"caption-attachment-108\" style=\"width: 660px\" class=\"wp-caption alignnone\"><img loading=\"lazy\" decoding=\"async\" class=\"size-large wp-image-108\" src=\"https:\/\/blogg.hivolda.no\/maleneni\/wp-content\/uploads\/sites\/163\/2017\/11\/IMG_3224-1024x768.jpg\" alt=\"\" width=\"660\" height=\"495\" srcset=\"https:\/\/blogg.hivolda.no\/maleneni\/wp-content\/uploads\/sites\/163\/2017\/11\/IMG_3224-1024x768.jpg 1024w, https:\/\/blogg.hivolda.no\/maleneni\/wp-content\/uploads\/sites\/163\/2017\/11\/IMG_3224-300x225.jpg 300w, https:\/\/blogg.hivolda.no\/maleneni\/wp-content\/uploads\/sites\/163\/2017\/11\/IMG_3224-768x576.jpg 768w\" sizes=\"(max-width: 660px) 100vw, 660px\" \/><figcaption id=\"caption-attachment-108\" class=\"wp-caption-text\">Hjelpar lengst til venstre og Nils Romestrand til h\u00f8gre sekund f\u00f8r lammet blir slakta. Foto: Malene Hoel Nilsen.<\/figcaption><\/figure>\n<p>Denne erfaringa har f\u00e5tt meg og til \u00e5 reflektere over tidene som har vore, og at matvarer vi treng for \u00e5 livn\u00e6re oss ikkje alltid har vore like tilgjengelege. Slakting av dyr har jo tross alt vore heilt naudsynt for at vi menneska har klart oss. I dagens samfunn er matproduksjon blitt industrialisert, og ting er langt fr\u00e5 slik dei ein gong var. Vi er s\u00e5 heldige \u00e5 ha overflod av det meste vi treng av mat, noko som og medf\u00f8rer at dei f\u00e6rraste av oss har opplevd \u00e5 vere med p\u00e5 slakting. Difor tykkjer eg at alle som har moglegheit\u00a0b\u00f8r oppleve \u00e5 ta del i ein slik prosess, d\u00e5 ein i st\u00f8rre grad forst\u00e5r kva for handverk og bearbeiding som ligg bak kj\u00f8tet vi blant anna f\u00e5r kj\u00f8pt i butikken.<\/p>\n<p><strong>Konservering av kj\u00f8t &#8211; t\u00f8rking og speking<\/strong><br \/>\n<em>T\u00f8rking\u00a0<\/em>er ein metode som i f\u00f8lgje Astrid Riddervold og Per Berg (2004, s.31) blir nytta for \u00e5 fjerne fuktigheit fr\u00e5 eit matr\u00e5stoff, i mitt tilfelle farse av okse, storfe og svin. N\u00e5r vassaktiviteten i stor grad blir fjerna fr\u00e5 matr\u00e5stoffet, f\u00e5r ikkje lenger matvareforgiftande, infeksjonsframkallande og matvarendebrytande mikroorganismar vekse. Vidare nemner Riddervold og Berg at ytre faktorar som temperatur, luftfuktigheit og lufthastigheit har ei viktig betydning i h\u00f8ve t\u00f8rkeprosessen. Norske forhold er sv\u00e6rt gunstige, d\u00e5 vi har eit kj\u00f8leg klima som gjev gode vilk\u00e5r t\u00f8rking av til d\u00f8mes kj\u00f8t. \u00a0(Riddervold &amp; Berg, 2004, s.31-32). Sj\u00f8lv har eg tenkt \u00e5 benytte meg av eit m\u00f8rkt lufterom med god gjennomstr\u00f8yming for \u00e5 f\u00e5 fart p\u00e5 konserveringsprosessen, samt for \u00e5 unng\u00e5 harskning av spekem\u00e5ren.<\/p>\n<figure id=\"attachment_125\" aria-describedby=\"caption-attachment-125\" style=\"width: 660px\" class=\"wp-caption alignnone\"><img loading=\"lazy\" decoding=\"async\" class=\"size-large wp-image-125\" src=\"https:\/\/blogg.hivolda.no\/maleneni\/wp-content\/uploads\/sites\/163\/2017\/11\/Lufteloft-og-spekem\u00e5r-1024x397.jpg\" alt=\"\" width=\"660\" height=\"256\" srcset=\"https:\/\/blogg.hivolda.no\/maleneni\/wp-content\/uploads\/sites\/163\/2017\/11\/Lufteloft-og-spekem\u00e5r-1024x397.jpg 1024w, https:\/\/blogg.hivolda.no\/maleneni\/wp-content\/uploads\/sites\/163\/2017\/11\/Lufteloft-og-spekem\u00e5r-300x116.jpg 300w, https:\/\/blogg.hivolda.no\/maleneni\/wp-content\/uploads\/sites\/163\/2017\/11\/Lufteloft-og-spekem\u00e5r-768x297.jpg 768w\" sizes=\"(max-width: 660px) 100vw, 660px\" \/><figcaption id=\"caption-attachment-125\" class=\"wp-caption-text\">Lufteloftet til oldemor til venstre &#8211; ferdiglaga spekem\u00e5r som skal hengje til t\u00f8rk til h\u00f8gre. Foto: Malene Hoel Nilsen<\/figcaption><\/figure>\n<p>N\u00e5r ein nyttar t\u00f8rking som konserveringsmetode, m\u00e5 ein tenkje over faren for at det oppst\u00e5r mugg p\u00e5 produktet. Riddervold og Berg p\u00e5peiker at mugg kan vekse ved l\u00e5ge temperaturar og ved l\u00e5g vassaktivitet (Riddervold &amp; Berg, 2004, s.32). Det blir difor naudsynt \u00e5 f\u00f8lgje med p\u00e5 konserveringsprosessen undervegs.<\/p>\n<p><em>Speking<\/em> oppst\u00e5r grunna enzymaktiviteten som g\u00e5r f\u00f8re seg i h\u00f8ve konserveringsprosessen av matr\u00e5stoffet (Riddervold &amp; Berg, 2004, s.32). Dette gjer at produktet f\u00e5r ei lukt og ein smak som er s\u00e6reigen. Denne smaken oppst\u00e5r under spekeprosessen, og det er hydrolysa i enzyma i konserveringsproduktet som gjer at vi klarer \u00e5 tyggje, ford\u00f8ye og absorbere spekekj\u00f8tet (Riddervold og Berg, 2004, s.50).<\/p>\n<p><strong>Spekem\u00e5r &#8211; fr\u00e5 farse til p\u00f8lse<br \/>\n<\/strong>Etter den praktiske samlinga hj\u00e5 Eli og Nils, har vi studentane f\u00e5tt i oppg\u00e5ve \u00e5 lage eit konservert produkt av kj\u00f8t. Sj\u00f8lv har eg bestemt meg for \u00e5 lage spekem\u00e5r, \u00a0som skal hengast til t\u00f8rk fram til produktkorga skal presenterast i desember. Eg har kj\u00f8pt farseblanding av storfe, okse og svin hos den lokale slaktaren i Ulsteinvik, og eg har valt \u00e5 pr\u00f8ve ut to krydderblandingar. Den eine er oppskrifta til Eli Romestrand, og den andre er familieoppskrifta som har blitt til etter mange fors\u00f8k med pr\u00f8ving og smaking av ulike krydder.<br \/>\n<span style=\"text-decoration: underline\">*Eg nytta dobbel oppskrift hj\u00e5 dei ulike krydderblandingane<\/span><\/p>\n<p style=\"text-align: left\"><em>Oppskrift fr\u00e5 Eli Romestrand: \u00a0 \u00a0 \u00a0 \u00a0 \u00a0 \u00a0 Familieoppskrift:<br \/>\n<\/em>1 kg. m\u00e5rdeig ferdig mala. \u00a0 \u00a0 \u00a0 \u00a0 \u00a0 \u00a0 \u00a0 \u00a0 \u00a0 1. kg m\u00e5rdeig ferdig mala<br \/>\n3 ts. salt \u00a0 \u00a0 \u00a0 \u00a0 \u00a0 \u00a0 \u00a0 \u00a0 \u00a0 \u00a0 \u00a0 \u00a0 \u00a0 \u00a0 \u00a0 \u00a0 \u00a0 \u00a0 \u00a0 \u00a0 \u00a0 \u00a0 \u00a0 \u00a0 \u00a0 \u00a02 ts. salt<br \/>\n1 ts. kvit pepar \u00a0 \u00a0 \u00a0 \u00a0 \u00a0 \u00a0 \u00a0 \u00a0 \u00a0 \u00a0 \u00a0 \u00a0 \u00a0 \u00a0 \u00a0 \u00a0 \u00a0 \u00a0 \u00a0 1,5 ts. kvit pepar<br \/>\nLitt alleh\u00e5nde \u00a0 \u00a0 \u00a0 \u00a0 \u00a0 \u00a0 \u00a0 \u00a0 \u00a0 \u00a0 \u00a0 \u00a0 \u00a0 \u00a0 \u00a0 \u00a0 \u00a0 \u00a0 \u00a0 \u00a0 1,5 ts. ingef\u00e6r og 1,5 ts. nellik<\/p>\n<figure id=\"attachment_120\" aria-describedby=\"caption-attachment-120\" style=\"width: 660px\" class=\"wp-caption alignnone\"><img loading=\"lazy\" decoding=\"async\" class=\"wp-image-120 size-large\" src=\"https:\/\/blogg.hivolda.no\/maleneni\/wp-content\/uploads\/sites\/163\/2017\/11\/KRYDDERKOMBO-1024x397.jpg\" alt=\"\" width=\"660\" height=\"256\" srcset=\"https:\/\/blogg.hivolda.no\/maleneni\/wp-content\/uploads\/sites\/163\/2017\/11\/KRYDDERKOMBO-1024x397.jpg 1024w, https:\/\/blogg.hivolda.no\/maleneni\/wp-content\/uploads\/sites\/163\/2017\/11\/KRYDDERKOMBO-300x116.jpg 300w, https:\/\/blogg.hivolda.no\/maleneni\/wp-content\/uploads\/sites\/163\/2017\/11\/KRYDDERKOMBO-768x297.jpg 768w\" sizes=\"(max-width: 660px) 100vw, 660px\" \/><figcaption id=\"caption-attachment-120\" class=\"wp-caption-text\">Til venstre &#8211; Eli Romestrand si oppskrift som inneheld kryddera salt, pepar og alleh\u00e5nde. Til h\u00f8gre &#8211; familieoppskrifta som best\u00e5r av salt, pepar, nellik og ingef\u00e6r. Foto: Malene Hoel Nilsen<\/figcaption><\/figure>\n<p><strong>Framgangsm\u00e5te<br \/>\n<\/strong>Det fyrste eg gjorde var \u00e5 legge tarmane i vassbad. Tarmane eg nytta var p\u00e5 f\u00f8rehand frosne, d\u00e5 eg fekk dei ferske p\u00e5 slaktekurset og ikkje skulle nytte dei med ein gong. I tina tilstand skylte eg gjennom dei ein ekstra gong. Sidan eg fekk kj\u00f8tet ferdig kverna hos slaktaren, kunne eg raskt byrje \u00e5 krydre farsen med de9 ulike krydderblandingane. Eg lot farsen st\u00e5 i romtemperatur nokre timar f\u00f8r eg byrja \u00e5 lage spekem\u00e5r.<\/p>\n<p>Sj\u00f8lve prosessen gjekk greitt f\u00f8re seg, men det l\u00f8nnar seg og vere to! Eg var heldig \u00e5 f\u00e5 dele denne erfaringa med mormor, og dette var ei ny erfaring for oss begge. Eg bestemte meg for \u00e5 klippe opp tarmen i mindre stykker for \u00e5 f\u00e5 passelege mengder med kj\u00f8t i kvar p\u00f8lse. N\u00e5r dette var gjort knytte eg hyssing i enden p\u00e5 ei lengde tarm, f\u00f8r eg tredde han p\u00e5 kj\u00f8kkenmaskina. N\u00e5r dette var gjord byrja eg \u00e5 mate kverna med kj\u00f8t, og f\u00f8r eg viste ordet av det kom det kj\u00f8t ut fr\u00e5 kverntappen.<br \/>\n<em><span style=\"text-decoration: underline\">Nedom har eg laga ein film som raskt demonstrerer korleis ein lagar spekem\u00e5r.<\/span><\/em><\/p>\n<p><iframe loading=\"lazy\" title=\"SPEKEMA\u030aR - AV MALENE HOEL NILSEN\" width=\"660\" height=\"371\" src=\"https:\/\/www.youtube.com\/embed\/BLYbcjNwSc0?feature=oembed\" frameborder=\"0\" allow=\"accelerometer; autoplay; clipboard-write; encrypted-media; gyroscope; picture-in-picture; web-share\" referrerpolicy=\"strict-origin-when-cross-origin\" allowfullscreen><\/iframe><\/p>\n<p>Spesielt i starten av kverninga opplevde eg at det kom luft inn i tarmen, d\u00e5 stakk eg nokre sm\u00e5 h\u00e5l i han for \u00e5 la lufta sleppe unna. Utanom dette kverna eg til eg hadde 3-5cm tarm att. Denne forma eg fint f\u00f8r eg knytte han saman heilt inntil kj\u00f8ttmassen. S\u00e5 gjentok eg prosessen. Eg endte d\u00e5 opp med to p\u00f8lser som var laga med Eli Romestrand si oppskrift p\u00e5 spekem\u00e5r, og to p\u00f8lser som var laga med familieoppskrifta.<\/p>\n<figure id=\"attachment_122\" aria-describedby=\"caption-attachment-122\" style=\"width: 660px\" class=\"wp-caption alignnone\"><img loading=\"lazy\" decoding=\"async\" class=\"size-large wp-image-122\" src=\"https:\/\/blogg.hivolda.no\/maleneni\/wp-content\/uploads\/sites\/163\/2017\/11\/Ferdiglaga-spekem\u00e5r-1024x511.jpg\" alt=\"\" width=\"660\" height=\"329\" srcset=\"https:\/\/blogg.hivolda.no\/maleneni\/wp-content\/uploads\/sites\/163\/2017\/11\/Ferdiglaga-spekem\u00e5r-1024x511.jpg 1024w, https:\/\/blogg.hivolda.no\/maleneni\/wp-content\/uploads\/sites\/163\/2017\/11\/Ferdiglaga-spekem\u00e5r-300x150.jpg 300w, https:\/\/blogg.hivolda.no\/maleneni\/wp-content\/uploads\/sites\/163\/2017\/11\/Ferdiglaga-spekem\u00e5r-768x383.jpg 768w\" sizes=\"(max-width: 660px) 100vw, 660px\" \/><figcaption id=\"caption-attachment-122\" class=\"wp-caption-text\">Ferdiglaga spekem\u00e5r med ulike krydder klar for t\u00f8rking. Foto: Malene Hoel Nilsen<\/figcaption><\/figure>\n<p>Etter dette hengte eg opp emna etter tr\u00e5den p\u00e5 lufteloftet til oldemor som er godt egna for konservering av kj\u00f8t. Der er det m\u00f8rkt og god luftgjennomstr\u00f8yming. Vidare vil eg no fram mot produktinnlevering sj\u00e5 om spekem\u00e5ren, og f\u00f8lgje t\u00f8rkeprosessen. Dette blir spanande.<\/p>\n<p><strong>Kjelder:<br \/>\n<\/strong>Illustrasjonsbilete henta fr\u00e5 illustrasjon til brosjyre &laquo;Sau og lam&raquo;, Landbruksforlaget Fargeblyanter av Ivar S.\u00a0http:\/\/www.ivarps.com\/sider\/tegninger\/at_sau.html<\/p>\n<p>Riddervold, A. &amp; Berg, P. (2004).\u00a0<em>Spekemat.<\/em> Oslo: Damm<\/p>\n<p>&nbsp;<\/p>\n<p>&nbsp;<\/p>\n<p>&nbsp;<\/p>\n<p>&nbsp;<\/p>\n<p>&nbsp;<\/p>\n<p>&nbsp;<\/p>\n<p>&nbsp;<\/p>\n","protected":false},"excerpt":{"rendered":"<p>No er tredje samling gjennomf\u00f8rt, og eg sit att med mange inntrykk som har gjort meg meir bevisst p\u00e5 eige matforbuk. Eg har f\u00e5tt erfare slakteprosessen av lam p\u00e5 n\u00e6rt hald, og sett korleis ferdigbehandla kj\u00f8tvarer som kundar flest tek for gitt i daglegvarehandelen har g\u00e5tt fr\u00e5 jord til bord. 27. oktober hadde vi samling &hellip; <a href=\"https:\/\/blogg.hivolda.no\/maleneni\/2017\/11\/04\/fra-jord-til-bord-konservering-av-kjot\/\" class=\"more-link\">Fortsett \u00e5 lese <span class=\"screen-reader-text\">Fra jord til Bord &#8211; konservering av kj\u00f8t<\/span><\/a><\/p>\n","protected":false},"author":164,"featured_media":130,"comment_status":"open","ping_status":"open","sticky":false,"template":"","format":"standard","meta":{"footnotes":""},"categories":[8],"tags":[],"post_mailing_queue_ids":[],"_links":{"self":[{"href":"https:\/\/blogg.hivolda.no\/maleneni\/wp-json\/wp\/v2\/posts\/103"}],"collection":[{"href":"https:\/\/blogg.hivolda.no\/maleneni\/wp-json\/wp\/v2\/posts"}],"about":[{"href":"https:\/\/blogg.hivolda.no\/maleneni\/wp-json\/wp\/v2\/types\/post"}],"author":[{"embeddable":true,"href":"https:\/\/blogg.hivolda.no\/maleneni\/wp-json\/wp\/v2\/users\/164"}],"replies":[{"embeddable":true,"href":"https:\/\/blogg.hivolda.no\/maleneni\/wp-json\/wp\/v2\/comments?post=103"}],"version-history":[{"count":13,"href":"https:\/\/blogg.hivolda.no\/maleneni\/wp-json\/wp\/v2\/posts\/103\/revisions"}],"predecessor-version":[{"id":134,"href":"https:\/\/blogg.hivolda.no\/maleneni\/wp-json\/wp\/v2\/posts\/103\/revisions\/134"}],"wp:featuredmedia":[{"embeddable":true,"href":"https:\/\/blogg.hivolda.no\/maleneni\/wp-json\/wp\/v2\/media\/130"}],"wp:attachment":[{"href":"https:\/\/blogg.hivolda.no\/maleneni\/wp-json\/wp\/v2\/media?parent=103"}],"wp:term":[{"taxonomy":"category","embeddable":true,"href":"https:\/\/blogg.hivolda.no\/maleneni\/wp-json\/wp\/v2\/categories?post=103"},{"taxonomy":"post_tag","embeddable":true,"href":"https:\/\/blogg.hivolda.no\/maleneni\/wp-json\/wp\/v2\/tags?post=103"}],"curies":[{"name":"wp","href":"https:\/\/api.w.org\/{rel}","templated":true}]}}