{"id":683,"date":"2016-04-22T12:41:35","date_gmt":"2016-04-22T10:41:35","guid":{"rendered":"http:\/\/blogg.hivolda.no\/jr\/?p=683"},"modified":"2016-04-22T20:39:29","modified_gmt":"2016-04-22T18:39:29","slug":"soking-til-hvo-sterkare-konkurranse-om-plassane-og-truleg-ny-studentrekord-hausten-2016","status":"publish","type":"post","link":"https:\/\/blogg.hivolda.no\/jr\/2016\/04\/22\/soking-til-hvo-sterkare-konkurranse-om-plassane-og-truleg-ny-studentrekord-hausten-2016\/","title":{"rendered":"S\u00f8king til HVO: Sterkare konkurranse om plassane &#8211; og truleg ny studentrekord hausten 2016"},"content":{"rendered":"<figure id=\"attachment_684\" aria-describedby=\"caption-attachment-684\" style=\"width: 1200px\" class=\"wp-caption alignnone\"><a href=\"http:\/\/blogg.hivolda.no\/jr\/wp-content\/uploads\/sites\/68\/2016\/04\/1-IMG_9197.jpg\"><img loading=\"lazy\" decoding=\"async\" class=\"size-full wp-image-684\" src=\"http:\/\/blogg.hivolda.no\/jr\/wp-content\/uploads\/sites\/68\/2016\/04\/1-IMG_9197.jpg\" alt=\"Studiestart ved H\u00f8gskulen i Volda hausten 2016\" width=\"1200\" height=\"800\" \/><\/a><figcaption id=\"caption-attachment-684\" class=\"wp-caption-text\">Studiestart ved H\u00f8gskulen i Volda hausten 2015. Blir vi fleire i 2016?<\/figcaption><\/figure>\n<p>15. april gjekk s\u00f8knadsfristen i Samordna opptak ut, og f\u00e5 dagar etterp\u00e5 kunne instusjonar i h\u00f8gare utdanning fortelje om s\u00f8kjartala til sin institusjon.<\/p>\n<p>For Volda sin del kan eg alt i dag seie f\u00f8lgjande om H\u00f8gskulen i Volda, hausten 2016:<\/p>\n<ul>\n<li>Hausten 2016 kjem vi truleg til \u00e5 sette ny <a href=\"http:\/\/www.hivolda.no\/hivolda\/nyhende?displayitem=5432&amp;module=news\">rekord i tal studentar &#8211; hausten 2015 hadde vi ca 4.000 studentar<\/a>.<\/li>\n<li>Vi har klart sterkare konkurranse om studieplassane i samordna opptak samanlikna med i fjor &#8211; og\u00a0det er positivt.<\/li>\n<li>Alle studentar f\u00e5r hybel i Volda &#8211; <a href=\"http:\/\/www.hivolda.no\/hivolda\/heim\/abonner-pa-nyhende?module=news&amp;displayitem=5422\">det kan vi garantere &#8211; som i fjor<\/a> &#8211; og \u00e5ra f\u00f8r.<\/li>\n<\/ul>\n<p>Dette meiner eg er det viktigaste \u00e5 f\u00e5 fram no, og dette g\u00e5r ogs\u00e5 fram av omtalen av s\u00f8kjaratala p\u00e5 v\u00e5re eigne nettsider:<\/p>\n<p><a href=\"http:\/\/www.hivolda.no\/hivolda\/nyhende?displayitem=5645&amp;module=news\">Hivolda.no: Rekordmange f\u00f8rsteprioritetss\u00f8kjarar<\/a><\/p>\n<p>N\u00e5r dette er sagt s\u00e5 m\u00e5 det samla bildet ogs\u00e5 nyanserast &#8211; og analyserast, og det har vi s\u00e5 vidt starta med.<\/p>\n<p>Nettavisa Panorama (og Khrono) har ogs\u00e5 omtala v\u00e5re s\u00f8kjartal og lurer p\u00e5 korleis vi reknar, og om vi har samanlikna epler og p\u00e6rer n\u00e5r vi g\u00e5r ut med b\u00e5de s\u00f8kjartal fr\u00e5 Samordna opptak og fr\u00e5 lokalopptak:<br \/>\n<a href=\"http:\/\/panorama.himolde.no\/2016\/04\/21\/epler-og-paerer-i-hivoldas-sokertall\/\">http:\/\/panorama.himolde.no\/2016\/04\/21\/epler-og-paerer-i-hivoldas-sokertall\/<\/a><br \/>\n<a href=\"http:\/\/khrono.no\/campus\/2016\/04\/ulik-tallpraksis-i-volda-og-molde\">http:\/\/khrono.no\/campus\/2016\/04\/ulik-tallpraksis-i-volda-og-molde<\/a><\/p>\n<p>Andre h\u00f8gskular og universitet f\u00e5r vurdere korleis dei presenterer sine tal, men vi st\u00e5r for v\u00e5r presentasjon av v\u00e5re eigne tal:<\/p>\n<p>Det samla talet p\u00e5 s\u00f8kjarar til h\u00f8gare utdanning i heile Noreg auka med ca 3,2 prosent samanlikna med i fjor, <a href=\"https:\/\/www.regjeringen.no\/contentassets\/714d986370b94d15829774f79ea4d94b\/sokertall-til-hoyere-utdanning.pdf\">viser tala fr\u00e5 Samordna opptak<\/a>. H\u00f8gskulen i Volda har ein nedgang i s\u00f8kjartala i Samordna opptak p\u00e5 2,58 prosent. Men det er berre teljarsida av br\u00f8ken i prosentutrekninga. Ein m\u00e5 ogs\u00e5 sj\u00e5 p\u00e5 nemnaren.<\/p>\n<p>Vi har klart\u00a0f\u00e6rre studieplassar i Samordna opptak i 2016 enn \u00e5ret f\u00f8r fordi deltidsutdanningar har vorte lagt ned eller tekne inn i lokalopptak.<\/p>\n<p>Talet p\u00e5 s\u00f8kjarar pr studieplass ved H\u00f8gskulen i Volda\u00a0har dermed auka fr\u00e5 1,3 i fjor til 1,6 i 2016. Vi har\u00a0alts\u00e5 litt f\u00e6rre s\u00f8kjarar enn fjor, men mykje f\u00e6rre studieplassar \u00e5 konkurrere om.<\/p>\n<blockquote><p>Konkurransen om \u00e5\u00a0f\u00e5 studieplass i Volda har auka sterkt p\u00e5 studia i Samordna opptak.<\/p><\/blockquote>\n<p>Dei siste \u00e5ra har under halvparten av studentane som tek til p\u00e5 H\u00f8gskulen i Volda kome inn\u00a0via Samordna opptak. Over halvparten tek vi opp gjennom lokalopptak der studentane s\u00f8kjer p\u00e5 studieplass direkte hos oss.<\/p>\n<p>Det er eit detaljert regelverk for kva\u00a0studium som skal leggast ut i samordna opptak, og pr i dag har H\u00f8gskulen i Volda 33 studium i Samordna opptak, men vi har lokalopptak p\u00e5\u00a0godt over 100 studium i tillegg.\u00a0Og p\u00e5 lokalopptaket tek vi opp studentar fortl\u00f8pande, ogs\u00e5 litt etter studiestart om det er ledige plassar. S\u00e5 det endelege\u00a0talet p\u00e5 s\u00f8kjarar og studentar som faktisk tek til hos oss veit vi ikkje f\u00f8r langt ut i september. Men vi har jo f\u00e5tt litt erfaring i \u00e5 vurdere tala.<\/p>\n<p>S\u00e5 kva gir det\u00a0rettaste bildet av utviklinga i s\u00f8kjartal pr i dag? Burde vi fokusere berre p\u00e5 Samordna opptak?\u00a0Eg meiner vi b\u00f8r gje eit mest muleg fullstendig bilde av s\u00f8kjartala &#8211; b\u00e5de av omsyn til s\u00f8kjarane og til alle andre, og d\u00e5\u00a0kan vi ikkje la vere \u00e5 omtale lokalopptaket.<\/p>\n<p>Eg trur ryktet om v\u00e5rt gode studentmilj\u00f8, god kvalitet p\u00e5 undervisning og at studentane trivst ved H\u00f8gskulen i Volda er gode forklaringar p\u00e5 den positive utviklinga.<\/p>\n<p><a href=\"http:\/\/www.hivolda.no\/hivolda\/nyhende?displayitem=5576&amp;module=news\">Tal fr\u00e5 det nasjonale Studiebarometeret viser d\u00e5 ogs\u00e5 at voldastudentane er godt n\u00f8gde med \u00e5 studere,\u00a0leve og oppleve Volda.<\/a><\/p>\n<p>N\u00e5r det er sagt s\u00e5\u00a0er det ogs\u00e5 tankevekkjande at vi har f\u00e6rre studieplassar i samordna opptak &#8211; det er ikkje bra for grunnutdanningane v\u00e5re.<\/p>\n<p>Eg gler meg alt til studiestart hausten 2016 og ser fram til \u00e5 m\u00f8te eit rekordstort tal studentar til <a href=\"http:\/\/www.hivolda.no\/for-studentar\/studentsorvis\/studiestart\">semesteropninga tysdag 16. august 2016, kl 12.00<\/a>.<\/p>\n<figure id=\"attachment_301\" aria-describedby=\"caption-attachment-301\" style=\"width: 620px\" class=\"wp-caption alignleft\"><a href=\"http:\/\/blogg.hivolda.no\/jr\/wp-content\/uploads\/sites\/68\/2015\/08\/Roppen_apning_620.jpg\"><img loading=\"lazy\" decoding=\"async\" class=\"size-full wp-image-301\" src=\"http:\/\/blogg.hivolda.no\/jr\/wp-content\/uploads\/sites\/68\/2015\/08\/Roppen_apning_620.jpg\" alt=\"Glad rektor p\u00e5 semesteropning hausten 2015\" width=\"620\" height=\"413\" \/><\/a><figcaption id=\"caption-attachment-301\" class=\"wp-caption-text\">Glad rektor p\u00e5 semesteropninga hausten 2015<\/figcaption><\/figure>\n","protected":false},"excerpt":{"rendered":"<p>15. april gjekk s\u00f8knadsfristen i Samordna opptak ut, og f\u00e5 dagar etterp\u00e5 kunne instusjonar i h\u00f8gare utdanning fortelje om s\u00f8kjartala til sin institusjon. For Volda sin del kan eg alt i dag seie f\u00f8lgjande om H\u00f8gskulen i Volda, hausten 2016: Hausten 2016 kjem vi truleg til \u00e5 sette ny rekord i tal studentar &#8211; hausten &hellip; <a href=\"https:\/\/blogg.hivolda.no\/jr\/2016\/04\/22\/soking-til-hvo-sterkare-konkurranse-om-plassane-og-truleg-ny-studentrekord-hausten-2016\/\" class=\"more-link\">Fortsett \u00e5 lese <span class=\"screen-reader-text\">S\u00f8king til HVO: Sterkare konkurranse om plassane &#8211; og truleg ny studentrekord hausten 2016<\/span><\/a><\/p>\n","protected":false},"author":13,"featured_media":0,"comment_status":"open","ping_status":"open","sticky":false,"template":"","format":"standard","meta":{"footnotes":""},"categories":[8],"tags":[20,19,21],"post_mailing_queue_ids":[],"_links":{"self":[{"href":"https:\/\/blogg.hivolda.no\/jr\/wp-json\/wp\/v2\/posts\/683"}],"collection":[{"href":"https:\/\/blogg.hivolda.no\/jr\/wp-json\/wp\/v2\/posts"}],"about":[{"href":"https:\/\/blogg.hivolda.no\/jr\/wp-json\/wp\/v2\/types\/post"}],"author":[{"embeddable":true,"href":"https:\/\/blogg.hivolda.no\/jr\/wp-json\/wp\/v2\/users\/13"}],"replies":[{"embeddable":true,"href":"https:\/\/blogg.hivolda.no\/jr\/wp-json\/wp\/v2\/comments?post=683"}],"version-history":[{"count":9,"href":"https:\/\/blogg.hivolda.no\/jr\/wp-json\/wp\/v2\/posts\/683\/revisions"}],"predecessor-version":[{"id":694,"href":"https:\/\/blogg.hivolda.no\/jr\/wp-json\/wp\/v2\/posts\/683\/revisions\/694"}],"wp:attachment":[{"href":"https:\/\/blogg.hivolda.no\/jr\/wp-json\/wp\/v2\/media?parent=683"}],"wp:term":[{"taxonomy":"category","embeddable":true,"href":"https:\/\/blogg.hivolda.no\/jr\/wp-json\/wp\/v2\/categories?post=683"},{"taxonomy":"post_tag","embeddable":true,"href":"https:\/\/blogg.hivolda.no\/jr\/wp-json\/wp\/v2\/tags?post=683"}],"curies":[{"name":"wp","href":"https:\/\/api.w.org\/{rel}","templated":true}]}}