{"id":513,"date":"2016-02-05T08:25:24","date_gmt":"2016-02-05T07:25:24","guid":{"rendered":"http:\/\/blogg.hivolda.no\/jr\/?p=513"},"modified":"2016-07-07T09:26:10","modified_gmt":"2016-07-07T07:26:10","slug":"kva-no-hvo-allmote-om-strukturprosessen","status":"publish","type":"post","link":"https:\/\/blogg.hivolda.no\/jr\/2016\/02\/05\/kva-no-hvo-allmote-om-strukturprosessen\/","title":{"rendered":"Kva no, HVO? Allm\u00f8te om strukturprosessen"},"content":{"rendered":"<figure id=\"attachment_516\" aria-describedby=\"caption-attachment-516\" style=\"width: 1200px\" class=\"wp-caption alignleft\"><a href=\"http:\/\/blogg.hivolda.no\/jr\/wp-content\/uploads\/sites\/68\/2016\/02\/1-Allmote-hivolda-2014.jpg\" rel=\"attachment wp-att-516\"><img loading=\"lazy\" decoding=\"async\" class=\"wp-image-516 size-full\" src=\"http:\/\/blogg.hivolda.no\/jr\/wp-content\/uploads\/sites\/68\/2016\/02\/1-Allmote-hivolda-2014.jpg\" alt=\"1-Allmote-hivolda-2014\" width=\"1200\" height=\"800\" \/><\/a><figcaption id=\"caption-attachment-516\" class=\"wp-caption-text\">Allm\u00f8te ved H\u00f8gskulen i Volda i august 2014. Rektor Per Halse snakkar om struktursaka.<\/figcaption><\/figure>\n<p>&nbsp;<\/p>\n<p>&nbsp;<\/p>\n<p>&nbsp;<\/p>\n<p><em>Oppdatert 5. februar ca kl 16.00 med styrevedtak ved HiB og HSH:<\/em><\/p>\n<p>Alle tilsette ved H\u00f8gskulen i Volda er inviterte til allm\u00f8te:<\/p>\n<p><strong>Store auditorium i Berte Kanutte-huset, onsdag 10. februar kl 14.15.<\/strong><\/p>\n<p>Det er ikkje s\u00e5 ofte vi har allm\u00f8te p\u00e5 H\u00f8gskulen i Volda, men ogs\u00e5 f\u00f8rre gongen var det struktursaka som stod p\u00e5 programmet. Det var tilbake i august 2014.<\/p>\n<p><a href=\"http:\/\/www.hivolda.no\/for-studentar\/heim\/nyhende\/?&amp;displayitem=5088&amp;module=news\">Les omtale av allm\u00f8tet i 2014 her.\u00a0<\/a><\/p>\n<p>Den gongen var det to alternativ som verka mest aktuelle for \u00e5 m\u00f8te Kunnskapsdepartementets forventningar om \u00e5 byggje st\u00f8rre institusjonar i h\u00f8gskule- og universitetssektoren:<\/p>\n<ul>\n<li>Ein h\u00f8gskule for M\u00f8re og Romsdal og Sogn og Fjordane.<\/li>\n<li>Eventuelt ein h\u00f8gskule for Vestlandet.<\/li>\n<\/ul>\n<p>Kva vart resultatet av dei mange interne dr\u00f8ftingane?\u00a0I m\u00f8te i\u00a0oktober\u00a02014 (sak 70\/2014) vedtok\u00a0h\u00f8gskulestyret i Volda f\u00f8lgjande:<\/p>\n<blockquote><p>&laquo;Styret har merka seg at alle avdelingane, fagforeiningane og Studenttinget i Volda\u00a0prim\u00e6rt ynskjer at HVO held fram som sj\u00f8lvstendig institusjon. Dersom\u00a0styresmaktene meiner (jf. oppdragsbrevet av 26.05.2014) at vi m\u00e5 inn i ei st\u00f8rre<br \/>\neining, ser styret det som mest tenleg med ein fusjon av h\u00f8gskulane i M\u00f8re og\u00a0Romsdal og Sogn og Fjordane.&raquo;<\/p><\/blockquote>\n<p>Kunnskapsdepartementet har eigentleg ikkje svara p\u00e5 dette vedtaket,\u00a0men det har skjedd ting p\u00e5 andre frontar. H\u00f8gskolen i \u00c5lesund vedtok vinteren 2014-2015 \u00e5 g\u00e5 til NTNU, og H\u00f8gskolen i \u00c5lesund vart overteken av NTNU med verknad fr\u00e5 1. januar 2016. H\u00f8gskulen i M\u00f8re og Romsdal var no ikkje lenger aktuell, og styret ved H\u00f8gskulen i Volda gjorde difor i januar 2015 (sak 4\/2015) eit nytt vedtak som blant anna starta allianseprosessen:<\/p>\n<blockquote><p>&laquo;I tr\u00e5d med vedtaket fr\u00e5 oktober [2014] vil vi gjerne samarbeide med fagmilj\u00f8a i\u00a0Sogn og Fjordane om dei framtidige l\u00e6rarutdanningane mellom Bergen og Trondheim. Vi\u00a0understrekar at vi er s\u00e6rleg opptekne av \u00e5 halde oppe ei kvalitativ god l\u00e6rarutdanning i\u00a0tilknyting til sterke nynorskmilj\u00f8.<br \/>\nI samband med utviklinga i struktursaka siste vekene er styret viljug til \u00e5 sj\u00e5 ogs\u00e5 p\u00e5\u00a0H\u00f8gskolen i Lillehammer som ein n\u00e6r samarbeidspart framover. Det er ein skule som har\u00a0mykje sams med HVO i fagportef\u00f8lje og distriktsprofil.<br \/>\nLeiinga ved HVO diskuterer gjerne konkrete l\u00f8ysingar vidare b\u00e5de med KD og med aktuelle\u00a0samarbeidspartar. &laquo;<\/p><\/blockquote>\n<p>Kunnskapsdepartementet og kunnskapsminister Torbj\u00f8rn R\u00f8e Isaksen har som kjent <a href=\"http:\/\/www.hivolda.no\/hivolda\/nyhende?displayitem=5569&amp;module=news\">sagt nei til allianseplanane<\/a>:<\/p>\n<blockquote><p>Samlet sett mener departementet at alliansen slik den er foresl\u00e5tt, ikke i tilstrekkelig grad vil bedre h\u00f8yskolenes forutsetninger for \u00e5 foreta prioriteringer. Slike prioriteringer er n\u00f8dvendig for \u00e5 heve kvaliteten p\u00e5 utdanning og forsking, utvikle fagmilj\u00f8ene til \u00e5 spille en enda viktigere rolle for regionene der de er lokalisert, eller for \u00f8vrig m\u00f8te utfordringer og muligheter som f\u00f8lge av nasjonal og internasjonal utvikling.<\/p><\/blockquote>\n<p>Dei tre alliansepartnerane trur\u00a0ikkje slik at det er s\u00e6rleg lovande \u00e5 grave i formuleringar som &laquo;slik den er foresl\u00e5tt&raquo; eller &laquo;i tilstrekkelig grad&raquo;. Isaksen hadde ved fleire h\u00f8ve alt sagt kva han meinte om alliansen\u00a0&#8211; i god tid f\u00f8r han fekk tilsendt allianseplanen i januar 2016.<\/p>\n<p>Mykje kunne vore sagt om at kunnskapsministren for alliansens del fokuserer p\u00e5 at det trengst \u00e5 prioritere &#8211;\u00a0men n\u00e5r den same ministeren har opna eller kommentert dei nyfusjonerte h\u00f8gskulane og universiteta s\u00e5 har pipa hatt ein\u00a0annan, langt meir positiv lyd, og det vert gong p\u00e5 gong sagt at strukturprosessen ikkje skal vere ein spareprosess. Skal tru kva han eigentleg meiner?<\/p>\n<p>H\u00f8gskulen i Volda har no eigentleg rykka tilbake til start, og eg ser\u00a0nokre f\u00e5 tilgjengelege alternativ:<\/p>\n<ul>\n<li>Plan A: Fortsatt sj\u00f8lvstende.<\/li>\n<li>Plan B1: Fusjon med H\u00f8gskulen i Sogn og Fjordane.<\/li>\n<li>Plan B2: \u00c5 bli ein del av\u00a0profesjonsh\u00f8gskulen for Vestlandet.<\/li>\n<li>Plan B3: \u00c5 fusjonere med Universitetet i Bergen.<\/li>\n<li>Plan C: Kunnskapsdepartementet instruerer oss.<\/li>\n<\/ul>\n<p>Plan A, fortsatt sj\u00f8lvstende er og har vore rektoratets standpunkt, og\u00a0alternativet som best sikrar at vi kan konsentrere oss om \u00e5 bruke tid p\u00e5 det daglege arbeidet for \u00e5 bli stadig betre.<\/p>\n<p>Plan B1 og B2 heng noks\u00e5 tett i lag med kvarandre.<\/p>\n<p>Dei tre h\u00f8gskulane Sogn og Fjordane, Bergen og Stord\/Haugesund har 3. og 4. februar hatt b\u00e5de felles og\u00a0eigne styrem\u00f8te for \u00e5 diskutere om dei skal starte fusjonsforhandlingar. Dette er kjende akt\u00f8rar fr\u00e5 v\u00e5rt <a href=\"http:\/\/uhnettvest.no\/\">samarbeid i UH Nett Vest<\/a>, og l\u00e6rarutdanning finn vi p\u00e5 alle dei tre institusjonane.<\/p>\n<p>Slik nettavisene P\u00e5H\u00f8yden og Khrono formulerer det har b\u00e5de Stord \/ Haugesund og Bergen sagt ja til \u00e5 starte fusjonsforhandlingar, medan H\u00f8gskulen i Sogn og Fjordane\u00a0ikkje er heilt klare p\u00e5 det &#8211; blant anna ved at dei tydeleg held ei d\u00f8r open mot Volda.<\/p>\n<p>Her er styrevedtaket til H\u00f8gskulen i Sogn og Fjordane, 4. februar 2016:<\/p>\n<ol>\n<li>Styret ber rektor setja i verk sonderingar med HSH og HiB for \u00e5 greia ut grunnlaget for \u00e5 starte fusjonsforhandlingar med dei to institusjonane.<\/li>\n<li>Styret ber og rektor om \u00e5 invitera H\u00f8gskulen i Volda til eigne sonderingar.<\/li>\n<li>Styret konstaterer at UiB no ikkje \u00f8nskjer ein fusjon med h\u00f8gskulane, men at rektor p\u00e5 UiB inviterer til tungt fagleg samarbeid med ulike slag organisatoriske former. Styret ber om at sentrale disiplinfagmilj\u00f8 ved HiSF synleggjer sine \u00f8nske om form og innhald p\u00e5 slikt samarbeid ut over det ein kan oppn\u00e5 i ein eventuell fusjon mellom dei aktuelle h\u00f8gskulane.<\/li>\n<li>Styret ser det som viktig for den vidare prosessen at vi f\u00e5r n\u00e6rare avklara:<br \/>\n&#8211; om f\u00f8rstelektor- og dosentstigen framleis skal vera likestilt med f\u00f8rsteamanuensis og professor i samband med masterutdanningane. Styret syner til eiga h\u00f8yringsfr\u00e5segn om dette.<br \/>\n&#8211; situasjonen for disiplinfaga ved HiSF og forholdet til H\u00f8gskulen i Volda.<\/li>\n<li>Styret ber rektor leggja fram ein framdriftsplan for den samla struktursaka p\u00e5 neste styrem\u00f8te.<\/li>\n<\/ol>\n<p>Det er naturleg nok s\u00e6rleg punkt 1 og 2 i vedtaket til Sogn og Fjordane som er interessant for H\u00f8gskulen i Volda: H\u00f8gskulen i Sogn og Fjordane vil sondere b\u00e5de i retning av fusjonspartnarane &#8211; og i retning av Volda. Men i punkt 1 er det sonderingar av fusjonsforhandlingar, medan i punkt 2 er det meir ope<\/p>\n<p><a href=\"http:\/\/www.hib.no\/forside-nyheter\/vedtar-fusjonsforhandlinger\/\">H\u00f8gskolen i Bergen (HiB) har gjort f\u00f8lgjande samr\u00f8ystes vedtak i struktursaka<\/a>:<\/p>\n<p>F\u00f8lgende vedtak ble gjort i sak 024\/2016: Fusjonsutredning &#8211; H\u00f8gskolen i Bergen, H\u00f8gskolen Stord\/Haugesund, H\u00f8gskulen Sogn og Fjordane:<\/p>\n<ol>\n<li>HiB arbeider videre mot en fusjon med en eller flere institusjoner p\u00e5 Vestlandet, og g\u00e5r inn i arbeidet med \u00e5 utvikle en felles fusjonsplattform for en ny profesjonsh\u00f8gskole p\u00e5 Vestlandet.<\/li>\n<li>For HiB vil universitetsambisjonen st\u00e5 fast. Dette vil inneb\u00e6re at en sammensl\u00e5tt institusjon utvikler seg mot et landsdelsuniversitet med profesjons- og arbeidslivsprofil.<\/li>\n<li>HiB vil parallelt med en fusjonsprosess utvikle det faglige og administrative samarbeidet med UiB.<\/li>\n<\/ol>\n<p><a href=\"http:\/\/www.hsh.no\/nyheter\/2016020000002755\">H\u00f8gskolen Stord \/ Haugesund har gjort f\u00f8lgjande samr\u00f8ystes vedtak i struktursaka<\/a>:<\/p>\n<ol>\n<li>HSH har som m\u00e5l \u00e5 inng\u00e5 en fusjon med HiB og HiSF.<\/li>\n<li>HSH g\u00e5r inn i arbeidet med \u00e5 utvikle en felles visjon og ambisjon som gir grunnlaget for en fusjonsplattform for en profesjonsh\u00f8gskole p\u00e5 Vestlandet.<\/li>\n<li>HSH forutsetter at f\u00f8lgende intensjoner for utviklingen av den nye institusjonen ligger til grunn i den videre fusjonsprosessen:<\/li>\n<\/ol>\n<ul>\n<li>\u00c5 bli en del av en fremtidig sterk UH-sektor p\u00e5 Vestlandet der de viktigste samarbeidspartnerne blir UiB, UiS og HiVolda<\/li>\n<li>\u00c5 bygge sterkere og mer solide fagmilj\u00f8er for hele utdanningsl\u00f8pet og forskning i en ny flerkampusinstitusjon som kan bli et universitet med profesjons- og arbeidslivsprofil.<\/li>\n<li>\u00c5 bli en konkurransedyktig institusjon i b\u00e5de nasjonal og internasjonal sammenheng \u2013 attraktiv for studenter og fagpersoner, ressurstilgang og posisjoner.<\/li>\n<li>\u00c5 sikre og videreutvikle dagens studiesteder slik at regionrollen ivaretas bedre enn i dag<\/li>\n<li>\u00c5 kunne svare bedre p\u00e5 de omstillingsbehovene som vil komme.<\/li>\n<\/ul>\n<figure id=\"attachment_531\" aria-describedby=\"caption-attachment-531\" style=\"width: 520px\" class=\"wp-caption alignleft\"><a href=\"http:\/\/blogg.hivolda.no\/jr\/wp-content\/uploads\/sites\/68\/2016\/02\/HSH-tilrading_med_direktor_foran.jpg\" rel=\"attachment wp-att-531\"><img loading=\"lazy\" decoding=\"async\" class=\"wp-image-531 size-full\" src=\"http:\/\/blogg.hivolda.no\/jr\/wp-content\/uploads\/sites\/68\/2016\/02\/HSH-tilrading_med_direktor_foran.jpg\" alt=\"H\u00f8gskolen Stord Haugesunds styrevedtak i struktursaka, 4. februar 2016.\" width=\"520\" height=\"473\" \/><\/a><figcaption id=\"caption-attachment-531\" class=\"wp-caption-text\">H\u00f8gskolen Stord Haugesunds styrevedtak i struktursaka, 4. februar 2016. Foto: www.hsh.no<\/figcaption><\/figure>\n<p>&nbsp;<\/p>\n<p>&nbsp;<\/p>\n<p>&nbsp;<\/p>\n<p>&nbsp;<\/p>\n<p>&nbsp;<\/p>\n<p>&nbsp;<\/p>\n<p>&nbsp;<\/p>\n<p>&nbsp;<\/p>\n<p>&nbsp;<\/p>\n<p>&nbsp;<\/p>\n<p>Kva s\u00e5 med Universitetet i Bergen? Vi har hatt mange gode samtalar og etterkvart f\u00e5tt fram konkrete samarbeidstiltak som vonleg kan gi gode resultat p\u00e5 mediefaga, norsk spr\u00e5k, l\u00e6rarutdanning, etter- og vidareutdanning og p\u00e5 andre omr\u00e5de. Meir konkret er det\u00a0i ferd med \u00e5 bli sett ned arbeidsgrupper mellom dei to institusjonane. Fusjon med UiB har ikkje vore aktuelt no &#8211; samarbeidet skal vekse fram p\u00e5 fagleg niv\u00e5. <a href=\"http:\/\/khrono.no\/samfunn-struktur\/2016\/01\/hivolda-og-uib\">Men eg ser ikkje vekk fr\u00e5 at vi ein gong i framtida kan bli ein del av Universitetet i Bergen, om vi \u00f8nskjer det sj\u00f8lve<\/a>.<\/p>\n<p>Plan C: Departementet instruerer.<\/p>\n<p><a href=\"https:\/\/lovdata.no\/dokument\/NL\/lov\/2005-04-01-15\">Universitets- og h\u00f8gskulelova<\/a> gjev h\u00f8gskulestyra sv\u00e6rt vide fullmakter, medan Kunnskapsdepartementet skal styre gjennom m\u00e5l og rammer. Her er nokre aktuelle utdrag:<\/p>\n<ul>\n<li>\u00a7 9-1.Ansvar for institusjonens virksomhet<\/li>\n<\/ul>\n<p>\u2013(1) Styret er det \u00f8verste organet ved institusjonen. Det har ansvar for at den faglige virksomheten holder h\u00f8y kvalitet og for at institusjonene drives effektivt og i overensstemmelse med de lover, forskrifter og regler som gjelder, og de <u>rammer og m\u00e5l som gis av overordnet myndighet<\/u>.<\/p>\n<ul>\n<li>\u00a7 9-2.Styrets oppgaver<\/li>\n<\/ul>\n<p>\u2013(1) Styret skal trekke opp strategien for institusjonens utdannings- og forskningsvirksomhet og annen faglig virksomhet og legge planer for den faglige utvikling i samsvar med de <u>m\u00e5l som er gitt av overordnet myndighet<\/u> for sektoren og institusjonen.<\/p>\n<p>Eg kjenner ikkje til at at Kunnskapsdepartementet har gripe inn mot statlege h\u00f8gskular i sp\u00f8rsm\u00e5l som vi snakkar om her, og eg trur samansl\u00e5ing med tvang sit langt inne.<\/p>\n<p>Ein annan m\u00e5te \u00e5 gripe inn p\u00e5 enn \u00e5 instruere kan vere gjennom kvalitetskrav for akkreditering, alts\u00e5 ved \u00e5 stille s\u00e5 strenge krav at NOKUT kan m\u00e5tte seie at h\u00f8gskular eller utdanningar mister akkrediteringa. Store delar av h\u00f8gskulesektoren &#8211; i alle fall dei som driv med l\u00e6rarutdanning &#8211; ventar no p\u00e5 at det omsider skal kome forskrift for Grunnskulel\u00e6rarutdanning p\u00e5 masterniv\u00e5.<\/p>\n<p>Kva s\u00e5 med tvang, plan C? Kan vi bli instruert?\u00a0Regjeringa er sv\u00e6rt oppteken av l\u00e6rarutdanning,\u00a0og har antyda at omsyn til l\u00e6rarutdanning kan f\u00f8re til at dei tek fram hardehanda. Men eg har vanskeleg for \u00e5 sj\u00e5 at det er grunnlag for \u00e5 gjere det innan juni 2016.\u00a0Kunnskapsministeren sa\u00a0i sp\u00f8rjetimen p\u00e5 Stortinget at det ikkje ville bli tvang fr\u00e5 Kunnskapsdepartementets side, <a href=\"http:\/\/www.morenytt.no\/frapapir\/2016\/02\/04\/H%C3%B8gskulen-i-Volda-i-sp%C3%B8rjetimen-12112044.ece\">men at det kunne bli vanskelegare \u00e5 n\u00e5 fram i kampen om midlar<\/a>\u00a0i konkurranse med st\u00f8rre institusjonar.<\/p>\n<p>S\u00e5 mi vurdering er framleis at dette er sv\u00e6rt mykje opp til oss sj\u00f8lve, og eg gler meg til allm\u00f8tet i neste veke!<\/p>\n","protected":false},"excerpt":{"rendered":"<p>&nbsp; &nbsp; &nbsp; Oppdatert 5. februar ca kl 16.00 med styrevedtak ved HiB og HSH: Alle tilsette ved H\u00f8gskulen i Volda er inviterte til allm\u00f8te: Store auditorium i Berte Kanutte-huset, onsdag 10. februar kl 14.15. Det er ikkje s\u00e5 ofte vi har allm\u00f8te p\u00e5 H\u00f8gskulen i Volda, men ogs\u00e5 f\u00f8rre gongen var det struktursaka som &hellip; <a href=\"https:\/\/blogg.hivolda.no\/jr\/2016\/02\/05\/kva-no-hvo-allmote-om-strukturprosessen\/\" class=\"more-link\">Fortsett \u00e5 lese <span class=\"screen-reader-text\">Kva no, HVO? Allm\u00f8te om strukturprosessen<\/span><\/a><\/p>\n","protected":false},"author":13,"featured_media":0,"comment_status":"open","ping_status":"open","sticky":false,"template":"","format":"standard","meta":{"footnotes":""},"categories":[8],"tags":[16,25,4,3,17],"post_mailing_queue_ids":[],"_links":{"self":[{"href":"https:\/\/blogg.hivolda.no\/jr\/wp-json\/wp\/v2\/posts\/513"}],"collection":[{"href":"https:\/\/blogg.hivolda.no\/jr\/wp-json\/wp\/v2\/posts"}],"about":[{"href":"https:\/\/blogg.hivolda.no\/jr\/wp-json\/wp\/v2\/types\/post"}],"author":[{"embeddable":true,"href":"https:\/\/blogg.hivolda.no\/jr\/wp-json\/wp\/v2\/users\/13"}],"replies":[{"embeddable":true,"href":"https:\/\/blogg.hivolda.no\/jr\/wp-json\/wp\/v2\/comments?post=513"}],"version-history":[{"count":14,"href":"https:\/\/blogg.hivolda.no\/jr\/wp-json\/wp\/v2\/posts\/513\/revisions"}],"predecessor-version":[{"id":534,"href":"https:\/\/blogg.hivolda.no\/jr\/wp-json\/wp\/v2\/posts\/513\/revisions\/534"}],"wp:attachment":[{"href":"https:\/\/blogg.hivolda.no\/jr\/wp-json\/wp\/v2\/media?parent=513"}],"wp:term":[{"taxonomy":"category","embeddable":true,"href":"https:\/\/blogg.hivolda.no\/jr\/wp-json\/wp\/v2\/categories?post=513"},{"taxonomy":"post_tag","embeddable":true,"href":"https:\/\/blogg.hivolda.no\/jr\/wp-json\/wp\/v2\/tags?post=513"}],"curies":[{"name":"wp","href":"https:\/\/api.w.org\/{rel}","templated":true}]}}