{"id":439,"date":"2016-01-06T17:23:32","date_gmt":"2016-01-06T16:23:32","guid":{"rendered":"http:\/\/blogg.hivolda.no\/jr\/?p=439"},"modified":"2016-01-06T17:36:33","modified_gmt":"2016-01-06T16:36:33","slug":"innovasjon-og-internasjonalisering-i-barnehagelaerarutdanninga","status":"publish","type":"post","link":"https:\/\/blogg.hivolda.no\/jr\/2016\/01\/06\/innovasjon-og-internasjonalisering-i-barnehagelaerarutdanninga\/","title":{"rendered":"Innovasjon og internasjonalisering i barnehagel\u00e6rarutdanninga"},"content":{"rendered":"<p>Eg hadde 6. januar 2016\u00a0gleda av \u00e5 f\u00e5 vere litt med p\u00e5 opninga av eit splitter nytt studium ved H\u00f8gskulen i Volda: BLUFMM &#8211;\u00a0Barnehagel\u00e6rar, fordjuping i mangfald og meistring.<\/p>\n<figure id=\"attachment_440\" aria-describedby=\"caption-attachment-440\" style=\"width: 620px\" class=\"wp-caption alignleft\"><a href=\"http:\/\/blogg.hivolda.no\/jr\/wp-content\/uploads\/sites\/68\/2016\/01\/Mangfald2_620.jpg\" rel=\"attachment wp-att-440\"><img loading=\"lazy\" decoding=\"async\" class=\"size-full wp-image-440\" src=\"http:\/\/blogg.hivolda.no\/jr\/wp-content\/uploads\/sites\/68\/2016\/01\/Mangfald2_620.jpg\" alt=\"Nye studentar p\u00e5 det nye studiet: BLUFMM. Foto: Per Straume, H\u00f8gskulen i Volda.\" width=\"620\" height=\"200\" \/><\/a><figcaption id=\"caption-attachment-440\" class=\"wp-caption-text\">Nye studentar p\u00e5 det nye studiet: BLUFMM. Foto: Per Straume, H\u00f8gskulen i Volda.<\/figcaption><\/figure>\n<p><a href=\"http:\/\/www.hivolda.no\/hivolda\/nyhende?displayitem=5544&amp;module=news\">Les omtale av opninga p\u00e5 v\u00e5re nettsider.\u00a0<\/a><\/p>\n<p>Mi helsing til dei nye studentane &#8211; og l\u00e6rarane deira:<\/p>\n<div>For meg som rektor ved H\u00f8gskulen i Volda er det med stor glede eg har f\u00e5tt i oppdrag \u00e5 kome med ei helsing i h\u00f8ve opninga av det nye studiet BLUFMM &#8211; Barnehagel\u00e6rar, fordjuping i mangfald og meistring. Dette er eit framtidsretta, innovativt og spennande studium, og heilt i tr\u00e5d med det som har vore H\u00f8gskulen i Voldas sterke tradisjonar, men ogs\u00e5 framtidsretta, forskingsbasert studium som syner at h\u00f8gskulen tek p\u00e5 alvor endringar som skjer lokalt, regionalt, nasjonalt og internasjonalt.<\/div>\n<div><\/div>\n<div>H\u00f8gskulen Volda har som overordna m\u00e5l: &laquo;Kompetanse for framtida&raquo;.<\/div>\n<div><\/div>\n<div>Det betyr at b\u00e5de gjennom forsking og undervisning skal vi legge vekt p\u00e5 kompetanse og kompetansebygging og at dette skal vere framtidsretta. Framtidsretta, kva betyr det? For dykk som studentar skal det bety at utdanninga de no tek skal sette dykk i stand til \u00e5 m\u00f8te utfordringane i eit framtidig arbeids- og samfunnsliv.<\/div>\n<div><\/div>\n<div>For oss som h\u00f8gskule stiller m\u00e5let om &laquo;Kompetanse for framtida&raquo; store krav. Ein m\u00e5te \u00e5 byggje kompetanse p\u00e5 er \u00e5 drive eiga forsking &#8211; b\u00e5de for \u00e5 n\u00e5 fram til nye innsikter for den einskilde forskaren og milj\u00f8et ho er ein del av. Men forskinga m\u00e5 ogs\u00e5 styrke undervisninga. Forskinga m\u00e5 f\u00e5 betydning for andre enn forskarsamfunnet. Og p\u00e5 dette studiet har eg f\u00e5tt vite at innsikt fr\u00e5 mange av v\u00e5re nyaste doktorgradsprosjekt vil bli formidla til studentane. De b\u00f8r forvente b\u00e5de resultat fr\u00e5 forskarane sj\u00f8lve &#8211; men like viktig: Kunnskap om kva andre forskarar har funne ut &#8211; kvar forskingsfronten ligg.<\/div>\n<div><\/div>\n<div>Fr\u00e5 dei involverte har eg f\u00e5tt vite at over halvparten av studentane p\u00e5 barnehagel\u00e6rarutdanninga har valgt \u00a0denne fordjupinga, og at eit utanlandsopphald er ein viktig del av studiet.\u00a0I tillegg har nokre av dykkar medstudentar ogs\u00e5 valgt \u00e5 reise til utlandet for \u00e5 ta si fordjuping der. Eg tykkjer dette er sv\u00e6rt lovande og syner at barnehagel\u00e6rarutdanninga tenkjer internasjonalt og verkeleg i praksis oppfyller h\u00f8gskulens overordna m\u00e5l: Kompetanse for framtida.<\/div>\n<div><\/div>\n<div>Lukke til med studiet!<\/div>\n","protected":false},"excerpt":{"rendered":"<p>Eg hadde 6. januar 2016\u00a0gleda av \u00e5 f\u00e5 vere litt med p\u00e5 opninga av eit splitter nytt studium ved H\u00f8gskulen i Volda: BLUFMM &#8211;\u00a0Barnehagel\u00e6rar, fordjuping i mangfald og meistring. Les omtale av opninga p\u00e5 v\u00e5re nettsider.\u00a0 Mi helsing til dei nye studentane &#8211; og l\u00e6rarane deira: For meg som rektor ved H\u00f8gskulen i Volda er &hellip; <a href=\"https:\/\/blogg.hivolda.no\/jr\/2016\/01\/06\/innovasjon-og-internasjonalisering-i-barnehagelaerarutdanninga\/\" class=\"more-link\">Fortsett \u00e5 lese <span class=\"screen-reader-text\">Innovasjon og internasjonalisering i barnehagel\u00e6rarutdanninga<\/span><\/a><\/p>\n","protected":false},"author":13,"featured_media":0,"comment_status":"open","ping_status":"open","sticky":false,"template":"","format":"standard","meta":{"footnotes":""},"categories":[1],"tags":[],"post_mailing_queue_ids":[],"_links":{"self":[{"href":"https:\/\/blogg.hivolda.no\/jr\/wp-json\/wp\/v2\/posts\/439"}],"collection":[{"href":"https:\/\/blogg.hivolda.no\/jr\/wp-json\/wp\/v2\/posts"}],"about":[{"href":"https:\/\/blogg.hivolda.no\/jr\/wp-json\/wp\/v2\/types\/post"}],"author":[{"embeddable":true,"href":"https:\/\/blogg.hivolda.no\/jr\/wp-json\/wp\/v2\/users\/13"}],"replies":[{"embeddable":true,"href":"https:\/\/blogg.hivolda.no\/jr\/wp-json\/wp\/v2\/comments?post=439"}],"version-history":[{"count":4,"href":"https:\/\/blogg.hivolda.no\/jr\/wp-json\/wp\/v2\/posts\/439\/revisions"}],"predecessor-version":[{"id":444,"href":"https:\/\/blogg.hivolda.no\/jr\/wp-json\/wp\/v2\/posts\/439\/revisions\/444"}],"wp:attachment":[{"href":"https:\/\/blogg.hivolda.no\/jr\/wp-json\/wp\/v2\/media?parent=439"}],"wp:term":[{"taxonomy":"category","embeddable":true,"href":"https:\/\/blogg.hivolda.no\/jr\/wp-json\/wp\/v2\/categories?post=439"},{"taxonomy":"post_tag","embeddable":true,"href":"https:\/\/blogg.hivolda.no\/jr\/wp-json\/wp\/v2\/tags?post=439"}],"curies":[{"name":"wp","href":"https:\/\/api.w.org\/{rel}","templated":true}]}}