{"id":3536,"date":"2022-11-02T17:29:14","date_gmt":"2022-11-02T16:29:14","guid":{"rendered":"http:\/\/blogg.hivolda.no\/jr\/?p=3536"},"modified":"2022-12-17T10:06:38","modified_gmt":"2022-12-17T09:06:38","slug":"orientering-til-hogskulestyret-3-11-2022","status":"publish","type":"post","link":"https:\/\/blogg.hivolda.no\/jr\/2022\/11\/02\/orientering-til-hogskulestyret-3-11-2022\/","title":{"rendered":"Orientering til h\u00f8gskulestyret, 3.11.2022"},"content":{"rendered":"\n<figure class=\"wp-block-image size-large\"><a href=\"https:\/\/blogg.hivolda.no\/jr\/wp-content\/uploads\/sites\/68\/2022\/11\/utdanningsdagane-2022-scaled.jpg\"><img loading=\"lazy\" decoding=\"async\" width=\"1024\" height=\"768\" src=\"https:\/\/blogg.hivolda.no\/jr\/wp-content\/uploads\/sites\/68\/2022\/11\/utdanningsdagane-2022-1024x768.jpg\" alt=\"\" class=\"wp-image-3537\" srcset=\"https:\/\/blogg.hivolda.no\/jr\/wp-content\/uploads\/sites\/68\/2022\/11\/utdanningsdagane-2022-1024x768.jpg 1024w, https:\/\/blogg.hivolda.no\/jr\/wp-content\/uploads\/sites\/68\/2022\/11\/utdanningsdagane-2022-300x225.jpg 300w, https:\/\/blogg.hivolda.no\/jr\/wp-content\/uploads\/sites\/68\/2022\/11\/utdanningsdagane-2022-768x576.jpg 768w, https:\/\/blogg.hivolda.no\/jr\/wp-content\/uploads\/sites\/68\/2022\/11\/utdanningsdagane-2022-1536x1152.jpg 1536w, https:\/\/blogg.hivolda.no\/jr\/wp-content\/uploads\/sites\/68\/2022\/11\/utdanningsdagane-2022-2048x1536.jpg 2048w\" sizes=\"(max-width: 1024px) 100vw, 1024px\" \/><\/a><figcaption>Over 800 elevar fr\u00e5 vidarg\u00e5ande skular og folkeh\u00f8gskular i M\u00f8re og Romsdal og Nordfjord vitja H\u00f8gskulen i Volda under <a href=\"https:\/\/www.hivolda.no\/utdanningsdagane\">Utdanningsdagane<\/a> 1. og 2.11.2022 &#8211; for \u00e5 f\u00e5 informasjon om studietilboda v\u00e5re.<\/figcaption><\/figure>\n\n\n\n<p><br \/><em>P\u00e5 kvart styrem\u00f8te gjev rektor ei kort orientering om ting som har skjedd og skjer og som styret b\u00f8r kjenne til. Desse orienteringane vert ogs\u00e5 lagt ut her p\u00e5 rektorbloggen.<\/em><\/p>\n\n\n\n<p>I tillegg til denne orienteringa er det mange andre kanalar til informasjon om aktuelle saker ved H\u00f8gskulen i Volda.&nbsp;<a href=\"https:\/\/www.hivolda.no\/om-hogskulen-volda\/nyhendebrev\">Rektor skriv ogs\u00e5 eit nyhendebrev som vert send til alle tilsette, til media og andre interesserte<\/a>. Nyhendebreva er tilgjengelege p\u00e5 nettsidene v\u00e5re og alle som vil kan f\u00e5 tilsendt nyhendebrevet \u2013 ein gong i veka.<\/p>\n\n\n\n<p>Hovudpunkta i orienteringa i dette m\u00f8tet:<\/p>\n\n\n\n<ul><li>Studiestart 2022 &#8211; talet p\u00e5 studentar<\/li><li>Henrik Kaarstad-huset er 100 \u00e5r &#8211; Ola Borten Moe kjem<\/li><li>L\u00e6rarutdanningane<\/li><li>UH Nett Vest<br \/><\/li><\/ul>\n\n\n\n<!--nextpage-->\n\n\n\n<p><strong>Talet p\u00e5 studentar:<\/strong><\/p>\n\n\n\n<p>Det endelege talet p\u00e5 studentar hausten 2022 vart 4.422. Det er ein liten nedgang samanlikna med 2021, men vi ser at dei siste fire \u00e5ra har vi lege p\u00e5 ca. 4.500 studentar i gjennomsnitt, eit hakk opp fr\u00e5 den forrige fire\u00e5rsperioden d\u00e5 vi vaka rundt 4.000 studentar. Og g\u00e5r vi end\u00e5 litt tilbake til \u00e5ra 2000-2010 s\u00e5 vaka vi rundt 3.500 studentar.<\/p>\n\n\n\n<figure class=\"wp-block-image size-large\"><a href=\"http:\/\/blogg.hivolda.no\/jr\/wp-content\/uploads\/sites\/68\/2022\/10\/studentar-2000-2022-1.jpg\"><img loading=\"lazy\" decoding=\"async\" width=\"1024\" height=\"576\" src=\"http:\/\/blogg.hivolda.no\/jr\/wp-content\/uploads\/sites\/68\/2022\/10\/studentar-2000-2022-1-1024x576.jpg\" alt=\"\" class=\"wp-image-3532\" srcset=\"https:\/\/blogg.hivolda.no\/jr\/wp-content\/uploads\/sites\/68\/2022\/10\/studentar-2000-2022-1-1024x576.jpg 1024w, https:\/\/blogg.hivolda.no\/jr\/wp-content\/uploads\/sites\/68\/2022\/10\/studentar-2000-2022-1-300x169.jpg 300w, https:\/\/blogg.hivolda.no\/jr\/wp-content\/uploads\/sites\/68\/2022\/10\/studentar-2000-2022-1-768x432.jpg 768w, https:\/\/blogg.hivolda.no\/jr\/wp-content\/uploads\/sites\/68\/2022\/10\/studentar-2000-2022-1.jpg 1280w\" sizes=\"(max-width: 1024px) 100vw, 1024px\" \/><\/a><figcaption>Talet p\u00e5 studentar ved H\u00f8gskulen i Volda 2000-2022<\/figcaption><\/figure>\n\n\n\n<p><br \/>Framskrivingar for M\u00f8re og Romsdal syner at det fram til 2029 vil vere ein viss auke i talet p\u00e5 19-\u00e5ringar i M\u00f8re og Romsdal &#8211; i \u00e5ra etter vil det vere mange \u00e5r med jamn nedgang. P\u00e5 den andre sida veit vi naturlegvis lite om kva framtida vil bringe n\u00e5r det gjeld utvikling i arbeidsmarknaden og kva som blir etterspurnaden etter h\u00f8gare utdanning. Som kjent er M\u00f8re og Romsdal eitt av fylka i landet der det er f\u00e6rrast med h\u00f8gare utdanning, og spesielt lang h\u00f8gre utdanning. Og skal ein ta p\u00e5 alvor slagord som l\u00e6re heile livet, s\u00e5 er eg heilt sikker p\u00e5 at det blir behov for utdanning fr\u00e5 H\u00f8gskulen i Volda ogs\u00e5 etter 2029.&nbsp;<\/p>\n\n\n\n<figure class=\"wp-block-image size-large\"><a href=\"http:\/\/blogg.hivolda.no\/jr\/wp-content\/uploads\/sites\/68\/2022\/10\/Befolkning-MR-2035.png\"><img loading=\"lazy\" decoding=\"async\" width=\"1024\" height=\"576\" src=\"http:\/\/blogg.hivolda.no\/jr\/wp-content\/uploads\/sites\/68\/2022\/10\/Befolkning-MR-2035-1024x576.png\" alt=\"\" class=\"wp-image-3523\" srcset=\"https:\/\/blogg.hivolda.no\/jr\/wp-content\/uploads\/sites\/68\/2022\/10\/Befolkning-MR-2035-1024x576.png 1024w, https:\/\/blogg.hivolda.no\/jr\/wp-content\/uploads\/sites\/68\/2022\/10\/Befolkning-MR-2035-300x169.png 300w, https:\/\/blogg.hivolda.no\/jr\/wp-content\/uploads\/sites\/68\/2022\/10\/Befolkning-MR-2035-768x432.png 768w, https:\/\/blogg.hivolda.no\/jr\/wp-content\/uploads\/sites\/68\/2022\/10\/Befolkning-MR-2035-1536x864.png 1536w, https:\/\/blogg.hivolda.no\/jr\/wp-content\/uploads\/sites\/68\/2022\/10\/Befolkning-MR-2035.png 1920w\" sizes=\"(max-width: 1024px) 100vw, 1024px\" \/><\/a><figcaption>Talet p\u00e5 16-\u00e5ringar og 67-\u00e5ringar i M\u00f8re og Romsdal: 2020-2035.<\/figcaption><\/figure>\n\n\n\n<p><br \/><strong>Kaarstad-huset 100 \u00e5r<\/strong><\/p>\n\n\n\n<p>100-\u00e5rs markeringa for Henrik Kaarstad-huset g\u00e5r 16. november, og blir eit flott arrangement med aktivitetar heile dagen. Vi er sv\u00e6rt glade for at forskings- og h\u00f8gare utdanningsminister Ola Borten Moe har prioritert \u00e5 delta p\u00e5 feiringa. Han \u00f8nskar ogs\u00e5 \u00e5 diskutere opptak p\u00e5 l\u00e6rarutdanningane og \u00e5 f\u00e5 ei omvising p\u00e5 h\u00f8gskuleomr\u00e5det.<\/p>\n\n\n\n<figure class=\"wp-block-image size-large\"><a href=\"http:\/\/blogg.hivolda.no\/jr\/wp-content\/uploads\/sites\/68\/2016\/03\/Volda-l\u00e6rarskule-sm\u00e5bruk.jpg\"><img loading=\"lazy\" decoding=\"async\" width=\"3096\" height=\"2052\" src=\"http:\/\/blogg.hivolda.no\/jr\/wp-content\/uploads\/sites\/68\/2016\/03\/Volda-l\u00e6rarskule-sm\u00e5bruk.jpg\" alt=\"\" class=\"wp-image-637\" \/><\/a><figcaption>Volda l\u00e6rarskule, seinare kalla Henrik Kaarstad-huset.<\/figcaption><\/figure>\n\n\n\n<p><br \/><strong>L\u00e6rarutdanning:<\/strong><\/p>\n\n\n\n<p>Vi er godt i gang med planlegginga av l\u00e6rarutdanning i Kristiansund. Det blir alts\u00e5 PPU-utdanning der til hausten. <a href=\"https:\/\/khrono.no\/disse-leverer-darligst-pa-departementets-bestilling\/729101\">I samband med det er det kjekt \u00e5 sj\u00e5 oppslag i Khrono der det g\u00e5r fram at H\u00f8gskulen i Volda er ein av 5 institusjonar som uteksaminerer fleire PPU-kandidatar enn m\u00e5ltala<\/a>. I 2021 var det 80 som fekk PPU-vitnem\u00e5l, medan m\u00e5ltala var 72.<\/p>\n\n\n\n<p><strong>UH Nett Vest<\/strong><\/p>\n\n\n\n<p>UH Nett Vest hadde seminar for leiarar p\u00e5 Solstrand i september, og det var unison stemning for \u00e5 halde fram med dette arrangementet innanfor denne ramma ogs\u00e5 i \u00e5ra framover.<\/p>\n\n\n\n<p>Deltakande institusjonar utanom Volda er Universitetet i Bergen, Universitetet i Stavanger, H\u00f8gskulen p\u00e5 Vestlandet. Assosierte medlemmer er VID og NLA.<\/p>\n\n\n\n<p><strong>Andre saker:<\/strong><\/p>\n\n\n\n<p>S\u00f8knaden om ph.d.-utdanning Utdanning, spr\u00e5k og kultur vart sendt innan fristen 1. november.<br \/><br \/>Vi har ogs\u00e5 sendt framlegg til satsingar utanfor ramma for 2024 som oppf\u00f8lging av styrevedtak i denne saka.<\/p>\n\n\n\n<figure class=\"wp-block-image size-large\"><a href=\"https:\/\/blogg.hivolda.no\/jr\/wp-content\/uploads\/sites\/68\/2022\/11\/Oyrlangs-2022-2-scaled.jpg\"><img loading=\"lazy\" decoding=\"async\" width=\"1024\" height=\"768\" src=\"https:\/\/blogg.hivolda.no\/jr\/wp-content\/uploads\/sites\/68\/2022\/11\/Oyrlangs-2022-2-1024x768.jpg\" alt=\"\" class=\"wp-image-3540\" srcset=\"https:\/\/blogg.hivolda.no\/jr\/wp-content\/uploads\/sites\/68\/2022\/11\/Oyrlangs-2022-2-1024x768.jpg 1024w, https:\/\/blogg.hivolda.no\/jr\/wp-content\/uploads\/sites\/68\/2022\/11\/Oyrlangs-2022-2-300x225.jpg 300w, https:\/\/blogg.hivolda.no\/jr\/wp-content\/uploads\/sites\/68\/2022\/11\/Oyrlangs-2022-2-768x576.jpg 768w, https:\/\/blogg.hivolda.no\/jr\/wp-content\/uploads\/sites\/68\/2022\/11\/Oyrlangs-2022-2-1536x1152.jpg 1536w, https:\/\/blogg.hivolda.no\/jr\/wp-content\/uploads\/sites\/68\/2022\/11\/Oyrlangs-2022-2-2048x1536.jpg 2048w\" sizes=\"(max-width: 1024px) 100vw, 1024px\" \/><\/a><figcaption>\u00d8yralangs 2022: Ogs\u00e5 i \u00e5r deltok ogs\u00e5 HVO-studentar fr\u00e5 AKF p\u00e5 denne lysfesten langs \u00d8yraelva i Volda sentrum. <\/figcaption><\/figure>\n\n\n\n<p><\/p>\n","protected":false},"excerpt":{"rendered":"<p>P\u00e5 kvart styrem\u00f8te gjev rektor ei kort orientering om ting som har skjedd og skjer og som styret b\u00f8r kjenne til. Desse orienteringane vert ogs\u00e5 lagt ut her p\u00e5 rektorbloggen. I tillegg til denne orienteringa er det mange andre kanalar til informasjon om aktuelle saker ved H\u00f8gskulen i Volda.&nbsp;Rektor skriv ogs\u00e5 eit nyhendebrev som vert &hellip; <a href=\"https:\/\/blogg.hivolda.no\/jr\/2022\/11\/02\/orientering-til-hogskulestyret-3-11-2022\/\" class=\"more-link\">Fortsett \u00e5 lese <span class=\"screen-reader-text\">Orientering til h\u00f8gskulestyret, 3.11.2022<\/span><\/a><\/p>\n","protected":false},"author":13,"featured_media":0,"comment_status":"open","ping_status":"open","sticky":false,"template":"","format":"aside","meta":{"footnotes":""},"categories":[8],"tags":[4,294,180,104],"post_mailing_queue_ids":[],"_links":{"self":[{"href":"https:\/\/blogg.hivolda.no\/jr\/wp-json\/wp\/v2\/posts\/3536"}],"collection":[{"href":"https:\/\/blogg.hivolda.no\/jr\/wp-json\/wp\/v2\/posts"}],"about":[{"href":"https:\/\/blogg.hivolda.no\/jr\/wp-json\/wp\/v2\/types\/post"}],"author":[{"embeddable":true,"href":"https:\/\/blogg.hivolda.no\/jr\/wp-json\/wp\/v2\/users\/13"}],"replies":[{"embeddable":true,"href":"https:\/\/blogg.hivolda.no\/jr\/wp-json\/wp\/v2\/comments?post=3536"}],"version-history":[{"count":3,"href":"https:\/\/blogg.hivolda.no\/jr\/wp-json\/wp\/v2\/posts\/3536\/revisions"}],"predecessor-version":[{"id":3648,"href":"https:\/\/blogg.hivolda.no\/jr\/wp-json\/wp\/v2\/posts\/3536\/revisions\/3648"}],"wp:attachment":[{"href":"https:\/\/blogg.hivolda.no\/jr\/wp-json\/wp\/v2\/media?parent=3536"}],"wp:term":[{"taxonomy":"category","embeddable":true,"href":"https:\/\/blogg.hivolda.no\/jr\/wp-json\/wp\/v2\/categories?post=3536"},{"taxonomy":"post_tag","embeddable":true,"href":"https:\/\/blogg.hivolda.no\/jr\/wp-json\/wp\/v2\/tags?post=3536"}],"curies":[{"name":"wp","href":"https:\/\/api.w.org\/{rel}","templated":true}]}}