{"id":3122,"date":"2021-09-08T17:08:26","date_gmt":"2021-09-08T15:08:26","guid":{"rendered":"http:\/\/blogg.hivolda.no\/jr\/?p=3122"},"modified":"2021-09-10T14:48:30","modified_gmt":"2021-09-10T12:48:30","slug":"orientering-til-hogskulestyret-9-september-2021","status":"publish","type":"post","link":"https:\/\/blogg.hivolda.no\/jr\/2021\/09\/08\/orientering-til-hogskulestyret-9-september-2021\/","title":{"rendered":"Orientering til h\u00f8gskulestyret, 9. september 2021"},"content":{"rendered":"\n<figure class=\"wp-block-image size-large\"><a href=\"https:\/\/blogg.hivolda.no\/jr\/wp-content\/uploads\/sites\/68\/2021\/09\/Styremote-2021-09-09.jpg\"><img loading=\"lazy\" decoding=\"async\" width=\"1024\" height=\"576\" src=\"https:\/\/blogg.hivolda.no\/jr\/wp-content\/uploads\/sites\/68\/2021\/09\/Styremote-2021-09-09-1024x576.jpg\" alt=\"\" class=\"wp-image-3143\" srcset=\"https:\/\/blogg.hivolda.no\/jr\/wp-content\/uploads\/sites\/68\/2021\/09\/Styremote-2021-09-09-1024x576.jpg 1024w, https:\/\/blogg.hivolda.no\/jr\/wp-content\/uploads\/sites\/68\/2021\/09\/Styremote-2021-09-09-300x169.jpg 300w, https:\/\/blogg.hivolda.no\/jr\/wp-content\/uploads\/sites\/68\/2021\/09\/Styremote-2021-09-09-768x432.jpg 768w, https:\/\/blogg.hivolda.no\/jr\/wp-content\/uploads\/sites\/68\/2021\/09\/Styremote-2021-09-09.jpg 1280w\" sizes=\"(max-width: 1024px) 100vw, 1024px\" \/><\/a><figcaption>Styrem\u00f8te 9. september 2021<\/figcaption><\/figure>\n\n\n\n<p><em>P\u00e5 kvart styrem\u00f8te gjev rektor ei kort orientering om ting som har skjedd og skjer og som styret b\u00f8r kjenne til. Desse orienteringane vert ogs\u00e5 lagt ut p\u00e5 rektorbloggen.<\/em><\/p>\n\n\n\n<p>I tillegg til denne orienteringa er det mange andre kanalar til informasjon om aktuelle saker ved H\u00f8gskulen i Volda.&nbsp;<a href=\"https:\/\/www.hivolda.no\/om-hogskulen-volda\/nyhendebrev\">Rektor skriv ogs\u00e5 eit nyhendebrev som vert send til alle tilsette, til media og andre interesserte<\/a>. Nyhendebreva er tilgjengelege p\u00e5 nettsidene v\u00e5re og alle som vil kan f\u00e5 tilsendt nyhendebrevet &#8211; ein gong i veka.<\/p>\n\n\n\n<p>Hovudpunkta i orienteringa i dette m\u00f8tet er:<\/p>\n\n\n\n<ul><li>Studiestarten, fadderveke og koronahandtering<\/li><li>Sivert Aarflot-huset, innflytting og innk\u00f8yring<\/li><li>Opptak og oppm\u00f8te<\/li><\/ul>\n\n\n\n<p><em>Studiestarten, fadderveke og koronahandtering <br \/><\/em><br \/>Studiestarten hausten 2021 ser ut til \u00e5 ha g\u00e5tt bra p\u00e5 H\u00f8gskulen i Volda. I tillegg til den vanlege spenninga knytt til \u00e5 handtere tusenvis av nye studentar s\u00e5 hadde vi den andre hausten med korona, eit lokalt utbrot to veker f\u00f8r studiestart og eit nytt stort hus som skulle kome i stand til studiestart, midt p\u00e5 h\u00f8gskuleomr\u00e5det.<\/p>\n\n\n\n<p>S\u00e5 langt er det mi vurdering at alt dette har g\u00e5tt bra, og det kan b\u00e5de tilsette og studentar takke kvarandre for. P\u00e5 sj\u00f8lve opningsdagen hadde vi ogs\u00e5 i \u00e5r spreidd mottak og velkomen til nye studentar ut over h\u00f8gskuleomr\u00e5det og dermed kunne vi b\u00e5de bruke lyd- og scenerigg fleire gonger samtidig som dei einskild studia fekk betre tid til \u00e5 gjennomf\u00f8re dagen p\u00e5 sin m\u00e5te. Det er ikkje sikkert at vi skal g\u00e5 tilbake til ei stor, felles opning i 2022 &#8211; eller vi b\u00f8r i alle fall tenke p\u00e5 om det er lurt.<\/p>\n\n\n\n<p>Fadderveka vart gjennomf\u00f8rt i betydeleg redusert omfang med sterkt fokus p\u00e5 smittevern. Heldigvis var det nokre dagar med godt ver slik at utearrangement kunne g\u00e5 bra, men st\u00f8rre utand\u00f8rsarrangement m\u00e5tte ogs\u00e5 avlysast.<\/p>\n\n\n\n<p>Regjeringa oppmoda oss sterkt om \u00e5 fjerne avstandskravet for undervisning ved semesterstart. Det var for s\u00e5 vidt noko vi hadde \u00f8nska oss, men vi var sv\u00e6rt usikre p\u00e5 korleis vi skulle forhalde oss til det sidan vi nett hadde hatt smitteutbrot i Volda og \u00d8rsta. Vi valde \u00e5 g\u00e5 for opning og la dermed om timeplanane for s\u00e5 godt som alle tilsette og studentar s\u00e5 snart det let seg gjere &#8211; ca. ei veke eller to inn i studiet. Det var for s\u00e5 vidt eit godt d\u00f8me p\u00e5 at ein liten institusjon kan snu seg raskt &#8211; vi ser jo at dei store universiteta kjem til \u00e5 k\u00f8yre med strengt smittevernregime i haust, men det er nok fleire \u00e5rsaker til ei slik vurdering &#8211; b\u00e5de smittesituasjon og logistikk.<\/p>\n\n\n\n<p>Elles er det mitt personlege inntrykk at studentane no kanskje kjenner seg litt for trygge og at smittevernomsyn har vorte nedprioritert utanfor undervisning. Vi f\u00e5r berre h\u00e5pe at vi kan unng\u00e5 smitte ogs\u00e5 framover, men det har vore og er smitte i mange kommunar p\u00e5 Sunnm\u00f8re dei siste vekene.<\/p>\n\n\n\n<p>Vi har hatt b\u00e5de tilbod om vaksine p\u00e5 h\u00f8gskulen, om testing og har ogs\u00e5 eit eksperiment med gruppetesting av korona.<\/p>\n\n\n\n<p>P\u00e5 grunn av korona har vi ogs\u00e5 m\u00e5tta utsette 50-\u00e5rsmarkeringa b\u00e5de for sosialfag og for mediefag til neste \u00e5r.<\/p>\n\n\n\n<p><em>Sivert Aarflot-huset, innflytting og innk\u00f8yring<\/em><\/p>\n\n\n\n<p>H\u00f8gskulestyret skal seinare i dag f\u00e5 omvising p\u00e5 Sivert Aarflot-huset. Det gler vi oss til &#8211; og dei som har vore p\u00e5 bes\u00f8k p\u00e5 h\u00f8gskulen har skrytt av huset. B\u00e5de Erna Solberg, Trygve Slagsvold Vedum og fleire andre politikarar har alt vore her &#8211; s\u00e5 no ventar vi berre p\u00e5 at Jonas Gahr St\u00f8re skal kome, s\u00e5 har vi hatt alle statsministerkandidatane her.&nbsp;<\/p>\n\n\n\n<!--nextpage-->\n\n\n\n<p>Som for alle nye hus har ogs\u00e5 Sivert Aarflot-huset hatt &#8211; og har &#8211; nokre innk\u00f8yringsproblem. Det handlar hovudsakleg om elektronisk utstyr som har hatt sv\u00e6rt lang leveringstid p\u00e5 grunn av pandemien. Eg har inntrykk av at problema blir l\u00f8yst eitt etter eitt s\u00e5 vi n\u00e6rmar oss. Arbeidsplassar til tilsette var p\u00e5 plass f\u00f8r sommarferien s\u00e5 dei har installert seg godt i det nye huset.<\/p>\n\n\n\n<p>N\u00e5r det gjeld parkering s\u00e5 har vi ogs\u00e5 denne hausten hatt problem med fulle parkeringsplassar, men vi har ogs\u00e5 f\u00e5tt tilgang p\u00e5 100 parkeringsplassar i kjellaren p\u00e5 idrettshallen Volda Campus Sparebank1 Arena, og her har det stort sett vore mykje ledige plassar, s\u00e5 der har vi heldigvis litt \u00e5 g\u00e5 p\u00e5.<\/p>\n\n\n\n<p><em>Opptak og oppm\u00f8te<\/em><\/p>\n\n\n\n<p>Som det vil g\u00e5 fram av saka om opptaket seinare i dag s\u00e5 er det f\u00f8rst langt ut i oktober at vi veit kor mange studentar som faktisk har tatt i mot studieplass, m\u00f8tt opp, betalt semesteravgift og faktisk starta p\u00e5 studiet. I fjor hadde vi 4.750 studentar og i blir det litt l\u00e5gare. Vi tilbyr f\u00e6rre etter- og vidareutdanningskurs for l\u00e6rarar og har dermed ogs\u00e5 f\u00e6rre studentar.<\/p>\n\n\n\n<p>Det er difor noko tidleg \u00e5 seie korleis det faktisk ser ut i klasseroma p\u00e5 dei ulike studia, men hovudinntrykket er at vi i sum er der vi har rekna med \u00e5 vere.&nbsp;<\/p>\n","protected":false},"excerpt":{"rendered":"<p>P\u00e5 kvart styrem\u00f8te gjev rektor ei kort orientering om ting som har skjedd og skjer og som styret b\u00f8r kjenne til. Desse orienteringane vert ogs\u00e5 lagt ut p\u00e5 rektorbloggen. I tillegg til denne orienteringa er det mange andre kanalar til informasjon om aktuelle saker ved H\u00f8gskulen i Volda.&nbsp;Rektor skriv ogs\u00e5 eit nyhendebrev som vert send &hellip; <a href=\"https:\/\/blogg.hivolda.no\/jr\/2021\/09\/08\/orientering-til-hogskulestyret-9-september-2021\/\" class=\"more-link\">Fortsett \u00e5 lese <span class=\"screen-reader-text\">Orientering til h\u00f8gskulestyret, 9. september 2021<\/span><\/a><\/p>\n","protected":false},"author":13,"featured_media":0,"comment_status":"open","ping_status":"open","sticky":false,"template":"","format":"aside","meta":{"footnotes":""},"categories":[8],"tags":[192],"post_mailing_queue_ids":[],"_links":{"self":[{"href":"https:\/\/blogg.hivolda.no\/jr\/wp-json\/wp\/v2\/posts\/3122"}],"collection":[{"href":"https:\/\/blogg.hivolda.no\/jr\/wp-json\/wp\/v2\/posts"}],"about":[{"href":"https:\/\/blogg.hivolda.no\/jr\/wp-json\/wp\/v2\/types\/post"}],"author":[{"embeddable":true,"href":"https:\/\/blogg.hivolda.no\/jr\/wp-json\/wp\/v2\/users\/13"}],"replies":[{"embeddable":true,"href":"https:\/\/blogg.hivolda.no\/jr\/wp-json\/wp\/v2\/comments?post=3122"}],"version-history":[{"count":6,"href":"https:\/\/blogg.hivolda.no\/jr\/wp-json\/wp\/v2\/posts\/3122\/revisions"}],"predecessor-version":[{"id":3144,"href":"https:\/\/blogg.hivolda.no\/jr\/wp-json\/wp\/v2\/posts\/3122\/revisions\/3144"}],"wp:attachment":[{"href":"https:\/\/blogg.hivolda.no\/jr\/wp-json\/wp\/v2\/media?parent=3122"}],"wp:term":[{"taxonomy":"category","embeddable":true,"href":"https:\/\/blogg.hivolda.no\/jr\/wp-json\/wp\/v2\/categories?post=3122"},{"taxonomy":"post_tag","embeddable":true,"href":"https:\/\/blogg.hivolda.no\/jr\/wp-json\/wp\/v2\/tags?post=3122"}],"curies":[{"name":"wp","href":"https:\/\/api.w.org\/{rel}","templated":true}]}}