{"id":3045,"date":"2021-06-17T10:16:25","date_gmt":"2021-06-17T08:16:25","guid":{"rendered":"http:\/\/blogg.hivolda.no\/jr\/?p=3045"},"modified":"2021-06-17T10:29:05","modified_gmt":"2021-06-17T08:29:05","slug":"forste-statsministerbesok-pa-kor-lenge","status":"publish","type":"post","link":"https:\/\/blogg.hivolda.no\/jr\/2021\/06\/17\/forste-statsministerbesok-pa-kor-lenge\/","title":{"rendered":"F\u00f8rste statsministerbes\u00f8k! P\u00e5 kor lenge?"},"content":{"rendered":"\n<p>H\u00f8gskulen i Volda f\u00e5r 20. juni 2021 bes\u00f8k av <a href=\"https:\/\/no.wikipedia.org\/wiki\/Erna_Solberg\">statsminister Erna Solberg<\/a>, og ho er s\u00e6rleg interessert i f\u00e5 vite meir om <a href=\"https:\/\/www.hivolda.no\/mediebygg\">Sivert Aarflot-huset, det nye mediebygget<\/a>. <\/p>\n\n\n\n<figure class=\"wp-block-image size-large\"><a href=\"https:\/\/blogg.hivolda.no\/jr\/wp-content\/uploads\/sites\/68\/2021\/06\/erna-solberg-hav1-281020-scaled.jpg\"><img loading=\"lazy\" decoding=\"async\" width=\"1024\" height=\"692\" src=\"https:\/\/blogg.hivolda.no\/jr\/wp-content\/uploads\/sites\/68\/2021\/06\/erna-solberg-hav1-281020-1024x692.jpg\" alt=\"\" class=\"wp-image-3048\" srcset=\"https:\/\/blogg.hivolda.no\/jr\/wp-content\/uploads\/sites\/68\/2021\/06\/erna-solberg-hav1-281020-1024x692.jpg 1024w, https:\/\/blogg.hivolda.no\/jr\/wp-content\/uploads\/sites\/68\/2021\/06\/erna-solberg-hav1-281020-300x203.jpg 300w, https:\/\/blogg.hivolda.no\/jr\/wp-content\/uploads\/sites\/68\/2021\/06\/erna-solberg-hav1-281020-768x519.jpg 768w, https:\/\/blogg.hivolda.no\/jr\/wp-content\/uploads\/sites\/68\/2021\/06\/erna-solberg-hav1-281020-1536x1038.jpg 1536w, https:\/\/blogg.hivolda.no\/jr\/wp-content\/uploads\/sites\/68\/2021\/06\/erna-solberg-hav1-281020-2048x1383.jpg 2048w\" sizes=\"(max-width: 1024px) 100vw, 1024px\" \/><\/a><figcaption>Foto: Eirin Larsen\/Statsministerens kontor<\/figcaption><\/figure>\n\n\n\n<p>Men n\u00e5r fekk H\u00f8gskulen i Volda \/ Volda l\u00e6rar(h\u00f8g)skule \/ DH-skulen sist bes\u00f8k av ein sittande statsminister? Etter det eg har klart \u00e5 finne ut m\u00e5 vi tilbake til 1978: Odvar Nordli bes\u00f8kte Volda l\u00e6rarh\u00f8gskule tysdag 12. september. Lokalavisa M\u00f8re f\u00f8lgde bes\u00f8ket tett og lurte blant anna p\u00e5 kva Nordli hadde f\u00e5tt ut av m\u00f8tet med studentar og tilsette p\u00e5 Volda l\u00e6rarh\u00f8gskule, der Nordli var noko vag, men hadde f\u00e5tt med seg \u00f8nske og planar om nybygg ved l\u00e6rarskulen. <\/p>\n\n\n\n<p><a href=\"https:\/\/snl.no\/Odvar_Nordli\">Odvar Nordli var statsminister fr\u00e5 1976-1981.<\/a><\/p>\n\n\n\n<p>P\u00e5 Volda Samfunnshus same kvelden heldt Nordli ein tale som vekte nasjonal oppsikt. Bergens Tidende skreiv: &laquo;Alvorspreget Odvar Nordli: Vanskene t\u00e5rner seg opp for oss&raquo;. VG skreiv: &laquo;Beskjed om m\u00e5tehold&raquo;. S\u00e5 landet rundt vart talen omtala som talen &laquo;p\u00e5 Volda&raquo;. Ja ja. Det var heile 300 framm\u00f8tte som f\u00f8lgde talen til Nordli.<\/p>\n\n\n\n<figure class=\"wp-block-image size-large\"><a href=\"https:\/\/blogg.hivolda.no\/jr\/wp-content\/uploads\/sites\/68\/2021\/06\/Odvar-Nordli-1978.jpg\"><img loading=\"lazy\" decoding=\"async\" width=\"983\" height=\"716\" src=\"https:\/\/blogg.hivolda.no\/jr\/wp-content\/uploads\/sites\/68\/2021\/06\/Odvar-Nordli-1978.jpg\" alt=\"\" class=\"wp-image-3046\" srcset=\"https:\/\/blogg.hivolda.no\/jr\/wp-content\/uploads\/sites\/68\/2021\/06\/Odvar-Nordli-1978.jpg 983w, https:\/\/blogg.hivolda.no\/jr\/wp-content\/uploads\/sites\/68\/2021\/06\/Odvar-Nordli-1978-300x219.jpg 300w, https:\/\/blogg.hivolda.no\/jr\/wp-content\/uploads\/sites\/68\/2021\/06\/Odvar-Nordli-1978-768x559.jpg 768w\" sizes=\"(max-width: 983px) 100vw, 983px\" \/><\/a><\/figure>\n\n\n\n<p>Men ein feil har kanskje M\u00f8re i 1978 har gjort n\u00e5r dei i overskrifta kalla bes\u00f8ket historisk og skreiv at Odvar Nordli var den f\u00f8rste statsminister som bes\u00f8kte Volda l\u00e6rarskule. <\/p>\n\n\n\n<p>For l\u00e6rarskulen hadde ogs\u00e5 tidlegare f\u00e5tt bes\u00f8k av ein statsminister, men vi m\u00e5 heilt tilbake til 1930! <a href=\"https:\/\/snl.no\/Johan_Ludwig_Mowinckel\">I 1930 var landets statsminister Johan Ludwig Mowinckel<\/a>, borgarleg venstremann fr\u00e5 Bergen, og det kan virke som han starta valkampen i Volda s\u00f8ndag 22. juni 1930.<\/p>\n\n\n\n<p>Mowinckel var p\u00e5 politisk reise i regionen og skulle eigentleg halde sin tale p\u00e5 Idrettsplassen ved Volda vidareg\u00e5ande skule. Men Mowinckel vart forsinka og Idrettsplassen var alt lova vekk til Arbeidarpartiet sin stortingsrepresentant Nordanger, s\u00e5 Mowinckel m\u00e5tte flytte til Volda l\u00e6rarh\u00f8gskule. Der heldt han sin politiske tale fr\u00e5 verandaen i det som i dag heiter Henrik Kaarstad-huset. Den politiske temperaturen og interessa var sv\u00e6rt h\u00f8g i 1930, og Mowinckel hadde kanskje s\u00e5 mange som 1.200 tilh\u00f8yrar &laquo;fr\u00e5 Volda, Dalsfjord, \u00d8rsta og Hj\u00f8rundfjord.&raquo; Venstreavisa Sunnm\u00f8rsposten som omtalte talen slik: &laquo;Og folk fylgde spent med i det stemningsfulle og kl\u00e5re foredraget, som fekk sterk fagning.&raquo; <\/p>\n\n\n\n<figure class=\"wp-block-image size-large\"><a href=\"https:\/\/blogg.hivolda.no\/jr\/wp-content\/uploads\/sites\/68\/2021\/06\/Johan-Ludw-Mowinckel-1930.jpg\"><img loading=\"lazy\" decoding=\"async\" width=\"1024\" height=\"609\" src=\"https:\/\/blogg.hivolda.no\/jr\/wp-content\/uploads\/sites\/68\/2021\/06\/Johan-Ludw-Mowinckel-1930-1024x609.jpg\" alt=\"\" class=\"wp-image-3047\" srcset=\"https:\/\/blogg.hivolda.no\/jr\/wp-content\/uploads\/sites\/68\/2021\/06\/Johan-Ludw-Mowinckel-1930-1024x609.jpg 1024w, https:\/\/blogg.hivolda.no\/jr\/wp-content\/uploads\/sites\/68\/2021\/06\/Johan-Ludw-Mowinckel-1930-300x178.jpg 300w, https:\/\/blogg.hivolda.no\/jr\/wp-content\/uploads\/sites\/68\/2021\/06\/Johan-Ludw-Mowinckel-1930-768x457.jpg 768w, https:\/\/blogg.hivolda.no\/jr\/wp-content\/uploads\/sites\/68\/2021\/06\/Johan-Ludw-Mowinckel-1930.jpg 1204w\" sizes=\"(max-width: 1024px) 100vw, 1024px\" \/><\/a><figcaption>M\u00f8re refererte Mowinckels tale, 24. juni 1930.<\/figcaption><\/figure>\n\n\n\n<p>M\u00f8re leverte tysdag 24. juni fyldige referat b\u00e5de fr\u00e5 Mowinckel og Nordanger sine talar under overskrifta: &laquo;Dei politiske foredragi sundag.&raquo; Av referatet g\u00e5r det fram at Mowinckel stort sett tala om nasjonale politiske sp\u00f8rsm\u00e5l, men han sa ogs\u00e5: <\/p>\n\n\n\n<p><em>&laquo;Vinstre vil framleis ta seg av dei kulturelle spursm\u00e5l. Lovi om 4 \u00e5rs l\u00e6rarskule t. d. viser det. Talaren nemnde med honn\u00f8r statsr\u00e5d <a href=\"https:\/\/snl.no\/Sigvald_Hasund\">[Sigvald] Hasund<\/a> og <a href=\"https:\/\/www.allkunne.no\/framside\/biografiar\/v\/anders-vassbotn\/105\/942\/\">Anders Vassbotn<\/a> for deira arbeid for denne lovi.&raquo; <\/em><\/p>\n\n\n\n<p>S\u00e5 bes\u00f8ket til Mowinckel var alts\u00e5 ikkje planlagt lagt til Volda l\u00e6rarh\u00f8gskule &#8211; det var ein improvisasjon fordi Idrettsplassen var oppteken! S\u00e5 om dette verkeleg var det f\u00f8rste statsminsterbes\u00f8ket p\u00e5 Volda l\u00e6rarh\u00f8gskule s\u00e5 var det noks\u00e5 tilfeldig &#8211; men Mowinckel var alts\u00e5 inne i Henrik Kaarstad-huset og d\u00e5 m\u00e5 vel dette reknast som eit bes\u00f8k? <\/p>\n\n\n\n<p>Elles er det interessant \u00e5 sj\u00e5 p\u00e5 desse tre statsministerbes\u00f8ka ut i fr\u00e5 si tid: <\/p>\n\n\n\n<ul><li>1930: Mowinckel samla truleg over 1.000 tilh\u00f8yrarar til ein klassisk politisk tale, utand\u00f8rs. Lokalmedia dekte hendinga i stor detalj, men om det finst bilde av hendinga stod dei ikkje i avisene. Kanskje nokon i Volda har eit gammalt bilde fr\u00e5 m\u00f8tet? Hadde Mowinckel tid til \u00e5 snakke med folk? Det er usikkert. Talen var i fokus i avisa.<\/li><li>1978: Odvar Nordli samla godt med folk &#8211; 300 i Volda samfunnshus. Fleire aviser f\u00f8lgde bes\u00f8ket, og det var vel fullt hus, og talen som Nordli heldt vart sitert landet rundt. Gamle voldingar hugsar framleis m\u00f8tet med Nordli &#8211; b\u00e5de at han var interessert i \u00e5 snakke med folk &#8211; og at han var ein framifr\u00e5 forteljar! <\/li><li>2021: Erna Solberg er ogs\u00e5 p\u00e5 politisk turne og vil bes\u00f8ke H\u00f8gskulen i Volda i tillegg til mange andre stader i regionen. Det er ikkje lagt opp til noko politisk m\u00f8te denne gongen, s\u00e5 publikum er eigentleg dei journalistane som blir med p\u00e5 m\u00f8tet, men Solberg har vore tydeleg p\u00e5 at ho \u00f8nsker \u00e5 snakke med b\u00e5de tilsette og studentar. Men Solberg hadde naturlegvis ogs\u00e5 f\u00e5tt ta seg ein tur opp p\u00e5 Mowinckel-verandaen om ho hadde \u00f8nska det! <\/li><\/ul>\n\n\n\n<figure class=\"wp-block-image size-large\"><a href=\"http:\/\/blogg.hivolda.no\/jr\/wp-content\/uploads\/sites\/68\/2021\/06\/MMP-avslutning_Kaarstad-trappa-foto-Julie-Wiken-Krogstadmo.jpg\"><img loading=\"lazy\" decoding=\"async\" width=\"1024\" height=\"768\" src=\"http:\/\/blogg.hivolda.no\/jr\/wp-content\/uploads\/sites\/68\/2021\/06\/MMP-avslutning_Kaarstad-trappa-foto-Julie-Wiken-Krogstadmo-1024x768.jpg\" alt=\"\" class=\"wp-image-3035\" srcset=\"https:\/\/blogg.hivolda.no\/jr\/wp-content\/uploads\/sites\/68\/2021\/06\/MMP-avslutning_Kaarstad-trappa-foto-Julie-Wiken-Krogstadmo-1024x768.jpg 1024w, https:\/\/blogg.hivolda.no\/jr\/wp-content\/uploads\/sites\/68\/2021\/06\/MMP-avslutning_Kaarstad-trappa-foto-Julie-Wiken-Krogstadmo-300x225.jpg 300w, https:\/\/blogg.hivolda.no\/jr\/wp-content\/uploads\/sites\/68\/2021\/06\/MMP-avslutning_Kaarstad-trappa-foto-Julie-Wiken-Krogstadmo-768x576.jpg 768w, https:\/\/blogg.hivolda.no\/jr\/wp-content\/uploads\/sites\/68\/2021\/06\/MMP-avslutning_Kaarstad-trappa-foto-Julie-Wiken-Krogstadmo-1536x1152.jpg 1536w, https:\/\/blogg.hivolda.no\/jr\/wp-content\/uploads\/sites\/68\/2021\/06\/MMP-avslutning_Kaarstad-trappa-foto-Julie-Wiken-Krogstadmo.jpg 2000w\" sizes=\"(max-width: 1024px) 100vw, 1024px\" \/><\/a><figcaption>Framfor Mowinckel-verandaen? Glade nye masterstudentar p\u00e5 Avdeling for mediefag v\u00e5ren 2021. Fr\u00e5 venstre: Eirik Aarseth, Franziska Schminke, Andrea Schr\u00f8der Karlsen og Nini Bakke Kristiansen. Foto: Julie Wiken Krogstadmo, H\u00f8gskulen i Volda<\/figcaption><\/figure>\n\n\n\n<p>Eit sluttpoeng for politikarar er naturlegvis at val er viktig &#8211; og det var val\u00e5r b\u00e5de i 1930, 1979 (lokalval) &#8211; 2021. Eit litt artig frampeik for Erna Solberg kan vere at sj\u00f8lv om Mowinckel (V) og Nordli (Ap) heldt fram som statsministerar etter vala i 1930 og 1979 s\u00e5 var det nok H\u00f8gre som gjorde det best b\u00e5de i 1930 og 1979!  <\/p>\n\n\n\n<p><em>Nesten-ministrane<\/em><\/p>\n\n\n\n<p>I arbeidet med \u00e5 r\u00f8kje etter og n\u00f8ste i historia har det kome fram ogs\u00e5 andre statsministernamn som har bes\u00f8kt H\u00f8gskulen i Volda. Fremst i minnet var kanskje Einar Gerhardsen &#8211; men det var i 1985 &#8211; fleire ti\u00e5r etter at han hadde slutta som statsminister. <\/p>\n\n\n\n<p>N\u00e6rast var kanskje Per Borten som i 1967 deltok i Norges Bondelag sitt landsm\u00f8te i Volda. Landsm\u00f8tet vart arrangert p\u00e5 Volda ungdomsskule (\u00d8yraskulen), men om Borten nytta h\u00f8vet og stakk innom Volda l\u00e6rarh\u00f8gskule har eg ikkje funne nokon kjelder som fortel noko om. <\/p>\n","protected":false},"excerpt":{"rendered":"<p>H\u00f8gskulen i Volda f\u00e5r 20. juni 2021 bes\u00f8k av statsminister Erna Solberg, og ho er s\u00e6rleg interessert i f\u00e5 vite meir om Sivert Aarflot-huset, det nye mediebygget. Men n\u00e5r fekk H\u00f8gskulen i Volda \/ Volda l\u00e6rar(h\u00f8g)skule \/ DH-skulen sist bes\u00f8k av ein sittande statsminister? Etter det eg har klart \u00e5 finne ut m\u00e5 vi tilbake &hellip; <a href=\"https:\/\/blogg.hivolda.no\/jr\/2021\/06\/17\/forste-statsministerbesok-pa-kor-lenge\/\" class=\"more-link\">Fortsett \u00e5 lese <span class=\"screen-reader-text\">F\u00f8rste statsministerbes\u00f8k! P\u00e5 kor lenge?<\/span><\/a><\/p>\n","protected":false},"author":13,"featured_media":0,"comment_status":"open","ping_status":"open","sticky":false,"template":"","format":"aside","meta":{"footnotes":""},"categories":[1],"tags":[253,252,65],"post_mailing_queue_ids":[],"_links":{"self":[{"href":"https:\/\/blogg.hivolda.no\/jr\/wp-json\/wp\/v2\/posts\/3045"}],"collection":[{"href":"https:\/\/blogg.hivolda.no\/jr\/wp-json\/wp\/v2\/posts"}],"about":[{"href":"https:\/\/blogg.hivolda.no\/jr\/wp-json\/wp\/v2\/types\/post"}],"author":[{"embeddable":true,"href":"https:\/\/blogg.hivolda.no\/jr\/wp-json\/wp\/v2\/users\/13"}],"replies":[{"embeddable":true,"href":"https:\/\/blogg.hivolda.no\/jr\/wp-json\/wp\/v2\/comments?post=3045"}],"version-history":[{"count":4,"href":"https:\/\/blogg.hivolda.no\/jr\/wp-json\/wp\/v2\/posts\/3045\/revisions"}],"predecessor-version":[{"id":3053,"href":"https:\/\/blogg.hivolda.no\/jr\/wp-json\/wp\/v2\/posts\/3045\/revisions\/3053"}],"wp:attachment":[{"href":"https:\/\/blogg.hivolda.no\/jr\/wp-json\/wp\/v2\/media?parent=3045"}],"wp:term":[{"taxonomy":"category","embeddable":true,"href":"https:\/\/blogg.hivolda.no\/jr\/wp-json\/wp\/v2\/categories?post=3045"},{"taxonomy":"post_tag","embeddable":true,"href":"https:\/\/blogg.hivolda.no\/jr\/wp-json\/wp\/v2\/tags?post=3045"}],"curies":[{"name":"wp","href":"https:\/\/api.w.org\/{rel}","templated":true}]}}