{"id":2723,"date":"2020-11-27T09:09:39","date_gmt":"2020-11-27T08:09:39","guid":{"rendered":"http:\/\/blogg.hivolda.no\/jr\/?p=2723"},"modified":"2020-11-27T09:10:30","modified_gmt":"2020-11-27T08:10:30","slug":"adventskonsert-2020","status":"publish","type":"post","link":"https:\/\/blogg.hivolda.no\/jr\/2020\/11\/27\/adventskonsert-2020\/","title":{"rendered":"Adventskonsert 2020: Helsing fr\u00e5 rektor"},"content":{"rendered":"\n<figure class=\"wp-block-embed-youtube wp-block-embed is-type-video is-provider-youtube wp-embed-aspect-16-9 wp-has-aspect-ratio\"><div class=\"wp-block-embed__wrapper\">\n<iframe loading=\"lazy\" title=\"Adventskonsert 2020\" width=\"660\" height=\"371\" src=\"https:\/\/www.youtube.com\/embed\/MWjgKAs7W2I?feature=oembed\" frameborder=\"0\" allow=\"accelerometer; autoplay; clipboard-write; encrypted-media; gyroscope; picture-in-picture; web-share\" referrerpolicy=\"strict-origin-when-cross-origin\" allowfullscreen><\/iframe>\n<\/div><figcaption>Dei siste strofene fr\u00e5 &laquo;Det lyser i stille grender&raquo; ved H\u00f8gskulekoret, H\u00f8gskulen i Volda. <\/figcaption><\/figure>\n\n\n\n<p><em>Helsing fr\u00e5 rektor:<\/em><\/p>\n\n\n\n<p>Eg vil med dette p\u00e5 vegne av H\u00f8gskulen i Volda &#8211; men ogs\u00e5 som publikummar, som lyttar, f\u00e5 takke studentar og l\u00e6rarar, korsongarar og musikkar, dirigentar og musikkl\u00e6rarar for at de har gjeve oss denne adventskonserten.<\/p>\n\n\n\n<p>For mange av oss er adventskonserten kanskje den aller f\u00f8rste juleg\u00e5va, og om den st\u00f8rste gleda er \u00e5 gjere andre glad, s\u00e5 h\u00e5per og trur eg at vi alle kan vere litt ekstra glade p\u00e5 denne litt m\u00f8rklagde novemberkvelden i vesle Volda.<\/p>\n\n\n\n<p>Det var plass berre til 50 i voldakyrkja i dag &#8211; denne sunnm\u00f8rskatedralen som eigentleg har plass til meir enn ti gongar s\u00e5 mange p\u00e5 sine benkar. Vi har grunn til \u00e5 f\u00f8le oss heldige og utvalde vi som fekk plass her i dag.<\/p>\n\n\n\n<p>Her, p\u00e5 denne staden, p\u00e5 tomta som voldakyrkja st\u00e5r p\u00e5, s\u00e5 har det <a href=\"https:\/\/kulturminnesok.no\/minne\/?queryString=https:\/\/data.kulturminne.no\/askeladden\/lokalitet\/85865\">truleg vore kyrkje sidan f\u00f8r svartedauden<\/a>. Her var kyrkje d\u00e5 spanskesykja tok liv for 100 \u00e5r sidan. Og her er kyrkje i dag.<\/p>\n\n\n\n<p>Dei kom seg gjennom det f\u00f8r i tida ogs\u00e5 &#8211; vi kjem oss gjennom det &#8211; vi ogs\u00e5.<\/p>\n\n\n\n<p>Det har ikkje vore det same kyrkjehuset i alle desse \u00e5ra. Kyrkjehusa har vorte rivne, her har vore brann og her var byggeplass i mange \u00e5r. S\u00e5 opplevinga av huset, av advent og om her har vore adventskonsert &#8211; det har nok vore s\u00e5 ymse.<\/p>\n\n\n\n<p>Men det som har vore felles i 800 \u00e5r er nok at n\u00e5r den m\u00f8rke \u00e5rstida tek grep, n\u00e5r regnet blindar oss og v\u00e5ren synes fjern &#8211; d\u00e5 har folk samla seg her&nbsp; &#8211; s\u00f8kt kvarandres selskap og sunge i lag.<\/p>\n\n\n\n<p>Sj\u00f8lv om allsong alts\u00e5 var forbode i \u00e5r &#8211; men desto bedre at h\u00f8gskulekoret syng for oss!<\/p>\n\n\n\n<p>Songen og musikken vi har f\u00e5tt h\u00f8yre i dag er b\u00e5de tidlaus &#8211; og tidsrett.<\/p>\n\n\n\n<p>Det viktige er at vi har f\u00e5tt ei tid i lag har nok behov for det &#8211; \u00e5 rive oss litt laus fr\u00e5 samtida, fr\u00e5 kvardagen. Og de som har framf\u00f8rt musikken og sunge i koret trur eg ogs\u00e5 har opplevd akkurat det &#8211; \u00e5 hoppe ut av tida og inn i musikken. Og der har vi vore i lag &#8211; den strenge koronameteren gjeld ikkje lenger &#8211; i musikken f\u00e5r vi kome s\u00e5 n\u00e6r kvarandre som vi berre vil &#8211; og er det noko vi treng, s\u00e5 er det akkurat det.<\/p>\n\n\n\n<p>De som har vore studentar i Volda i 2020 har f\u00e5tt eit \u00e5r som de alltid vil hugse. Eit \u00e5r som har hatt sine nedturar &#8211; men eg h\u00e5par og trur at akkurat denne adventskonserten berre var ein opptur. Ein opptur som de har gitt oss andre ogs\u00e5, og som vi alle kan ta med oss inn i jula og vinterm\u00e5nadane som st\u00e5r framfor oss.<\/p>\n\n\n\n<p>S\u00e5 igjen: Takk for at vi ei stund har f\u00e5tt ein bit av noko, anna, noko tidlaust, kanskje evig, og for ord og tonar som vil gjere b\u00e5de kvardagen og kvar einaste dag framover eit lysare og mildare preg.<\/p>\n\n\n\n<p>Lukke til p\u00e5 eksamen og ha ei god jul, kvar og ein!<\/p>\n","protected":false},"excerpt":{"rendered":"<p>Helsing fr\u00e5 rektor: Eg vil med dette p\u00e5 vegne av H\u00f8gskulen i Volda &#8211; men ogs\u00e5 som publikummar, som lyttar, f\u00e5 takke studentar og l\u00e6rarar, korsongarar og musikkar, dirigentar og musikkl\u00e6rarar for at de har gjeve oss denne adventskonserten. For mange av oss er adventskonserten kanskje den aller f\u00f8rste juleg\u00e5va, og om den st\u00f8rste gleda &hellip; <a href=\"https:\/\/blogg.hivolda.no\/jr\/2020\/11\/27\/adventskonsert-2020\/\" class=\"more-link\">Fortsett \u00e5 lese <span class=\"screen-reader-text\">Adventskonsert 2020: Helsing fr\u00e5 rektor<\/span><\/a><\/p>\n","protected":false},"author":13,"featured_media":0,"comment_status":"open","ping_status":"open","sticky":false,"template":"","format":"aside","meta":{"footnotes":""},"categories":[1],"tags":[],"post_mailing_queue_ids":[],"_links":{"self":[{"href":"https:\/\/blogg.hivolda.no\/jr\/wp-json\/wp\/v2\/posts\/2723"}],"collection":[{"href":"https:\/\/blogg.hivolda.no\/jr\/wp-json\/wp\/v2\/posts"}],"about":[{"href":"https:\/\/blogg.hivolda.no\/jr\/wp-json\/wp\/v2\/types\/post"}],"author":[{"embeddable":true,"href":"https:\/\/blogg.hivolda.no\/jr\/wp-json\/wp\/v2\/users\/13"}],"replies":[{"embeddable":true,"href":"https:\/\/blogg.hivolda.no\/jr\/wp-json\/wp\/v2\/comments?post=2723"}],"version-history":[{"count":3,"href":"https:\/\/blogg.hivolda.no\/jr\/wp-json\/wp\/v2\/posts\/2723\/revisions"}],"predecessor-version":[{"id":2726,"href":"https:\/\/blogg.hivolda.no\/jr\/wp-json\/wp\/v2\/posts\/2723\/revisions\/2726"}],"wp:attachment":[{"href":"https:\/\/blogg.hivolda.no\/jr\/wp-json\/wp\/v2\/media?parent=2723"}],"wp:term":[{"taxonomy":"category","embeddable":true,"href":"https:\/\/blogg.hivolda.no\/jr\/wp-json\/wp\/v2\/categories?post=2723"},{"taxonomy":"post_tag","embeddable":true,"href":"https:\/\/blogg.hivolda.no\/jr\/wp-json\/wp\/v2\/tags?post=2723"}],"curies":[{"name":"wp","href":"https:\/\/api.w.org\/{rel}","templated":true}]}}