{"id":2432,"date":"2020-02-22T14:27:45","date_gmt":"2020-02-22T13:27:45","guid":{"rendered":"http:\/\/blogg.hivolda.no\/jr\/?p=2432"},"modified":"2020-03-09T15:18:30","modified_gmt":"2020-03-09T14:18:30","slug":"helsing-til-doktorand-anne-randi-fagerlid-festoy","status":"publish","type":"post","link":"https:\/\/blogg.hivolda.no\/jr\/2020\/02\/22\/helsing-til-doktorand-anne-randi-fagerlid-festoy\/","title":{"rendered":"Helsing til doktorand Anne Randi Fagerlid Fest\u00f8y"},"content":{"rendered":"\n<figure class=\"wp-block-image size-large\"><img loading=\"lazy\" decoding=\"async\" width=\"1024\" height=\"768\" src=\"https:\/\/blogg.hivolda.no\/jr\/wp-content\/uploads\/sites\/68\/2020\/02\/Fagerlid-Fest\u00f8y-disputas-1024x768.jpg\" alt=\"\" class=\"wp-image-2433\" srcset=\"https:\/\/blogg.hivolda.no\/jr\/wp-content\/uploads\/sites\/68\/2020\/02\/Fagerlid-Fest\u00f8y-disputas-1024x768.jpg 1024w, https:\/\/blogg.hivolda.no\/jr\/wp-content\/uploads\/sites\/68\/2020\/02\/Fagerlid-Fest\u00f8y-disputas-300x225.jpg 300w, https:\/\/blogg.hivolda.no\/jr\/wp-content\/uploads\/sites\/68\/2020\/02\/Fagerlid-Fest\u00f8y-disputas-768x576.jpg 768w, https:\/\/blogg.hivolda.no\/jr\/wp-content\/uploads\/sites\/68\/2020\/02\/Fagerlid-Fest\u00f8y-disputas-1536x1152.jpg 1536w, https:\/\/blogg.hivolda.no\/jr\/wp-content\/uploads\/sites\/68\/2020\/02\/Fagerlid-Fest\u00f8y-disputas-2048x1536.jpg 2048w\" sizes=\"(max-width: 1024px) 100vw, 1024px\" \/><\/figure>\n\n\n\n<p><em>Helsing til Anne Randi Fagerlid Fest\u00f8y i h\u00f8ve doktordisputasen, framf\u00f8rt p\u00e5 doktorgradsmiddagen &#8211; her i uavkorta versjon &#8211; litt lenger enn dei tilm\u00e5lte 5 minutt.<\/em><\/p>\n\n\n\n<p>F\u00f8rst av alt: P\u00e5 vegne av alle tilsette og studentar ved H\u00f8gskulen i Volda:<br \/>Gratulerer igjen med eit gjennomf\u00f8rt doktorgradsprosjekt og ein sv\u00e6rt vellukka disputas! Det var utruleg kjekt \u00e5 f\u00e5 vere med p\u00e5 dette, og eg h\u00e5per du kjende at alle vi som sat i salen heia p\u00e5 deg, b\u00e5de rettleiar, kolleger, familie og venner.<\/p>\n\n\n\n<p><a href=\"https:\/\/www.hivolda.no\/forsking-og-utvikling\/anne-randi-fagerlid-festoy-har-disputert-ved-hogskolen-innlandet\">Omtale av disputasen p\u00e5 nettsidene til H\u00f8gskulen i Volda.<\/a><br \/><a href=\"https:\/\/www.inn.no\/om-hoegskolen\/kalender\/disputas-anne-randi-fagerlid-festoey\">Omtale av disputasen p\u00e5 nettsidene til H\u00f8gskolen i Innlandet.<\/a><\/p>\n\n\n\n<p>Eg vil ogs\u00e5 takke H\u00f8gskulen i Innlandet, rettleiarane og kommisjonen. <\/p>\n\n\n\n<figure class=\"wp-block-image size-large\"><img loading=\"lazy\" decoding=\"async\" width=\"1024\" height=\"768\" src=\"https:\/\/blogg.hivolda.no\/jr\/wp-content\/uploads\/sites\/68\/2020\/02\/Fagerlid-Fest\u00f8y-kommisjon-rettleiarar-1024x768.jpg\" alt=\"\" class=\"wp-image-2434\" srcset=\"https:\/\/blogg.hivolda.no\/jr\/wp-content\/uploads\/sites\/68\/2020\/02\/Fagerlid-Fest\u00f8y-kommisjon-rettleiarar-1024x768.jpg 1024w, https:\/\/blogg.hivolda.no\/jr\/wp-content\/uploads\/sites\/68\/2020\/02\/Fagerlid-Fest\u00f8y-kommisjon-rettleiarar-300x225.jpg 300w, https:\/\/blogg.hivolda.no\/jr\/wp-content\/uploads\/sites\/68\/2020\/02\/Fagerlid-Fest\u00f8y-kommisjon-rettleiarar-768x576.jpg 768w, https:\/\/blogg.hivolda.no\/jr\/wp-content\/uploads\/sites\/68\/2020\/02\/Fagerlid-Fest\u00f8y-kommisjon-rettleiarar-1536x1152.jpg 1536w, https:\/\/blogg.hivolda.no\/jr\/wp-content\/uploads\/sites\/68\/2020\/02\/Fagerlid-Fest\u00f8y-kommisjon-rettleiarar-2048x1536.jpg 2048w\" sizes=\"(max-width: 1024px) 100vw, 1024px\" \/><figcaption>Hovudpersonane p\u00e5 disputasen. Fr\u00e5 venstre kommisjonsmedlem\/f\u00f8rsteopponent Eirik S\u00f8rnes Jenssen (HVL), rettleiar Ann-Cathrin Faldet (HINN), doktorand Anne Randi Fagerlid Fest\u00f8y, hovudrettleiar Peder Haug (HVO), kommisjonsmedlem\/andre opponent Kerstin G\u00f6ransson (Karlstad univ.) og kommisjonsmedlem Hege Merete Somby (HINN). <\/figcaption><\/figure>\n\n\n\n<p>For H\u00f8gskulen i Volda er det avgjerande viktig at stadig fleire av v\u00e5re tilsette disputerer. Det handlar kort og godt om at for at vi ogs\u00e5 i framtida skal drive med god, h\u00f8gre utdanning i Volda, s\u00e5 m\u00e5 vi heile tida sikte h\u00f8gare. Forske meir og betre &#8211; p\u00e5 omr\u00e5de som er viktig for v\u00e5re utdanningar. Og i s\u00e5 m\u00e5te er dagens disputas midt i blinken. Fleire doktorandar, og s\u00e6rleg fleire med doktorgrad i pedagogikk og andre skulefag, det er vi sv\u00e6rt glade for. <\/p>\n\n\n\n<p>Fr\u00e5 1994 og fram til i dag har vi auka talet p\u00e5 tilsette med ca 100 \u00e5rsverk p\u00e5 H\u00f8gskulen i Volda. Og i desse ca 25 \u00e5ra har vi ogs\u00e5 auka andelen av tilsette med doktorgrad eller tilsvarande fr\u00e5 ca 25 prosent til ca 50 prosent. Det h\u00e5per eg held fram, og gjerne end\u00e5 raskare enn det har gjort til no. Og eg h\u00e5per det blir slik ogs\u00e5 vart tematisert i disputasen: At ogs\u00e5 du Anne Randi om ikkje s\u00e5 lenge vert rettleiar for nye doktorandar.  <\/p>\n\n\n\n<!--nextpage-->\n\n\n\n<p>Ein disputas er jo noko som som regel skjer berre ein gong i livet, og eg er sikker p\u00e5 at du kjem til \u00e5 hugse tilbake p\u00e5 disputasen din som ein skikkeleg opptur!<\/p>\n\n\n\n<hr class=\"wp-block-separator\" \/>\n\n\n\n<p>P\u00e5 veg hit vart eg sitjande p\u00e5 flyet saman med ein student p\u00e5 h\u00f8gskulen. Ho lurte litt p\u00e5 korleis ein s\u00e5nn disputas fungerer.  Tja \u2026. Sa eg \u2026. &laquo;Det er no litt bryllup d\u00e5&raquo;. Og d\u00e5 tenkte eg p\u00e5 at alle pynta seg og at det f\u00f8rst var ein fin seremoni og at etterp\u00e5 var det fin middag og masse gode ord.<\/p>\n\n\n\n<p>Men ho studenten tenkte p\u00e5 noko heilt anna n\u00e5r eg sa bryllup. &laquo;\u00c5 ja bryllup ja! S\u00e5 dokke akademikarar sl\u00e5r dokke laus og syng og dansar p\u00e5 bordet og fortel tvilsame vitsar?&raquo;<\/p>\n\n\n\n<p>Eg m\u00e5tte tenke meg litt om fann ut at det hadde eg ikkje opplevd p\u00e5 nokon disputas. Men eg har rett nok aldri vore p\u00e5 bryllup p\u00e5 Hamar. S\u00e5 eg er vart jammen usikker p\u00e5 kor godt det stemte.<\/p>\n\n\n\n<p>Men s\u00e5 snakka vi litt meir og tenkte at grunnen liknar kanskje ein disputas eigentleg liknar litt meir p\u00e5 ein konfirmasjon: Det er berre ein hovudperson som g\u00e5r gjennom ein seremoni og etterp\u00e5 vert rekna som vaksen &#8211; som opptatt i forskarsamfunnet.  Og etterp\u00e5 skal konfirmanten og doktoranden kose seg og f\u00e5 gode ord. Men samanlikninga halta vel litt. Det er vel kanskje ikkje s\u00e5 vanleg p\u00e5 ein konfirmant har selskap av ektemann og barn. <\/p>\n\n\n\n<p>Men i l\u00f8pet av disputasen trur eg Anne Randi og opponentane gjorde det klart at eit doktorgradsprosjekt og ein disputas &#8211; det kanskje kan likne litt p\u00e5 spesialundervisning!<\/p>\n\n\n\n<p>1) Spesialundervisning og disputasar har eit omfattande system for utgreiing og dokumentasjon. Eller som du sa p\u00e5 disputasen: Det er litt av eit styr og ei papirm\u00f8lle f\u00e5r ein n\u00e5r fram til det saka gjeld: Den faktiske undervisninga i klasseromet. Det er er litt av eit styr og ei papirm\u00f8lle b\u00e5de \u00e5 f\u00e5 doktorgradsstipend, opptak, framdriftsrapportar, publisering &#8211; og \u00e5 disputere. <\/p>\n\n\n\n<p>2) Spesialundervisning og ein disputas er ofte ein-til-ein aktivitet.<\/p>\n\n\n\n<p>3) Det krevst eit mangfald av kunnskapar fr\u00e5 opponentane og spesialpedagogane<\/p>\n\n\n\n<p>4) Elev- og doktorandengasjement hjelper veldig for at ting skal fungere, for at det skal bli samskaping. <\/p>\n\n\n\n<p>5) Og som i ein disputas er inkludering av foreldre og anna st\u00f8tteapparat &#8211; eller bakkemannskap &#8211; noko som kan hjelpe veldig p\u00e5. Kanskje er det avgjerande. <\/p>\n\n\n\n<p>Og b\u00e5de ein disputas og spesialpedagogisk arbeid har nokre tunge rammer kring seg. For disputasen gjeld at den har fleire hundre \u00e5r gamle tradisjonar for korleis ting skal gjerast. Andre tunge rammer er h\u00f8gst dagsaktuelle og g\u00e5r til d\u00f8mes inn i planane om \u00e5 f\u00e5 bygge seg eit universitet.<\/p>\n\n\n\n<p>P\u00e5 disputasen i dag tykkjer eg du svarte godt for deg. Du var ikkje redd for \u00e5 innr\u00f8mme at det var ting du ikkje hadde nemnt eller kanskje til og med gl\u00f8ymt. Samtidig som du heller ikkje var redd for \u00e5 ta diskusjonane p\u00e5 det du meinte var viktig. Og d\u00e5 tenkte eg ikkje berre p\u00e5 det som vart sagt om sunnm\u00f8ringar og pengar.<\/p>\n\n\n\n<p>Det var ein interessant diskusjon om forskaren eigentleg ikkje var forn\u00f8gd med svara som kom. Og den held nok fram.<\/p>\n\n\n\n<p>Men s\u00e5 h\u00f8yrde eg eit bittelite sukk n\u00e5r de snakka om at det framleis var mykje data som kunne danne grunnlaget for nye arbeid. &laquo;Om du inte er tr\u00f6tt p\u00e5 materialet&raquo; \u2026 som vi fekk h\u00f8yre p\u00e5 tydeleg svensk!<\/p>\n\n\n\n<p>Og det h\u00e5per vi at du ikkje er! Tr\u00f8tt p\u00e5 materialet! Det er ei g\u00e5ve ha eit &laquo;otroligt datamaterial&raquo; som det til og med er &laquo;ordning och reda&raquo; p\u00e5! Det er lovande!<\/p>\n\n\n\n<p>Du sa ogs\u00e5 noko eg trur er veldig viktig i dine sluttord med oppmoding til framtidige doktorandar: Forsk p\u00e5 noko du brenn for! S\u00e5 bra kan det seiast.<\/p>\n\n\n\n<p>Eg skal avslutte med eit lite finurleg poeng p\u00e5 latinsk. <\/p>\n\n\n\n<p>Det er jo slik at latin lenge var det dominerande l\u00e6rdomsspr\u00e5ket, og faktisk var det eit viktig poeng for dei som arbeidde for norskdom og nynorsk at ein m\u00e5tte avskaffe latin for folk flest og undervise p\u00e5 eit spr\u00e5k som folk forstod. Men LITT latin er fortsatt god latin. Og kanskje spesielt p\u00e5 ein doktordisputas. Og det eg vil seie handlar om kva du no har blitt, Anne Randi.<\/p>\n\n\n\n<p>Dei stod jo p\u00e5 trappa, heile kommisjonen og koordinatoren og erkl\u00e6rte at disputasen var godkjent. Og d\u00e5 kan det hende at vi tenkte at no er du doktor, Anne Randi. <\/p>\n\n\n\n<p>Men: Du f\u00e5r eigentleg deg TO doktortitlar: Du er no ei kort stund &laquo;Doktor designatus&raquo;. P\u00e5 latin betyr det visstnok utpeikt, men ikkje formelt godkjent. Det er nemleg eit doktorgradsutval ved H\u00f8gskolen, snart universitetet, p\u00e5 Innlandet som skal godkjenne disputasen. Og n\u00e5r dei har gjort det har du vorte Ph.d., alts\u00e5 f\u00e5tt din doktorgrad. Det varierer utruleg mykje mellom universiteta kor fort det g\u00e5r \u00e5 f\u00e5 ei slik godkjenning, men eg snakka med prodekan Susan som leia disputasen, og ho lova at p\u00e5 Innlandet er dei raske og effektive, s\u00e5 i l\u00f8pet av nokre veker f\u00e5r du eit brev i posten som stadfesting p\u00e5 at du har vorte Ph.d.!<\/p>\n\n\n\n<p>S\u00e5 inntil vidare: Gratulerer med framifr\u00e5 framf\u00f8rt disputas, doktor designatus &#8211; snart Ph.d. Anne Randi!<\/p>\n","protected":false},"excerpt":{"rendered":"<p>Helsing til Anne Randi Fagerlid Fest\u00f8y i h\u00f8ve doktordisputasen, framf\u00f8rt p\u00e5 doktorgradsmiddagen &#8211; her i uavkorta versjon &#8211; litt lenger enn dei tilm\u00e5lte 5 minutt. F\u00f8rst av alt: P\u00e5 vegne av alle tilsette og studentar ved H\u00f8gskulen i Volda:Gratulerer igjen med eit gjennomf\u00f8rt doktorgradsprosjekt og ein sv\u00e6rt vellukka disputas! Det var utruleg kjekt \u00e5 f\u00e5 &hellip; <a href=\"https:\/\/blogg.hivolda.no\/jr\/2020\/02\/22\/helsing-til-doktorand-anne-randi-fagerlid-festoy\/\" class=\"more-link\">Fortsett \u00e5 lese <span class=\"screen-reader-text\">Helsing til doktorand Anne Randi Fagerlid Fest\u00f8y<\/span><\/a><\/p>\n","protected":false},"author":13,"featured_media":0,"comment_status":"open","ping_status":"open","sticky":false,"template":"","format":"aside","meta":{"footnotes":""},"categories":[8],"tags":[177,135,176,175,137,178,174,179],"post_mailing_queue_ids":[],"_links":{"self":[{"href":"https:\/\/blogg.hivolda.no\/jr\/wp-json\/wp\/v2\/posts\/2432"}],"collection":[{"href":"https:\/\/blogg.hivolda.no\/jr\/wp-json\/wp\/v2\/posts"}],"about":[{"href":"https:\/\/blogg.hivolda.no\/jr\/wp-json\/wp\/v2\/types\/post"}],"author":[{"embeddable":true,"href":"https:\/\/blogg.hivolda.no\/jr\/wp-json\/wp\/v2\/users\/13"}],"replies":[{"embeddable":true,"href":"https:\/\/blogg.hivolda.no\/jr\/wp-json\/wp\/v2\/comments?post=2432"}],"version-history":[{"count":5,"href":"https:\/\/blogg.hivolda.no\/jr\/wp-json\/wp\/v2\/posts\/2432\/revisions"}],"predecessor-version":[{"id":2439,"href":"https:\/\/blogg.hivolda.no\/jr\/wp-json\/wp\/v2\/posts\/2432\/revisions\/2439"}],"wp:attachment":[{"href":"https:\/\/blogg.hivolda.no\/jr\/wp-json\/wp\/v2\/media?parent=2432"}],"wp:term":[{"taxonomy":"category","embeddable":true,"href":"https:\/\/blogg.hivolda.no\/jr\/wp-json\/wp\/v2\/categories?post=2432"},{"taxonomy":"post_tag","embeddable":true,"href":"https:\/\/blogg.hivolda.no\/jr\/wp-json\/wp\/v2\/tags?post=2432"}],"curies":[{"name":"wp","href":"https:\/\/api.w.org\/{rel}","templated":true}]}}