{"id":2409,"date":"2020-02-14T08:00:00","date_gmt":"2020-02-14T07:00:00","guid":{"rendered":"http:\/\/blogg.hivolda.no\/jr\/?p=2409"},"modified":"2020-03-09T15:18:36","modified_gmt":"2020-03-09T14:18:36","slug":"eu-har-forstatt-det-naeringslivet-treng-ogsa-kreativitet","status":"publish","type":"post","link":"https:\/\/blogg.hivolda.no\/jr\/2020\/02\/14\/eu-har-forstatt-det-naeringslivet-treng-ogsa-kreativitet\/","title":{"rendered":"EU har forst\u00e5tt det: N\u00e6ringslivet treng (ogs\u00e5) kreativitet"},"content":{"rendered":"\n<figure class=\"wp-block-image size-large\"><img loading=\"lazy\" decoding=\"async\" width=\"1024\" height=\"579\" src=\"https:\/\/blogg.hivolda.no\/jr\/wp-content\/uploads\/sites\/68\/2020\/02\/Horisont-europa-1024x579.jpg\" alt=\"\" class=\"wp-image-2425\" srcset=\"https:\/\/blogg.hivolda.no\/jr\/wp-content\/uploads\/sites\/68\/2020\/02\/Horisont-europa-1024x579.jpg 1024w, https:\/\/blogg.hivolda.no\/jr\/wp-content\/uploads\/sites\/68\/2020\/02\/Horisont-europa-300x170.jpg 300w, https:\/\/blogg.hivolda.no\/jr\/wp-content\/uploads\/sites\/68\/2020\/02\/Horisont-europa-768x434.jpg 768w, https:\/\/blogg.hivolda.no\/jr\/wp-content\/uploads\/sites\/68\/2020\/02\/Horisont-europa-1536x868.jpg 1536w, https:\/\/blogg.hivolda.no\/jr\/wp-content\/uploads\/sites\/68\/2020\/02\/Horisont-europa-2048x1157.jpg 2048w\" sizes=\"(max-width: 1024px) 100vw, 1024px\" \/><figcaption> Skisse av forskingsprogrammet Horisont Europa (2021-2027): Sj\u00e5 n\u00f8ye p\u00e5 &laquo;Klynge 2&raquo;. <\/figcaption><\/figure>\n\n\n\n<p>H\u00f8gskulen i Volda\nhar i sin utviklingsavtale med Kunnskapsdepartementet lagt inn eit spennande &#8211;\nog litt ope tema: Framtidsferdigheiter &#8211; p\u00e5 engelsk: Future skills. <\/p>\n\n\n\n<p>Kva som ligg i omgrepet framtidsferdigheiter st\u00e5r det meir om i Kunnskapsdepartementets tildelingsbrev til H\u00f8gskulen i Volda for 2020 og teksten er ogs\u00e5 sitert nedst i dette blogginnlegget. Dette var resultatet av ein intern prosess i 2019. Det er m\u00e5let at vi i \u00e5ra 2020-2023 skal utvikle Framtidsferdigheiter gjennom: Teoretisk avklaring av omgrepet, integrering i dei etablerte studia v\u00e5re, og \u00e5 bygge regionale og internasjonale nettverk. Og vi vil ta tak i framtida p\u00e5 v\u00e5r HVO-m\u00e5te, ved \u00e5 ta utgangspunkt i v\u00e5re fagmilj\u00f8, gjennom tverrfagleg arbeid og \u00e5 iverksette blant anna kultur- og mediefaga utover dei vanlege faglege rammene. Dette er slett ikkje enkelt.   <\/p>\n\n\n\n<p>No har kanskje EU &#8211; av alle &#8211; kome med eit bidrag og kanskje dermed hjelp? &#8211; til korleis framtidsferdigheiter skal forst\u00e5ast &#8211; og kvifor det er viktig. <\/p>\n\n\n\n<p>I\nEU sitt <a href=\"https:\/\/ec.europa.eu\/info\/horizon-europe-next-research-and-innovation-framework-programme_en\">forskingsprogram Horisont Europa (2021-2027)<\/a> s\u00e5 \u00f8nskjer EU seg forskingsprosjekt innanfor tematikken:\n&laquo;Kultur, kreativitet og inkluderande samfunn&raquo;. Og kvifor det? Jo\nfordi EU tenkjer at prosjekt p\u00e5 dette omr\u00e5det skal kunne bidra til \u00e5 l\u00f8yse dei\nglobale samfunnsutfordringane og bidra til \u00e5 skape eit konkurransedyktig\nn\u00e6ringsliv. <\/p>\n\n\n\n<blockquote class=\"wp-block-quote is-layout-flow wp-block-quote-is-layout-flow\"><p>HVO: Kultur, kreativitet og inkluderande samfunn<\/p><\/blockquote>\n\n\n\n<p>For meg er dette\nnesten nok til \u00e5 gjere meg til EU-tilhengar: &laquo;Kultur, kreativitet og\ninkluderande samfunn&raquo; kan faktisk vore ei overskrift som beskriver kva\nH\u00f8gskulen i Volda \u00f8nskjer \u00e5 st\u00e5 for, som eit motto som kan binde saman det\naller meste av den faglege aktiviteten v\u00e5r: Kultur og mediefag fell jo fint inn\ni det som handlar om &laquo;Kultur og kreativtet&raquo;, og er ikkje inkluderande\nsamfunn p\u00e5 eit overordna plan eit sentralt m\u00e5l for l\u00e6rarutdanningane, for\nsosialfagutdanningane, for planlegging og leiing og ogs\u00e5 mediefaga? <\/p>\n\n\n\n<!--nextpage-->\n\n\n\n<p>I\nframlegga til konkretisering skriv EU rett ut at dei \u00f8nsker \u00e5 ta i bruk\npotensialet for innovasjon som ligg i kulturell og kreativ verksemd og\nforventar at dei skal kunne fungere som katalysatorar for innovasjon ogs\u00e5 p\u00e5\nandre omr\u00e5de, det vere seg\nandre n\u00e6ringsomr\u00e5de eller i samfunnet meir generelt. Her er ordlyden p\u00e5\nengelsk:<\/p>\n\n\n\n<ul><li>Build evidence of the innovation capacity of cultural and creative industries and their role as innovation triggers in other economic sectors as well as other societal domains.<\/li><\/ul>\n\n\n\n<p>Kultur,\nkreativitet og inkluderande samfunn er noko meir konkretisert i tre underpunkt som seier litt meir om\nkva som ligg attom desse orda: <\/p>\n\n\n\n<ol><li>Demokrati og styring (Democracy and governance)<\/li><li>Kultur, kulturarv og kreativitet (Culture, cultural heritage and creativity)<\/li><li>Sosial og \u00f8konomisk endring (Social and Economic Transformations) <\/li><\/ol>\n\n\n\n<p>Dette er stikkord og\nomgrep som eg trur sv\u00e6rt mange av v\u00e5re fagfolk vil kjenne seg igjen i gjennom\nden daglege faglege aktiviteten, innhaldet i studia og tema for forskinga. <\/p>\n\n\n\n<p>Hausten\n2019 gjennomf\u00f8rte EU ei h\u00f8yring der dei bad om innspel til korleis desse ideane\nskulle bli konkretisert. <a href=\"https:\/\/ec.europa.eu\/research\/pdf\/horizon-europe\/ec_rtd_orientations-towards-the-strategic-planning.pdf\">Desse er samla i ei ein eigen rapport som kan lastast ned her<\/a>.<\/p>\n\n\n\n<p>Nasjonalt\nhar det vorte oppretta ei tverrdepartemental arbeidsgruppe som skal finne ut\nkorleis Noreg skal forholde seg til temaet Kreativitet, kultur og inkluderande\nsamfunn. Gruppa er leia av Kommunal og Moderniseringsdepartementet og b\u00e5de\nKunnskapsdepartementet, Kulturdepartementet og fire andre departement er ogs\u00e5\nmed i gruppa. <\/p>\n\n\n\n<p>Sj\u00f8lv om\nEU no ser ut til \u00e5 inkludere og oppgradere kreative fag, kulturfag og\nsamfunnsfag i sitt st\u00f8rste forskingsprogram s\u00e5 er det nok litt forhasta \u00e5 tru\nat det opnar seg ei Sareptas krukke av lett tilgjengelege midlar. Tvert i mot\nviser all erfaring at det er dyrt og tidkrevande \u00e5 bygge nettverk og \u00e5 kome i\nposisjon til \u00e5 vere med i samarbeid som kan f\u00e5 gjennomslag i EU. Og pr i dag er\ndet ukjent kor store bel\u00f8p som vert sett av fr\u00e5 EU si side til desse delane av\nHorisont Europa. Det er stor intern konkurranse om midlane. <\/p>\n\n\n\n<p>Men\nlikefullt: Det er veldig oppmuntrande \u00e5 sj\u00e5 at EU ser ut til \u00e5 ha sett kor\nviktig det er med velfungerande, inkluderande samfunn med rom for kultur og\nkreativitet &#8211; for \u00e5 l\u00f8yse dei globale samfunnsutfordringane og \u00e5 utvikle eit\nkonkurransedyktig n\u00e6ringsliv. Vi f\u00e5r tru at det gjeld ogs\u00e5 i v\u00e5r del av verda. <\/p>\n\n\n\n<p class=\"has-text-align-left\"><em>Framtidsferdigheiter i Tildelingsbrevet for H\u00f8gskulen i Volda for 2020: <\/em><br \/><br \/><strong>Ha fagleg fokus p\u00e5 utvikling av ferdigheiter for framtida (Future Skills)<\/strong><\/p>\n\n\n\n<p><em>M\u00e5l: H\u00f8gskulen \u00f8nskjer i utviklingsavtalen \u00e5\narbeide tverrfagleg med eit framtidsperspektiv<\/em><em> <\/em><em>p\u00e5 kunnskap\nfor at utdanningane og forskinga v\u00e5r skal vere best mogleg tilpassa dei behova<\/em><em> <\/em><em>samfunnet har i framtida.<\/em><\/p>\n\n\n\n<p>H\u00f8gskulens\nvisjon er \u00abKunnskap for framtida\u00bb. Ulike fagmilj\u00f8 har pr\u00f8vd \u00e5 definere\nteoretisk kva ferdigheiter som\nblir viktige i framtidssamfunnet. For H\u00f8gskulen er det sentralt \u00e5 skape meining, utvikle sosial intelligens,\nomstillingsevne, tverrkulturell kompetanse, databasert tenking, kritisk forst\u00e5ing av nye media, tverrfaglegheit og evne til\nvirtuelt samarbeid. HVO har satsa\np\u00e5 kulturfaglege utdanningar, noko som gjev institusjonen ein spesiell posisjon\ntil \u00e5 utnytte dei s\u00e6rlege\nkvalitetane og den kompetansen som fagmilj\u00f8et har til ei tverrfagleg satsing p\u00e5 ferdigheiter for framtida.\nFagmilj\u00f8et p\u00e5 kulturfag har alt starta ei tverrfagleg forskingsgruppe som har f\u00e5tt interne ressursar til eit internasjonalt\nforskingsprosjekt: \u00abFuture skills:\nThe relevance of practical and aesthetic approaches\u00bb.<\/p>\n\n\n\n<p>Integrering\nav framtidsferdigheiter i undervisninga inneber vektlegging av kompleks probleml\u00f8ysing, kritisk tenking og\nkreativitet. Det er viktig for studentane at innovasjon, entrepren\u00f8rskap og kompleks probleml\u00f8ysing\nvert vektlagt i alle fagmilj\u00f8.<\/p>\n\n\n\n<p>Regionen\nh\u00f8gskulen ligg i er kjend for gr\u00fcnderverksemd og omstillingsevne. Regionen er\nno inne i kraftige omstillingar\nder det etablerte arbeidslivet blir utfordra av nedgangstider i maritime\nn\u00e6ringar, digitalisering og kulturell endring. Regionen har i tillegg ei\ns\u00e6rskild utfordring med l\u00e5gt utdanningsniv\u00e5 samanlikna med snittet i Noreg. <\/p>\n\n\n\n<p>Det er\navgjerande for utviklinga i\nregionen at ein reduserer fr\u00e5fall i skulen og klarer \u00e5 motivere for vidare\nutdanning, &nbsp;og ikkje minst at ein kan gje utdanningstilbod som appellerer til\nkvinner d\u00e5 regionen har eit kvinneunderskot. Kunnskapar henta fr\u00e5\nframtidsferdigheiter kan gjere arbeidslivet i regionen meir mangfaldig og\nomstillingsdyktig, og HVO vil legge vekt p\u00e5 samarbeid med det regionale\narbeidslivet.<\/p>\n\n\n\n<p><strong>M\u00e5leparametrar:<\/strong><\/p>\n\n\n\n<ol><li>Arbeide vidare med      det teoretiske grunnlaget for ferdigheiter for framtida i fagmilj\u00f8a p\u00e5 HVO ved \u00e5 drive tverrfagleg forsking og publisering, og utvikle nettverk og prosjekt nasjonalt og      internasjonalt.<\/li><li>La l\u00e6ringsutbyteformuleringar i utdanningane f\u00e5 tydelege framtidsperspektiv og tilby framtidsferdigheiter som emne i etablerte utdanningar.<\/li><li>Styrke og vidareutvikle det faglege innhaldet i regionale og internasjonale innovasjonspartnarskap ved \u00e5 gi framtidsferdigheiter ei tydeleg rolle.<\/li><\/ol>\n","protected":false},"excerpt":{"rendered":"<p>H\u00f8gskulen i Volda har i sin utviklingsavtale med Kunnskapsdepartementet lagt inn eit spennande &#8211; og litt ope tema: Framtidsferdigheiter &#8211; p\u00e5 engelsk: Future skills. Kva som ligg i omgrepet framtidsferdigheiter st\u00e5r det meir om i Kunnskapsdepartementets tildelingsbrev til H\u00f8gskulen i Volda for 2020 og teksten er ogs\u00e5 sitert nedst i dette blogginnlegget. Dette var resultatet &hellip; <a href=\"https:\/\/blogg.hivolda.no\/jr\/2020\/02\/14\/eu-har-forstatt-det-naeringslivet-treng-ogsa-kreativitet\/\" class=\"more-link\">Fortsett \u00e5 lese <span class=\"screen-reader-text\">EU har forst\u00e5tt det: N\u00e6ringslivet treng (ogs\u00e5) kreativitet<\/span><\/a><\/p>\n","protected":false},"author":13,"featured_media":0,"comment_status":"open","ping_status":"open","sticky":false,"template":"","format":"aside","meta":{"footnotes":""},"categories":[8],"tags":[163,167,164,169,165,166,168],"post_mailing_queue_ids":[],"_links":{"self":[{"href":"https:\/\/blogg.hivolda.no\/jr\/wp-json\/wp\/v2\/posts\/2409"}],"collection":[{"href":"https:\/\/blogg.hivolda.no\/jr\/wp-json\/wp\/v2\/posts"}],"about":[{"href":"https:\/\/blogg.hivolda.no\/jr\/wp-json\/wp\/v2\/types\/post"}],"author":[{"embeddable":true,"href":"https:\/\/blogg.hivolda.no\/jr\/wp-json\/wp\/v2\/users\/13"}],"replies":[{"embeddable":true,"href":"https:\/\/blogg.hivolda.no\/jr\/wp-json\/wp\/v2\/comments?post=2409"}],"version-history":[{"count":6,"href":"https:\/\/blogg.hivolda.no\/jr\/wp-json\/wp\/v2\/posts\/2409\/revisions"}],"predecessor-version":[{"id":2431,"href":"https:\/\/blogg.hivolda.no\/jr\/wp-json\/wp\/v2\/posts\/2409\/revisions\/2431"}],"wp:attachment":[{"href":"https:\/\/blogg.hivolda.no\/jr\/wp-json\/wp\/v2\/media?parent=2409"}],"wp:term":[{"taxonomy":"category","embeddable":true,"href":"https:\/\/blogg.hivolda.no\/jr\/wp-json\/wp\/v2\/categories?post=2409"},{"taxonomy":"post_tag","embeddable":true,"href":"https:\/\/blogg.hivolda.no\/jr\/wp-json\/wp\/v2\/tags?post=2409"}],"curies":[{"name":"wp","href":"https:\/\/api.w.org\/{rel}","templated":true}]}}