{"id":24,"date":"2015-02-21T22:46:43","date_gmt":"2015-02-21T21:46:43","guid":{"rendered":"http:\/\/blog.hivolda.no\/jr\/?p=24"},"modified":"2015-02-26T14:31:21","modified_gmt":"2015-02-26T13:31:21","slug":"strukturdebattens-ti-over-tolv-volda-molde-og-lillehammer-reisebrev-fra-ol-byen","status":"publish","type":"post","link":"https:\/\/blogg.hivolda.no\/jr\/2015\/02\/21\/strukturdebattens-ti-over-tolv-volda-molde-og-lillehammer-reisebrev-fra-ol-byen\/","title":{"rendered":"Strukturdebattens \u00abTi over tolv\u00bb: Volda, Molde &#8211; og Lillehammer? Reisebrev fr\u00e5 OL-byen."},"content":{"rendered":"<figure id=\"attachment_83\" aria-describedby=\"caption-attachment-83\" style=\"width: 235px\" class=\"wp-caption alignright\"><a href=\"http:\/\/blog.hivolda.no\/jr\/wp-content\/uploads\/sites\/68\/2015\/02\/him_hivo_og_hil_190215_minibanner.jpg\"><img loading=\"lazy\" decoding=\"async\" class=\"wp-image-83 size-full\" src=\"http:\/\/blog.hivolda.no\/jr\/wp-content\/uploads\/sites\/68\/2015\/02\/him_hivo_og_hil_190215_minibanner.jpg\" alt=\"Rektorm\u00f8te p\u00e5 Lillehammer. \" width=\"235\" height=\"160\" \/><\/a><figcaption id=\"caption-attachment-83\" class=\"wp-caption-text\">Gammels\u00e6ter (HiM), Ohnstad (HiL) og Halse (HVO).<\/figcaption><\/figure>\n<p>P\u00e5 f\u00f8rre m\u00f8te i h\u00f8gskulestyret i Volda vart det reist benkeforslag om at H\u00f8gskulen i Volda burde ta kontakt med H\u00f8gskolen i Molde og H\u00f8gskolen i Lillehammer for \u00e5 finne ut om dei tre &laquo;gamle&raquo; DH-skulane kunne ha felles interesser i strukturdebatten. Benkeforslaget vart vedtatt, sj\u00f8lv om dette i h\u00f8ve til tidsfristane var \u00abti over tolv\u00bb, slik rektor \u00c5se L\u00f8keland ved H\u00f8gskulen i Sogn og Fjordane formulerte det.<!--more--><\/p>\n<p>Her er siste del av <a title=\"Protokoll fr\u00e5 HVO-styret 1\/2015\" href=\"http:\/\/www.hivolda.no\/neted\/services\/file\/?hash=ce10be114756c69320f053e4700379d5\">styrevedtaket<\/a>:<\/p>\n<blockquote><p>I samband med utviklinga i struktursaka siste vekene er styret viljug til \u00e5 sj\u00e5 ogs\u00e5 p\u00e5 H\u00f8gskolen i Lillehammer som ein n\u00e6r samarbeidspart framover. Det er ein skule som har mykje sams med HVO i fagportef\u00f8lje og distriktsprofil. Leiinga ved HVO diskuterer gjerne konkrete l\u00f8ysingar vidare b\u00e5de med KD og med aktuelle samarbeidspartar.<\/p><\/blockquote>\n<p>Omtale av Lillehammerm\u00f8tet p\u00e5 nettsidene til <a href=\"http:\/\/www.hil.no\/hjem\/nyheter\/rektormoete_paa_hil\">H\u00f8gskolen i Lillehammer<\/a> og nettavisa <a href=\"http:\/\/panorama.himolde.no\/2015\/02\/19\/mye-spennende-a-ta-tak-i\/\">Panorama ved H\u00f8gskulen i Molde<\/a>.<\/p>\n<figure id=\"attachment_62\" aria-describedby=\"caption-attachment-62\" style=\"width: 660px\" class=\"wp-caption alignnone\"><a href=\"http:\/\/blog.hivolda.no\/jr\/wp-content\/uploads\/sites\/68\/2015\/02\/hil-flyfoto_fra_soer_2012.jpg\"><img loading=\"lazy\" decoding=\"async\" class=\"size-large wp-image-62\" src=\"http:\/\/blog.hivolda.no\/jr\/wp-content\/uploads\/sites\/68\/2015\/02\/hil-flyfoto_fra_soer_2012-1024x550.jpg\" alt=\"H\u00f8gskolen i Lillehammer. Foto: HiL.no\" width=\"660\" height=\"354\" srcset=\"https:\/\/blogg.hivolda.no\/jr\/wp-content\/uploads\/sites\/68\/2015\/02\/hil-flyfoto_fra_soer_2012-1024x550.jpg 1024w, https:\/\/blogg.hivolda.no\/jr\/wp-content\/uploads\/sites\/68\/2015\/02\/hil-flyfoto_fra_soer_2012-300x161.jpg 300w, https:\/\/blogg.hivolda.no\/jr\/wp-content\/uploads\/sites\/68\/2015\/02\/hil-flyfoto_fra_soer_2012.jpg 1200w\" sizes=\"(max-width: 660px) 100vw, 660px\" \/><\/a><figcaption id=\"caption-attachment-62\" class=\"wp-caption-text\">H\u00f8gskolen i Lillehammer. Foto: HiL.no<\/figcaption><\/figure>\n<p>Med NTNUs raske overtaking\u00a0av H\u00f8gskolen i \u00c5lesund kan H\u00f8gskolen i M\u00f8re og Romsdal ikkje bli slik som tenkt. Sidan\u00a0NTNU ogs\u00e5 overtok H\u00f8gskolen p\u00e5 Gj\u00f8vik kan heller ikkje den gamle tanken om Innlandsuniversitetet bli gjennomf\u00f8rt slik det var tenkt som ein fusjon mellom h\u00f8gskulane i\u00a0Hedmark, Lillehammer og Gj\u00f8vik.<\/p>\n<p>Rektorane p\u00e5 dei tre h\u00f8gskulane har hatt innleiande samtalar, og torsdag 19. februar m\u00f8ttest \u00a0delegasjonar fr\u00e5 dei tre h\u00f8gskulane Volda, Molde og Lillehammer til samtalar om samarbeid. H\u00f8gskulen i Sogn og Fjordane er f\u00f8rebels ikkje med p\u00e5\u00a0dr\u00f8ftingane.<\/p>\n<p>Samtalane i Lillehammer var venlege og interesserte &#8211; og med strukturdebatten som eit felles referansepunkt i tillegg til avklaring av fagleg status og prioriteringar.<\/p>\n<figure id=\"attachment_26\" aria-describedby=\"caption-attachment-26\" style=\"width: 660px\" class=\"wp-caption alignright\"><a href=\"http:\/\/blog.hivolda.no\/jr\/wp-content\/uploads\/sites\/68\/2015\/02\/IMG20150219142936.jpg\"><img loading=\"lazy\" decoding=\"async\" class=\"wp-image-26 size-large\" src=\"http:\/\/blog.hivolda.no\/jr\/wp-content\/uploads\/sites\/68\/2015\/02\/IMG20150219142936-e1424533041811-1024x489.jpg\" alt=\"H\u00f8gskulem\u00f8te p\u00e5 Lillehammer, 19. februar 2015. \" width=\"660\" height=\"315\" srcset=\"https:\/\/blogg.hivolda.no\/jr\/wp-content\/uploads\/sites\/68\/2015\/02\/IMG20150219142936-e1424533041811-1024x489.jpg 1024w, https:\/\/blogg.hivolda.no\/jr\/wp-content\/uploads\/sites\/68\/2015\/02\/IMG20150219142936-e1424533041811-300x143.jpg 300w, https:\/\/blogg.hivolda.no\/jr\/wp-content\/uploads\/sites\/68\/2015\/02\/IMG20150219142936-e1424533041811.jpg 1745w\" sizes=\"(max-width: 660px) 100vw, 660px\" \/><\/a><figcaption id=\"caption-attachment-26\" class=\"wp-caption-text\">Samling p\u00e5 Lillehammer. Fr\u00e5 venstre dekan Aud Folkestad, dekan Ketil Jarl Halse, HVO-rektor Per Halse, dekan Kjell Ivar Iversen, avdeling for pedagogikk og sosialfag, HIL og Yvonne Fritze, viserektor for forsking, HIL. Foto: Johann Roppen.<\/figcaption><\/figure>\n<p>Kva konkrete resultat som kjem\u00a0ut av desse samtalane er alt for tidleg \u00e5 seie. Det er kanskje innanfor mediefaga og helse- og sosialfag at dei tre h\u00f8gskulane\u00a0kan utfylle kvarandre gjennom eit utvida samarbeid.\u00a0Vidare har alle dei tre h\u00f8gskulane fagmilj\u00f8 innanfor idrett, administrasjonsfag og samfunnsfag.<\/p>\n<p>Det vert \u00a0rektorskifte b\u00e5de p\u00e5 Lillehammer og i Volda, og det skal ogs\u00e5 velgjast nye styremedlemmer p\u00e5 h\u00f8gskulane i l\u00f8pet av v\u00e5ren. Det er uvisst kva det kan f\u00e5 seie for utviklinga i framtidige samarbeid.<\/p>\n<blockquote><p>Imponerande ph.d.-utvikling &#8211; fr\u00e5 null til \u00e5tte p\u00e5 8 \u00e5r!<\/p><\/blockquote>\n<p>H\u00f8gskulen i Volda i 2015 startar opp si f\u00f8rste <a href=\"http:\/\/www.hivolda.no\/phd\">ph.d.-utdanning i helse- og sosialfag i samarbeid med H\u00f8gskulen i Molde<\/a>.<\/p>\n<p>I lys av dette er det\u00a0imponerande at H\u00f8gskolen i Lillehammer (HIL) i 2015 har tre\u00a0ordin\u00e6re ph.d.-utdanningar. HIL fekk godkjent si f\u00f8rste Ph.D.-utdanning s\u00e5 seint som i\u00a02010.\u00a0Ph.d.-utdanningane ved HIL er desse:<\/p>\n<ul>\n<li><a href=\"http:\/\/hil.no\/hil\/forskning\/forskningsomraader\/innovasjon_i_tjenesteyting_ph_d\/phd_programmet_intop\" target=\"_blank\">INTOP (Innovasjon i tjenestyting &#8211; offentlig og privat).<\/a><\/li>\n<li><a title=\"ph.d.-utdanning ved HIL\" href=\"http:\/\/www.hil.no\/forskning\/forskningsomraader\/barns_og_unges_kompetanseutvikling_ph_d\/phd_programmet_buk\" target=\"_blank\">BUK (Barn og unges deltakelse og kompetanseutvikling).<\/a><\/li>\n<li><a title=\"phd i visuelle media\" href=\"http:\/\/www.hil.no\/hjem\/nyheter\/arkiv_2014\/nytt_ph_d_studium_i_audiovisuelle_medier\" target=\"_blank\">Audiovisuelle media (i samarbeid med NTNU).<\/a><\/li>\n<li><a href=\"http:\/\/www.hil.no\/forskning\/kunstnerisk_utviklingsarbeid\" target=\"_blank\">Kunstnarleg utviklingsarbeid ved Den norske filmskulen.<\/a><\/li>\n<\/ul>\n<p>Ph.d.-programmet INTOP <a href=\"http:\/\/www.hil.no\/oppdrag_og_samarbeid\/nyheter\/nyheter_2014\/kompetanseloeft_innen_innovasjon_for_kommunene_i_sunnmoere_regionraad\" target=\"_blank\">samarbeider med\u00a0IPAS-milj\u00f8et ved H\u00f8gskulen i Volda<\/a>. Ein av n\u00f8kkelpersonane bak audiovisuelle media er <a title=\"Jan Anders Diesen\" href=\"http:\/\/www.hil.no\/om_hoegskolen\/Alle-ansatte-ved-Hoegskolen-i-Lillehammer-HiL\/jan_anders_diesen\" target=\"_blank\">professor Jan Anders Diesen<\/a>, som ogs\u00e5 er professor II ved H\u00f8gskulen i Volda.<\/p>\n<p>HIL har ein sv\u00e6rt h\u00f8g andel av tilsette i f\u00f8rstestillingar eller h\u00f8gare. HIL\u00a0har d\u00e5 ogs\u00e5 dei siste \u00e5ra lege i det \u00f8vste sjiktet blant h\u00f8gskulane i landet n\u00e5r det gjeld <a title=\"DBH statistikk for publisering\" href=\"http:\/\/dbh.nsd.uib.no\/pub\/\" target=\"_blank\">publisering pr tilsett i f\u00f8rstestilling<\/a> med ein gjennomsnittleg publiseringsrate p\u00e5 ca 0,6 poeng &#8211; mot Molde og Volda p\u00e5 knapt 0,5 poeng. Gjennomsnittet for statlege h\u00f8gskular er p\u00e5 ca\u00a00,33 publiseringspoeng pr tilsett i f\u00f8rstestilling for dei siste seks\u00a0\u00e5ra.<\/p>\n<figure id=\"attachment_88\" aria-describedby=\"caption-attachment-88\" style=\"width: 721px\" class=\"wp-caption alignnone\"><a href=\"http:\/\/blog.hivolda.no\/jr\/wp-content\/uploads\/sites\/68\/2015\/02\/diagram.jpg\"><img loading=\"lazy\" decoding=\"async\" class=\"size-full wp-image-88\" src=\"http:\/\/blog.hivolda.no\/jr\/wp-content\/uploads\/sites\/68\/2015\/02\/diagram.jpg\" alt=\"FoU-produksjon for utvalde h\u00f8gskular 2008-2013: HIL, HiHM, HiG, HiMolde, HVO.\" width=\"721\" height=\"443\" srcset=\"https:\/\/blogg.hivolda.no\/jr\/wp-content\/uploads\/sites\/68\/2015\/02\/diagram.jpg 721w, https:\/\/blogg.hivolda.no\/jr\/wp-content\/uploads\/sites\/68\/2015\/02\/diagram-300x184.jpg 300w\" sizes=\"(max-width: 721px) 100vw, 721px\" \/><\/a><figcaption id=\"caption-attachment-88\" class=\"wp-caption-text\">FoU-produksjon for utvalde h\u00f8gskular 2008-2013: HIL, HiHM, HiG, HiMolde, HVO.<\/figcaption><\/figure>\n<p>Korleis har det vore muleg for HIL \u00e5 gjere\u00a0dette? Resultata\u00a0hadde ikkje vore muleg \u00e5 oppn\u00e5 utan at arbeidsmilj\u00f8et\u00a0er produktivt og dyrkar fram FoU. Men\u00a0ei viktig forklaring kan\u00a0ogs\u00e5 vere at HIL i lag med h\u00f8gskulane i Hedmark og p\u00e5 Gj\u00f8vik har f\u00e5tt\u00a0store bidrag\u00a0fr\u00e5 prosjektet <a href=\"http:\/\/www.innlandsuniversitetet.com\/\">Innlandsuniversitetet (PIU)<\/a>. Dette var eit prosjekt i samarbeid mellom fylkeskommunane\u00a0kommunar og n\u00e6ringslivet i Hedmark og Oppland\u00a0i \u00e5ra 2008-2012. Gjennom PIU fekk dei tre h\u00f8gskulane tilf\u00f8rt n\u00e6rare 200\u00a0millionar kroner. Pengane skulle brukast til langsiktig kompetansebygging med sikte p\u00e5 f\u00e5 h\u00f8g nok kompetanse til at dei samla h\u00f8gskulane skulle bli akkrediterte som universitet. Som kjent m\u00e5 ein h\u00f8gskule\u00a0f\u00e5 godkjent\u00a0fire ph.D.-program for \u00e5 f\u00e5 status\u00a0som universitet. Alle dei tre h\u00f8gskulane klarte \u00e5 bygge faglege tyngdepunkt i form av mange masterutdanningar og ei fleire\u00a0ph.d.-utdanningar.<\/p>\n<p>H\u00f8gskolen i Hedmark har to ph.d.-utdanningar:<\/p>\n<ul>\n<li><a href=\"http:\/\/www.hihm.no\/prosjektsider\/phd-i-profesjonsrettede-laererutdanningsfag\">Profesjonsretta l\u00e6rarutdanningsfag.<\/a><\/li>\n<li><a href=\"http:\/\/eng.hihm.no\/project-sites\/phd-applied-ecology\">Anvendt \u00f8kologi.<\/a><\/li>\n<\/ul>\n<p>To stipendiatar ved H\u00f8gskulen i Volda er\u00a0studentar ved ph.d.-utdanninga i profesjonsretta l\u00e6ratutdanningsfag. Det er <a href=\"http:\/\/www.hivolda.no\/hivolda\/utvida-sok\/sokjeresultat\/?&amp;displayitem=3162&amp;module=admin\">Anne Randi Fagerlid Fest\u00f8y<\/a> og <a href=\"http:\/\/www.hivolda.no\/hivolda\/utvida-sok\/sokjeresultat\/?&amp;displayitem=3585&amp;module=admin\">Anne Kari Rem\u00f8y<\/a>. Dei har begge Peder Haug som ein av rettleiarane innanfor <a href=\"http:\/\/www.hivolda.no\/hivolda\/forsking-og-utvikling\/forskingsprosjekt\/nasjonalt-finansierte-prosjekt\/speed-prosjektet\/speed-prosjektet?lang=nyn\">SPEED-prosjektet<\/a>\u00a0(The Function of Special Education).<\/p>\n<p>H\u00f8gskolen i Gj\u00f8vik har f\u00e5tt desse ph.d.-utdanningane:<\/p>\n<ul>\n<li><a href=\"http:\/\/www.hig.no\/studietilbud\/phd\/cs\">Computer Science<\/a><\/li>\n<li><a href=\"http:\/\/hig.no\/studietilbud\/phd\/is\">Information Security<\/a><\/li>\n<\/ul>\n<p>H\u00f8gskolen i Gj\u00f8vik har ogs\u00e5 f\u00e5tt eit statleg ansvar for tryggleik p\u00e5 internett gjennom <a href=\"http:\/\/hig.no\/imt\/research\/nislab\">NIS-lab.<\/a><\/p>\n<p>Som det g\u00e5r fram av figuren ovanfor s\u00e5 har H\u00f8gskulen i Volda hatt FoU-publisering p\u00e5 omlag same niv\u00e5 som dei tre h\u00f8gskulane i\u00a0\u00a0Innlandet.<\/p>\n<blockquote><p>Sterk satsing i Innlandet &#8211; sm\u00e5pengar i M\u00f8re og Romsdal<\/p><\/blockquote>\n<p>Men d\u00e5\u00a0det kom til stykket klarte ikkje dei tre h\u00f8gskulane \u00e5 samarbeide med kvarandre om \u00e5 etablere Innlandsuniversitetet. Av\u00a0avisoppslag i 2015 kan det likevel sj\u00e5 ut til at det framleis er krefter som \u00f8nskjer eit Innlandsuniversitet &#8211; med <a href=\"http:\/\/khrono.no\/samfunn-struktur\/2015\/02\/optimister-etter-fusjons-flort\">HIL og H\u00f8gskolen i Hedmark som samarbeidande instiusjonar<\/a>.<\/p>\n<p>Sett fr\u00e5 Volda og M\u00f8re og Romsdal er det tankevekkande \u00e5 sj\u00e5 b\u00e5de at samarbeid mellom h\u00f8gskular i praksis er\u00a0vanskeleg \u00e5 f\u00e5 til. Men end\u00e5 meir tankevekkande\u00a0er det\u00a0kva effekt dei fylkeskommunale millionane fekk p\u00e5 den akademiske utviklinga i innlandsfylka i form av ei fagleg oppblomstring av nye master- og ph.d.-studium &#8211; og fleire av fagmilj\u00f8a rundt ph.d.-utdanninga har ogs\u00e5 vokse p\u00e5 andre m\u00e5tar. H\u00f8gskolen i Lillehammer har i samarbeid med \u00d8stlandsforsking og andre samarbeidspartar f\u00e5tt tildelt\u00a0eit <a href=\"http:\/\/www.hil.no\/hjem\/nyheter\/arkiv_2015\/nasjonalt_kunnskapssenter_for_kulturelle_naeringer\">nasjonalt kunnskapssenter for kulturelle n\u00e6ringar<\/a>,\u00a0\u00a0og eit forskingssenter for <a href=\"http:\/\/www.hil.no\/hjem\/nyheter\/arkiv_2015\/nasjonalt_kunnskapssenter_for_kulturelle_naeringer\">innovasjon i tenesteyting<\/a>. \u00a0H\u00f8gskolen i Gj\u00f8vik har f\u00e5tt nett-tryggleik.<\/p>\n<p>M\u00f8re og Romsdal Fylke bidrog ikkje med\u00a0midlar i fors\u00f8ket p\u00e5 \u00e5 opprette H\u00f8gskulen i M\u00f8re og Romsdal, men <a href=\"http:\/\/mrfylke.no\/Nyheiter\/Hoegskolefond-inn-i-oekonomiplana\">tek sikte p\u00e5 \u00e5 etablere eit forskingsfond fr\u00e5 2016-2019<\/a>. Det kan kanskje bli snakk om 20 millionar kroner for \u00e5ra framover som h\u00f8gskulemilj\u00f8a i Volda, Molde og \u00c5lesund vil kunne\u00a0f\u00e5 tildelt. Til samanlikning fekk dei tre h\u00f8gskulane bak prosjekt innlandsuniversitetet tildelt ca kr 35 mill KVART \u00c5R i prosjektperioden. Men sj\u00f8lv det blir berre sm\u00e5pengar i h\u00f8ve til kraftfondet som Agderfylka stilte opp med for \u00e5 f\u00e5 etablert Universitet i Agder &#8211; der l\u00e5g det inne nesten ein milliard!<\/p>\n<p>Uansett er det positivt om\u00a0M\u00f8re og Romsdal Fylkeskommune\u00a0legg s\u00e5 mykje pengar p\u00e5 bordet &#8211;\u00a0erfaringane fr\u00e5 Innlandet kan tyde p\u00e5 at det er muleg \u00e5 oppn\u00e5 betydelege resultat p\u00e5 kort tid.<\/p>\n<figure id=\"attachment_27\" aria-describedby=\"caption-attachment-27\" style=\"width: 660px\" class=\"wp-caption alignnone\"><a href=\"http:\/\/blog.hivolda.no\/jr\/wp-content\/uploads\/sites\/68\/2015\/02\/IMG20150219143122.jpg\"><img loading=\"lazy\" decoding=\"async\" class=\"wp-image-27 size-large\" src=\"http:\/\/blog.hivolda.no\/jr\/wp-content\/uploads\/sites\/68\/2015\/02\/IMG20150219143122-e1424533803497-1024x680.jpg\" alt=\"IMG20150219143122\" width=\"660\" height=\"438\" srcset=\"https:\/\/blogg.hivolda.no\/jr\/wp-content\/uploads\/sites\/68\/2015\/02\/IMG20150219143122-e1424533803497-1024x680.jpg 1024w, https:\/\/blogg.hivolda.no\/jr\/wp-content\/uploads\/sites\/68\/2015\/02\/IMG20150219143122-e1424533803497-300x199.jpg 300w, https:\/\/blogg.hivolda.no\/jr\/wp-content\/uploads\/sites\/68\/2015\/02\/IMG20150219143122-e1424533803497.jpg 1848w\" sizes=\"(max-width: 660px) 100vw, 660px\" \/><\/a><figcaption id=\"caption-attachment-27\" class=\"wp-caption-text\">Manar han fram ein fusjon? Fr\u00e5 venstre: Dekan Hege Michelsen (HIL &#8211; tidlegare voldastudent), Molde-rektor Hallgeir Gammels\u00e6ter. Foto: Johann Roppen<\/figcaption><\/figure>\n<figure id=\"attachment_29\" aria-describedby=\"caption-attachment-29\" style=\"width: 660px\" class=\"wp-caption alignnone\"><a href=\"http:\/\/blog.hivolda.no\/jr\/wp-content\/uploads\/sites\/68\/2015\/02\/IMG20150219142919.jpg\"><img loading=\"lazy\" decoding=\"async\" class=\"wp-image-29 size-large\" src=\"http:\/\/blog.hivolda.no\/jr\/wp-content\/uploads\/sites\/68\/2015\/02\/IMG20150219142919-1024x768.jpg\" alt=\"IMG20150219142919\" width=\"660\" height=\"495\" srcset=\"https:\/\/blogg.hivolda.no\/jr\/wp-content\/uploads\/sites\/68\/2015\/02\/IMG20150219142919-1024x768.jpg 1024w, https:\/\/blogg.hivolda.no\/jr\/wp-content\/uploads\/sites\/68\/2015\/02\/IMG20150219142919-300x225.jpg 300w, https:\/\/blogg.hivolda.no\/jr\/wp-content\/uploads\/sites\/68\/2015\/02\/IMG20150219142919.jpg 2048w\" sizes=\"(max-width: 660px) 100vw, 660px\" \/><\/a><figcaption id=\"caption-attachment-29\" class=\"wp-caption-text\">Fr\u00e5 venstre: HIL-rektor Bente Ohnstad, direkt\u00f8r Geir Bergkastet og dekan Finn Olsen. Foto: Johann Roppen.<\/figcaption><\/figure>\n<p>PS: Relativ storleik mellom h\u00f8gskulane i M\u00f8re og Romsdal, Sogn og Fjordane, Hedmark og Oppland &#8211; m\u00e5lt etter tal studentar.<\/p>\n<figure id=\"attachment_99\" aria-describedby=\"caption-attachment-99\" style=\"width: 660px\" class=\"wp-caption alignnone\"><a href=\"http:\/\/blog.hivolda.no\/jr\/wp-content\/uploads\/sites\/68\/2015\/02\/studenttal-2015-fire-fylke.jpg\"><img loading=\"lazy\" decoding=\"async\" class=\"wp-image-99 size-large\" src=\"http:\/\/blog.hivolda.no\/jr\/wp-content\/uploads\/sites\/68\/2015\/02\/studenttal-2015-fire-fylke-1024x576.jpg\" alt=\"Tal studentar 2014\" width=\"660\" height=\"371\" srcset=\"https:\/\/blogg.hivolda.no\/jr\/wp-content\/uploads\/sites\/68\/2015\/02\/studenttal-2015-fire-fylke-1024x576.jpg 1024w, https:\/\/blogg.hivolda.no\/jr\/wp-content\/uploads\/sites\/68\/2015\/02\/studenttal-2015-fire-fylke-300x169.jpg 300w, https:\/\/blogg.hivolda.no\/jr\/wp-content\/uploads\/sites\/68\/2015\/02\/studenttal-2015-fire-fylke.jpg 1280w\" sizes=\"(max-width: 660px) 100vw, 660px\" \/><\/a><figcaption id=\"caption-attachment-99\" class=\"wp-caption-text\">Kjelde: DBH<\/figcaption><\/figure>\n<p>&nbsp;<\/p>\n","protected":false},"excerpt":{"rendered":"<p>P\u00e5 f\u00f8rre m\u00f8te i h\u00f8gskulestyret i Volda vart det reist benkeforslag om at H\u00f8gskulen i Volda burde ta kontakt med H\u00f8gskolen i Molde og H\u00f8gskolen i Lillehammer for \u00e5 finne ut om dei tre &laquo;gamle&raquo; DH-skulane kunne ha felles interesser i strukturdebatten. Benkeforslaget vart vedtatt, sj\u00f8lv om dette i h\u00f8ve til tidsfristane var \u00abti over &hellip; <a href=\"https:\/\/blogg.hivolda.no\/jr\/2015\/02\/21\/strukturdebattens-ti-over-tolv-volda-molde-og-lillehammer-reisebrev-fra-ol-byen\/\" class=\"more-link\">Fortsett \u00e5 lese <span class=\"screen-reader-text\">Strukturdebattens \u00abTi over tolv\u00bb: Volda, Molde &#8211; og Lillehammer? Reisebrev fr\u00e5 OL-byen.<\/span><\/a><\/p>\n","protected":false},"author":13,"featured_media":0,"comment_status":"open","ping_status":"open","sticky":false,"template":"","format":"standard","meta":{"footnotes":""},"categories":[8],"tags":[11,10,4,3],"post_mailing_queue_ids":[],"_links":{"self":[{"href":"https:\/\/blogg.hivolda.no\/jr\/wp-json\/wp\/v2\/posts\/24"}],"collection":[{"href":"https:\/\/blogg.hivolda.no\/jr\/wp-json\/wp\/v2\/posts"}],"about":[{"href":"https:\/\/blogg.hivolda.no\/jr\/wp-json\/wp\/v2\/types\/post"}],"author":[{"embeddable":true,"href":"https:\/\/blogg.hivolda.no\/jr\/wp-json\/wp\/v2\/users\/13"}],"replies":[{"embeddable":true,"href":"https:\/\/blogg.hivolda.no\/jr\/wp-json\/wp\/v2\/comments?post=24"}],"version-history":[{"count":30,"href":"https:\/\/blogg.hivolda.no\/jr\/wp-json\/wp\/v2\/posts\/24\/revisions"}],"predecessor-version":[{"id":101,"href":"https:\/\/blogg.hivolda.no\/jr\/wp-json\/wp\/v2\/posts\/24\/revisions\/101"}],"wp:attachment":[{"href":"https:\/\/blogg.hivolda.no\/jr\/wp-json\/wp\/v2\/media?parent=24"}],"wp:term":[{"taxonomy":"category","embeddable":true,"href":"https:\/\/blogg.hivolda.no\/jr\/wp-json\/wp\/v2\/categories?post=24"},{"taxonomy":"post_tag","embeddable":true,"href":"https:\/\/blogg.hivolda.no\/jr\/wp-json\/wp\/v2\/tags?post=24"}],"curies":[{"name":"wp","href":"https:\/\/api.w.org\/{rel}","templated":true}]}}