{"id":2398,"date":"2020-01-06T12:04:24","date_gmt":"2020-01-06T11:04:24","guid":{"rendered":"http:\/\/blogg.hivolda.no\/jr\/?p=2398"},"modified":"2020-03-09T15:19:08","modified_gmt":"2020-03-09T14:19:08","slug":"kva-skjedde-i-2019-og-kva-vil-skje-i-2020","status":"publish","type":"post","link":"https:\/\/blogg.hivolda.no\/jr\/2020\/01\/06\/kva-skjedde-i-2019-og-kva-vil-skje-i-2020\/","title":{"rendered":"H\u00f8gskulen i Volda: Kva skjedde i 2019. Og kva vil skje i 2020?"},"content":{"rendered":"\n<figure class=\"wp-block-image size-large\"><img loading=\"lazy\" decoding=\"async\" width=\"1024\" height=\"1024\" src=\"https:\/\/blogg.hivolda.no\/jr\/wp-content\/uploads\/sites\/68\/2020\/01\/Julekorrt-2019-samling-1024x1024.jpg\" alt=\"\" class=\"wp-image-2399\" srcset=\"https:\/\/blogg.hivolda.no\/jr\/wp-content\/uploads\/sites\/68\/2020\/01\/Julekorrt-2019-samling-1024x1024.jpg 1024w, https:\/\/blogg.hivolda.no\/jr\/wp-content\/uploads\/sites\/68\/2020\/01\/Julekorrt-2019-samling-300x300.jpg 300w, https:\/\/blogg.hivolda.no\/jr\/wp-content\/uploads\/sites\/68\/2020\/01\/Julekorrt-2019-samling-150x150.jpg 150w, https:\/\/blogg.hivolda.no\/jr\/wp-content\/uploads\/sites\/68\/2020\/01\/Julekorrt-2019-samling-768x768.jpg 768w, https:\/\/blogg.hivolda.no\/jr\/wp-content\/uploads\/sites\/68\/2020\/01\/Julekorrt-2019-samling-1536x1536.jpg 1536w, https:\/\/blogg.hivolda.no\/jr\/wp-content\/uploads\/sites\/68\/2020\/01\/Julekorrt-2019-samling.jpg 1672w\" sizes=\"(max-width: 1024px) 100vw, 1024px\" \/><figcaption>Julekortet lever framleis! Men dei fleste julekorta som kom til oss i 2019 fekk vi p\u00e5 e-post. Her er nokre av dei: \u00d8verst fr\u00e5 venstre: Norsk Studentorganisajon, stortingsrepresentant Marianne Synnes, UiB, Kunnskapsminister Iselin Nyb\u00f8, Universitetet i Troms\u00f8, H\u00f8gskulen i Volda, H\u00f8gskulen p\u00e5 Vestlandet, Eid kommune og NTNU. <\/figcaption><\/figure>\n\n\n\n<p>Nettavisa Khronos jule- og nytt\u00e5rshelsingar fr\u00e5 rektorane p\u00e5 h\u00f8gskular og universitet har vorte ein tradisjon. <a href=\"https:\/\/khrono.no\/uh-toppenes-nyttarsonsker-mer-raushet-og-solidaritet-mindre-uvitenhet-og-darskap\/429044\">Her er helsingane for 2019.<\/a>  <\/p>\n\n\n\n<p>Mitt bidrag var slik: <\/p>\n\n\n\n<blockquote class=\"wp-block-quote is-layout-flow wp-block-quote-is-layout-flow\"><p>Takk til studentar, tilsette og partnarar i UH-sektoren og regionen for samarbeid, samtalar og samkomer i 2019. For h\u00f8gskulen vart 2019 eit start\u00e5r med mykje spennande og viktig. I 2020 b\u00f8r vi sp\u00f8rje oss sj\u00f8lve: Kva er \u00abKunnskap for framtida\u00bb &#8211; i 2030? For oss? Stikkord: Ny strategiplan.<\/p><\/blockquote>\n\n\n\n<p>Ramma fr\u00e5 Khrono var at helsinga kunne ha inntil 280 teikn og det er jo litt knapt. S\u00e5 eg vil gjerne nytte bloggen for \u00e5 seie litt meir om kva har skjedd i 2019 &#8211; og kva som skal skje i 2020 &#8211; som vi veit om i dag. Som dei siste \u00e5ra har vist oss er det jo ikkje alt som er r\u00e5d \u00e5 vite p\u00e5 f\u00f8rehand. <\/p>\n\n\n\n<p class=\"has-large-font-size\"><strong>Kva har skjedd p\u00e5 H\u00f8gskulen i Volda i 2019? <\/strong><\/p>\n\n\n\n<p>\u00c5rsmeldinga for 2019 blir vedtatt i h\u00f8gskulestyret i mars og er den offisielle forteljinga om kva som har skjedd ved h\u00f8gskulen. \u00c5rsmeldinga blir f\u00f8rst og fremst skriven for Kunnskapsdepartementet, og innhaldet i den blir viktig i det som vert kalla &laquo;Etatstyringsm\u00f8tet&raquo; som vi skal ha i 2020. I \u00e5r skal m\u00f8tet haldast ved H\u00f8gskulen i Volda. <\/p>\n\n\n\n<p><a href=\"https:\/\/www.hivolda.no\/om\/styringsdokument\">\u00c5rsrapporten og tildelingsbrevet finn du i lag med dei andre styringsdokumenta p\u00e5 v\u00e5re nettsider.<\/a><\/p>\n\n\n\n<p>Men i mine nyhendebrev for 2019 har ca 500 store og sm\u00e5 hendingar p\u00e5 h\u00f8gskulen vorte omtala, og eg har kikka litt tilbake p\u00e5 nyhendebreva i 2019 og plukka ut nokre notisar fr\u00e5 kvar m\u00e5nad i 2019. <\/p>\n\n\n\n<p><a href=\"https:\/\/www.hivolda.no\/om-hogskulen-volda\/nyhendebrev\">Alle nyhendebreva er \u00e5 finne p\u00e5 nettsidene v\u00e5re.<\/a><\/p>\n\n\n\n<p><strong>Januar 2019<\/strong><\/p>\n\n\n\n<ul><li>Studiebarometeret: H\u00f8gskulen har klar framgang fr\u00e5 det begredelege resultatet i 2018, men framleis er resultatet for d\u00e5rleg. <\/li><\/ul>\n\n\n\n<ul><li>25 tilsette som hadde f\u00e5tt faglege opprykk i l\u00f8pet av dei siste tre \u00e5ra vart feira med middag p\u00e5 Rekkedal gjestehus<\/li><\/ul>\n\n\n\n<ul><li>H\u00f8gskulen tek initiativ til Forum for utvikling av det utvida h\u00f8gskuleomr\u00e5det der h\u00f8gskulen og naboinstitusjonane og kommunane m\u00f8ter kvarandre for \u00e5 informere om planar og \u00e5 samarbeide for \u00e5 utvikle kvarandre.<\/li><\/ul>\n\n\n\n<ul><li>Det er no 32 forskargrupper ved H\u00f8gskulen i Volda<\/li><\/ul>\n\n\n\n<p><strong>Februar<\/strong><\/p>\n\n\n\n<ul><li>Voldastudetane er framleis best i landet p\u00e5 gjennomf\u00f8ring av bachelor-utdanning p\u00e5 normert studietid (3 \u00e5r). <\/li><\/ul>\n\n\n\n<ul><li>Internasjonal dag vert arrangert 6. februar &#8211; med bidrag blant andre fr\u00e5 Gry Beate Molv\u00e6r og Kristoffer Hivju. <\/li><\/ul>\n\n\n\n<p><strong>Mars<\/strong><\/p>\n\n\n\n<ul><li>Bachelor i historie vert h\u00f8gskulens f\u00f8rste studium 100% p\u00e5 nett.<\/li><\/ul>\n\n\n\n<ul><li>Tre dekanar vert tilsette av H\u00f8gskulestyret i fire \u00e5rs \u00e5rem\u00e5l og tek til i stillingane 1. august: Randi Bergem (ASH), Unni Hagen (AKF) og Arne Myklebust held fram som dekan p\u00e5 AHL. <\/li><\/ul>\n\n\n\n<p><strong>April<\/strong><\/p>\n\n\n\n<ul><li>Statsr\u00e5d Iselin Nyb\u00f8 bes\u00f8ker H\u00f8gskulen i Volda for \u00e5 diskutere internasjonal studentmobilitet &#8211; der H\u00f8gskulen i Volda er langt framme<\/li><\/ul>\n\n\n\n<ul><li>Tal fr\u00e5 Samordna opptak syner at s\u00f8kjartala til H\u00f8gskulen i Volda aukar meir enn landsgjennomsnittet og at h\u00f8gskulen har hatt auke i s\u00f8kjartala tre \u00e5r p\u00e5 rad. <\/li><\/ul>\n\n\n\n<ul><li>H\u00f8gskulen har d\u00e5rlege tal for publisering i 2018 &#8211; og 25 prosent av eksamensresultata vart forsinka. <\/li><\/ul>\n\n\n\n<p><strong>Mai<\/strong><\/p>\n\n\n\n<ul><li>Kunnskapsdepartementet l\u00f8yver 3 millionar kroner til ombygging av Str\u00f8m-auditoriet (prosjekt &laquo;Vekselstr\u00f8m&raquo;) <\/li><\/ul>\n\n\n\n<ul><li>Symjehallen blir stengt p\u00e5 dagen p\u00e5 grunn av \u00e5tvaringar i ein konsulentrapport om at liv og helse kan st\u00e5 p\u00e5 spel om hallen held fram med \u00e5 bli brukt. H\u00f8gskulen leiger seg seinare inn i Sunnm\u00f8rsbadet i Fosnav\u00e5g for \u00e5 gje tilbod om symjeoppl\u00e6ring til l\u00e6rarstudentar og studentar p\u00e5 idrett\/friluftsliv. <\/li><\/ul>\n\n\n\n<p><strong>Juni<\/strong><\/p>\n\n\n\n<ul><li>P\u00e5 sommaravslutninga blir det marker at det er 50 \u00e5r sidan Stortinget vedtok \u00e5 opprette DH-skular, blant anna i Volda. Det er i \u00e5r ogs\u00e5 25 \u00e5r sidan H\u00f8gskulen i Volda vart etablert gjennom samansl\u00e5ing av Volda l\u00e6rarh\u00f8gskule og DH-skulen i Volda. Tidlegare Gudmund Hernes heldt helsinga for dagen. <\/li><\/ul>\n\n\n\n<p><strong>August<\/strong> <\/p>\n\n\n\n<ul><li>Studiestart med 100 % oppm\u00f8te for GlU-studentane og opningstale ved kunnskapsminister Iselin Nyb\u00f8<\/li><\/ul>\n\n\n\n<ul><li>Nytt h\u00f8gskulestyre tek til fr\u00e5 1. august<\/li><\/ul>\n\n\n\n<ul><li>Ny fire\u00e5rig rektoratperiode tek til 1. august der Johann Roppen held fram som rektor og Odd Helge Mjellem Tonheim er ny prorektor.<\/li><\/ul>\n\n\n\n<ul><li>Volda f\u00e5r landets f\u00f8rste studenthumanist i Lone Ellingv\u00e5g Knudsen<\/li><\/ul>\n\n\n\n<ul><li>Odd Ragnar Hunnes vert mellombels tilsett som dekan p\u00e5 Avdeling for mediefag<\/li><\/ul>\n\n\n\n<ul><li>H\u00f8gskulen f\u00e5r studentombod i lag med H\u00f8gskulen p\u00e5 Vestlandet<\/li><\/ul>\n\n\n\n<p><strong>September<\/strong> <\/p>\n\n\n\n<ul><li>FoU-prisen til professor Jan Inge S\u00f8rb\u00f8 vert overrekt i samband med opning av Forskingsdagane 2019<\/li><\/ul>\n\n\n\n<p><strong>Oktober<\/strong><\/p>\n\n\n\n<ul><li>Psykisk helse-m\u00e5nad og f\u00f8rstehjelp i eksamenstida i regi av SiVolda<\/li><\/ul>\n\n\n\n<ul><li>H\u00f8gskulen teiknar samarbeidsavtale med Nye \u00c5lesund kommune<\/li><\/ul>\n\n\n\n<p><strong>November<\/strong> <\/p>\n\n\n\n<ul><li>Det er rekordmange studentar ved H\u00f8gskulen i Volda: H\u00f8gskulen har heile 4.500 registrerte studentar. <\/li><\/ul>\n\n\n\n<ul><li>Det er ogs\u00e5 rekordmange tilsette ved h\u00f8gskulen, i alt 350 \u00e5rsverk. No er det kvinnefleirtal ogs\u00e5 blant f\u00f8rsteamanuensane. <\/li><\/ul>\n\n\n\n<ul><li>F\u00f8rste spadetak p\u00e5 det nye mediehuset vert teke. Statsr\u00e5d Iselin Nyb\u00f8 hadde med seg melding om godkjenninga under semesteropninga, og i statsbudsjettet for 2020 vart prosjektet sett opp med ei ramme p\u00e5 212 millionar kroner. <\/li><li>Statsbygg har kj\u00f8pt tomta som Str\u00f8m-huset st\u00e5r p\u00e5 og som delvis ogs\u00e5 omfatta arealet der det nye mediehuset kjem. Prisen var 15,5 millionar kroner. <\/li><\/ul>\n\n\n\n<ul><li>L\u00e5gast strykprosent i landet p\u00e5 bachelorstudentane ved H\u00f8gskulen i Volda<\/li><\/ul>\n\n\n\n<p><strong>Desember:<\/strong> <\/p>\n\n\n\n<ul><li>Voldastudentar er internasjonale med praksis eller studieopphald i Silicon Valley (California), Portugal, Tanzania, India &#8211; og mange andre stader. <\/li><\/ul>\n\n\n\n<p>Kva kan vi seie om 2019, s\u00e5nn overordna sett? Vi st\u00e5r midt oppe i store utbyggingar av h\u00f8gskuleomr\u00e5det, og det skal vi ogs\u00e5 gjere dei komande \u00e5ra. S\u00e6rleg Avdeling for mediefag men ogs\u00e5 Avdeling for samfunnsfag og historie og dei som sit i Lettbygget f\u00e5r bygginga n\u00e6rt inn p\u00e5 livet &#8211; og n\u00e5r Str\u00f8m-huset skal renoverast i 2021-2022 s\u00e5 vil det ogs\u00e5 merkast. Vonleg vil det daglege arbeidet med forsking og utdanning ikkje lide for mykje under desse forbig\u00e5ande byggeria. Vi m\u00e5 h\u00e5pe og tru at n\u00e5r dei er ferdige s\u00e5 skal vi ha ein end\u00e5 betre h\u00f8gskule &#8211; i mange \u00e5r framover. Signala fr\u00e5 regjeringa tyder ikkje p\u00e5 at vi kan rekne med s\u00e6rleg satsingar og investeringar i dei neste \u00e5ra. Det virkar som at det er ei noks\u00e5 samstemmig oppfatning av Noreg m\u00e5 belage seg p\u00e5 nedskjeringar enn vekst i \u00e5ra som kjem &#8211; ogs\u00e5 i v\u00e5r sektor. <\/p>\n\n\n\n<p class=\"has-large-font-size\"><strong>Kva skal skje i 2020? <\/strong><\/p>\n\n\n\n<p>Ein del datofesta hendingar blir nemnde i nyhendebrevet og mange av dei er ogs\u00e5 \u00e5 finne i kalenderen p\u00e5 nettsidene v\u00e5re. Her skal eg berre nemne nokre av dei &#8211; helst dei som kanskje veit mest om: <\/p>\n\n\n\n<ul><li>Resultata for Studiebarometeret for 2019 vert offentleggjort i slutten av januar 2020. Vi veit at vi har hatt like h\u00f8g svarprosent som for dei siste fem \u00e5ra, s\u00e5 ogs\u00e5 i 2020 blir Studiebarometeret eit viktig verkt\u00f8y i kvalitetsutviklilnga. <\/li><\/ul>\n\n\n\n<ul><li>Arbeidet med bygging av mediehuset g\u00e5r sin gang og det skal st\u00e5 ferdig 2022. Men i 2021 vil vi arbeide hardt for \u00e5 f\u00e5 gjennomslag i regjering og Storting for ei eingongsl\u00f8yving til inventar og medieteknisk utstyr til huset. <\/li><\/ul>\n\n\n\n<ul><li>V\u00e5ren 2020 skal Str\u00f8m-auditoriet byggast om &#8211; prosjekt &laquo;Vekselstr\u00f8m&raquo; vil gi oss eit l\u00f8ft!<\/li><\/ul>\n\n\n\n<ul><li>Betalingsparkering planlegg vi \u00e5 starte med i l\u00f8pet av 2020<\/li><\/ul>\n\n\n\n<ul><li>Dei nye studentheimane p\u00e5 Heltne (Heltne II) skal st\u00e5 ferdig i l\u00f8pet av \u00e5ret. <\/li><\/ul>\n\n\n\n<ul><li>P\u00e5 slutten av 2020 vil venteleg idrettshallen Volda Campus Sparebank1 Arena ogs\u00e5 st\u00e5 ferdig.<\/li><\/ul>\n\n\n\n<ul><li>Statsbygg vil levere Campusutviklingsplan 2.0 til h\u00f8gskulen. <\/li><\/ul>\n\n\n\n<ul><li>NOKUT skal evaluere h\u00f8gskulens kvalitetssystem.<\/li><\/ul>\n\n\n\n<ul><li>Vi st\u00e5r midt oppe i innf\u00f8ring av pedagogisk basiskompetanse for fagleg tilsette &#8211; korleis blir det i praksis?<\/li><\/ul>\n\n\n\n<p>Og det er heilt sikkert ogs\u00e5 andre hendingar som kunne vore nemnde. Men det er eitt komande arbeid som det kan vere s\u00e6rleg grunn til \u00e5 l\u00f8fte fram i 2020: <\/p>\n\n\n\n<p class=\"has-large-font-size\">V\u00e5ren 2019: Start p\u00e5 arbeid med ny strategiplan <\/p>\n\n\n\n<p>H\u00f8gskulens gjeldande strategiplan for 2017-2020 er \u00e5 finne p\u00e5 nettsida i lag med andre styringsdokument, men <a href=\"https:\/\/www.hivolda.no\/om-hogskulen-volda\/strategi-og-visjon\">har ogs\u00e5 sine eigne teigar p\u00e5 nettsidene.<\/a><\/p>\n\n\n\n<p>Det nye h\u00f8gskulestyret skal ha styreseminar om arbeidet den 24. april. H\u00f8gskuleleiinga (rektoratet og dekanane) vil ogs\u00e5 ha eit eige strategiseminar i januar. <\/p>\n\n\n\n<p>Nokre opplagte tema for arbeidet er naturlegvis \u00e5 vurdere i kva grad vi har oppn\u00e5dd v\u00e5re m\u00e5l i gjeldande strategiplan &#8211; og kva m\u00e5te vi skal legge opp arbeidet med ny plan. <\/p>\n\n\n\n<p>Kva tema vil vere aktuelle i strategiplanen? Eg skal vere varsam med \u00e5 seie korleis strategiplanen blir sj\u00e5ande ut til slutt, men eg blir overraska om ikkje desse sp\u00f8rsm\u00e5la kjem opp p\u00e5 ein eller annan m\u00e5te: <\/p>\n\n\n\n<ul><li>Struktursp\u00f8rsm\u00e5let: Skal vi halde fram som sj\u00f8lvstendig h\u00f8gskule?<\/li><li>Doktorgradsutdanning: B\u00f8r vi etablere ei ny, sj\u00f8lvstendig doktorgrad<\/li><li>Studentrekord: Har vi teke opp for mange studentar? M\u00e5 vi tenkje p\u00e5 nye m\u00e5tar \u00e5 vekse p\u00e5 rett m\u00e5te p\u00e5? <\/li><li>Eksterne inntekter: Vi har l\u00e5ge inntekter fr\u00e5 oppdrag og bidrag (BOA) samanlikna med dei fleste andre institusjonar. Kva gjer vi med det?  <\/li><\/ul>\n\n\n\n<p class=\"has-large-font-size\">Nok og for mange planar?<\/p>\n\n\n\n<p>Det kan vere greitt \u00e5 minne oss sj\u00f8lve om at vi har styringsdokument p\u00e5 sv\u00e6rt mange niv\u00e5 og med litt ulike omsyn og rammer: <\/p>\n\n\n\n<ul><li>Nasjonale f\u00f8ringar for UH-sektoren (sektorm\u00e5l og styringsparameter)<\/li><\/ul>\n\n\n\n<ul><li>Det \u00e5rlege tildelingsbrevet fr\u00e5 Kunnskapsdepartementet<\/li><\/ul>\n\n\n\n<ul><li>Den fire\u00e5rige utviklingsavtalen med Kunnskapsdepartementet for 2019-2022 &#8211; som er ein del av tildelingsbrevet.<\/li><\/ul>\n\n\n\n<ul><li>H\u00f8gskulens eigen fire\u00e5rige strategiplan &#8211; som til vanleg vert revidert fleire gonger i fire\u00e5rsperioden. <\/li><li>Avdelingane har ogs\u00e5 sine handlingsplanar som er kopla til strategiplanen. <\/li><\/ul>\n\n\n\n<ul><li>&laquo;M\u00e5l og planar&raquo; p\u00e5 overordna niv\u00e5, der blant anna \u00e5rsrapport inng\u00e5r som ein del av rapporteringa.<\/li><\/ul>\n\n\n\n<ul><li>Prioriteringar i dei \u00e5rlege budsjetta til h\u00f8gskulen.<\/li><\/ul>\n\n\n\n<ul><li>Prioriteringar i kvardagen p\u00e5 fellesniv\u00e5 og i avdelingar. Eitt d\u00f8me p\u00e5 dette er bruk av avsetningane som har vore p\u00e5 eit for h\u00f8gt niv\u00e5 i h\u00f8ve forventningane fr\u00e5 Kunnskapsdepartementet.  <\/li><li>Handlingsplanar for s\u00e6rlege omr\u00e5de:  Til d\u00f8mes internasjonalisering, likestilling,  inkluderande l\u00e6ringsmilj\u00f8, likestilling og mangfald, campusutviklingsplan, kvalitet i utdanningene  <\/li><\/ul>\n\n\n\n<p>S\u00e5 ein kan vel seie at det ikkje er mangel p\u00e5 planar &#8211; og i og for seg har kvar av desse planane gode intensjonar og er i stor grad konkretiseringar av meir overordna f\u00f8ringar og planar. Men ein m\u00e5 likevel heile tida sp\u00f8rje seg om det er for mange planar slik at oversikta kan kome i fare. Kanskje kan det ogs\u00e5 vere ein del av v\u00e5rt strategiarbeid? <\/p>\n\n\n\n<p>Det er kanskje slike tema som ogs\u00e5 vil bli diskutert n\u00e5r Kunnskapsministeren legg fram si <a href=\"https:\/\/khrono.no\/kvalitetsreform-nybo-uh-lovutvalget\/nybo-vil-se-pa-styringen-av-universiteter-og-hogskoler\/408425\">melding til Stortinget om heile UH-sektoren &#8211; kanskje i 2020<\/a>.  <\/p>\n\n\n\n<p><\/p>\n","protected":false},"excerpt":{"rendered":"<p>Nettavisa Khronos jule- og nytt\u00e5rshelsingar fr\u00e5 rektorane p\u00e5 h\u00f8gskular og universitet har vorte ein tradisjon. Her er helsingane for 2019. Mitt bidrag var slik: Takk til studentar, tilsette og partnarar i UH-sektoren og regionen for samarbeid, samtalar og samkomer i 2019. For h\u00f8gskulen vart 2019 eit start\u00e5r med mykje spennande og viktig. I 2020 b\u00f8r &hellip; <a href=\"https:\/\/blogg.hivolda.no\/jr\/2020\/01\/06\/kva-skjedde-i-2019-og-kva-vil-skje-i-2020\/\" class=\"more-link\">Fortsett \u00e5 lese <span class=\"screen-reader-text\">H\u00f8gskulen i Volda: Kva skjedde i 2019. Og kva vil skje i 2020?<\/span><\/a><\/p>\n","protected":false},"author":13,"featured_media":0,"comment_status":"open","ping_status":"open","sticky":false,"template":"","format":"aside","meta":{"footnotes":""},"categories":[8],"tags":[],"post_mailing_queue_ids":[],"_links":{"self":[{"href":"https:\/\/blogg.hivolda.no\/jr\/wp-json\/wp\/v2\/posts\/2398"}],"collection":[{"href":"https:\/\/blogg.hivolda.no\/jr\/wp-json\/wp\/v2\/posts"}],"about":[{"href":"https:\/\/blogg.hivolda.no\/jr\/wp-json\/wp\/v2\/types\/post"}],"author":[{"embeddable":true,"href":"https:\/\/blogg.hivolda.no\/jr\/wp-json\/wp\/v2\/users\/13"}],"replies":[{"embeddable":true,"href":"https:\/\/blogg.hivolda.no\/jr\/wp-json\/wp\/v2\/comments?post=2398"}],"version-history":[{"count":9,"href":"https:\/\/blogg.hivolda.no\/jr\/wp-json\/wp\/v2\/posts\/2398\/revisions"}],"predecessor-version":[{"id":2408,"href":"https:\/\/blogg.hivolda.no\/jr\/wp-json\/wp\/v2\/posts\/2398\/revisions\/2408"}],"wp:attachment":[{"href":"https:\/\/blogg.hivolda.no\/jr\/wp-json\/wp\/v2\/media?parent=2398"}],"wp:term":[{"taxonomy":"category","embeddable":true,"href":"https:\/\/blogg.hivolda.no\/jr\/wp-json\/wp\/v2\/categories?post=2398"},{"taxonomy":"post_tag","embeddable":true,"href":"https:\/\/blogg.hivolda.no\/jr\/wp-json\/wp\/v2\/tags?post=2398"}],"curies":[{"name":"wp","href":"https:\/\/api.w.org\/{rel}","templated":true}]}}