{"id":2257,"date":"2019-09-12T17:22:56","date_gmt":"2019-09-12T15:22:56","guid":{"rendered":"http:\/\/blogg.hivolda.no\/jr\/?p=2257"},"modified":"2019-09-12T17:29:03","modified_gmt":"2019-09-12T15:29:03","slug":"orientering-til-hogskulestyret-12-september-2019","status":"publish","type":"post","link":"https:\/\/blogg.hivolda.no\/jr\/2019\/09\/12\/orientering-til-hogskulestyret-12-september-2019\/","title":{"rendered":"Orientering til h\u00f8gskulestyret, 12. september 2019"},"content":{"rendered":"\n<figure class=\"wp-block-image\"><img loading=\"lazy\" decoding=\"async\" width=\"797\" height=\"469\" src=\"https:\/\/blogg.hivolda.no\/jr\/wp-content\/uploads\/sites\/68\/2019\/09\/20190912_171258-1.jpg\" alt=\"\" class=\"wp-image-2258\" srcset=\"https:\/\/blogg.hivolda.no\/jr\/wp-content\/uploads\/sites\/68\/2019\/09\/20190912_171258-1.jpg 797w, https:\/\/blogg.hivolda.no\/jr\/wp-content\/uploads\/sites\/68\/2019\/09\/20190912_171258-1-300x177.jpg 300w, https:\/\/blogg.hivolda.no\/jr\/wp-content\/uploads\/sites\/68\/2019\/09\/20190912_171258-1-768x452.jpg 768w\" sizes=\"(max-width: 797px) 100vw, 797px\" \/><figcaption>Volda Campus Sparebank1 Arena-tomta, 12.9.2019. Sett fr\u00e5 BK. <\/figcaption><\/figure>\n\n\n\n<p><em>P\u00e5 kvart styrem\u00f8te gjev rektor ei kort orientering om ting som har skjedd og skjer og som styret b\u00f8r kjenne til. Desse orienteringane vert ogs\u00e5 lagt ut p\u00e5 rektorbloggen.<\/em><\/p>\n\n\n\n<p><em>I tillegg til denne orienteringa er det mange andre kanalar til informasjon om aktuelle saker ved H\u00f8gskulen i Volda. Rektor skriv ogs\u00e5 eit nyhendebrev som vert send til alle tilsette og til media. Dei er tilgjengelege p\u00e5 denne nettsida: <\/em><br \/><a href=\"https:\/\/www.hivolda.no\/om-hogskulen-volda\/nyhendebrev\"><em>https:\/\/www.hivolda.no\/om-hogskulen-volda\/nyhendebrev<\/em><\/a><\/p>\n\n\n\n<p>Som dei fleste veit fekk vi p\u00e5 semesteropninga 20. august den gledelege meldinga fr\u00e5 Kunnskapsminister Iselin Nyb\u00f8 om at regjeringa har godkjent prosjektet i form av eit regjeringsnotat. Brev om dette kom fr\u00e5 Kunnskapsdepartementet omtrent samtidig.\u00a0<br \/><a href=\"https:\/\/www.hivolda.no\/nyhende\/regjeringa-gir-tommel-opp-til-mediebygget\">https:\/\/www.hivolda.no\/nyhende\/regjeringa-gir-tommel-opp-til-mediebygget<\/a><br \/><\/p>\n\n\n\n<!--nextpage-->\n\n\n\n<p>Dette betyr at entrepren\u00f8r kan ta til p\u00e5 arbeidet i m\u00e5nadsskiftet oktober-november no i 2019, og byggjetida er ca halvtanna \u00e5r, s\u00e5 v\u00e5ren 2021 skal huset st\u00e5 ferdig.\u00a0<\/p>\n\n\n\n<p>Leiinga arbeider vidare med \u00e5 f\u00e5 politisk gjennomslag for ei eingongsl\u00f8yving p\u00e5 25 millionar til medieteknisk utstyr. Dette h\u00e5per vi \u00e5 f\u00e5 inn i statsbudsjettet for 2020.&nbsp;<\/p>\n\n\n\n<p>Alle som bes\u00f8ker h\u00f8gskuleomr\u00e5det ser at det alt er stor byggeaktivitet p\u00e5 tomta til den nye idrettshallen Volda Campus Sparebank1 arena. Arbeidet vil g\u00e5 n\u00e6rast parallelt med bygging av nytt mediehus, s\u00e5 det blir betydelege utfordringar med \u00e5 f\u00e5 dagleg drift til \u00e5 fungere n\u00e5r det gjeld tilkomst til h\u00f8gskuleomr\u00e5det, parkering, interntransport og heilt sikkert ting vi ikkje har tenkt p\u00e5 i dag.&nbsp;<\/p>\n\n\n\n<p>Strukturprosessen i h\u00f8gare utdanning har handla om \u00e5 f\u00e5 f\u00e6rre og st\u00f8rre institusjonar i sektoren, b\u00e5de p\u00e5 offentleg og p\u00e5 privat side, og det har skjedd ved at st\u00f8rre institusjonar har overteke mindre institusjonar og i nokre tilfelle gjennom fusjonar mellom likeverdige partar.&nbsp;<br \/><a href=\"https:\/\/www.regjeringen.no\/no\/tema\/utdanning\/hoyere-utdanning\/innsikt\/veien-mot-ny-struktur\/id2415316\/\">https:\/\/www.regjeringen.no\/no\/tema\/utdanning\/hoyere-utdanning\/innsikt\/veien-mot-ny-struktur\/id2415316\/<\/a><\/p>\n\n\n\n<p>Kunnskapsdepartementet har lyst ut midlar for \u00e5 evaluere strukturreformen i h\u00f8gare utdannning. Prosjektet har ei tidsramme p\u00e5 2019-2023. S\u00f8knadsfristen var i januar 2019.&nbsp;<br \/><a href=\"https:\/\/khrono.no\/struktur-kunnskapsdepartementet-fusjon\/15-mill-til-evaluering-av-fusjoner\/227552\">https:\/\/khrono.no\/struktur-kunnskapsdepartementet-fusjon\/15-mill-til-evaluering-av-fusjoner\/227552<\/a><\/p>\n\n\n\n<p>Forskingsinstituttet NIFU fekk tilslag p\u00e5 prosjektet og arbeider no med evalueringa i lag med ei rekkje andre forskingsinstitusjonar i inn- og utland.&nbsp;<br \/><a href=\"https:\/\/www.nifu.no\/evaluering-av-strukturreformen\/\">https:\/\/www.nifu.no\/evaluering-av-strukturreformen\/<\/a><br \/><\/p>\n\n\n\n<p>Vi har ein tre\u00e5rig samarbeidsavtale med Universitetet i Bergen, og tek sikte p\u00e5 \u00e5 fornye og forlenge den for tre nye \u00e5r fr\u00e5 hausten 2019.&nbsp; For \u00e5 f\u00e5 til det vil vi ha eit m\u00f8te med faglege leiarar ved Universitetet i Bergen i midten av oktober. Dette blir eit m\u00f8te p\u00e5 dekan og instituttleiarniv\u00e5 mellom dei to institusjonane.&nbsp;<br \/><a href=\"https:\/\/www.hivolda.no\/om\/styringsdokument\">https:\/\/www.hivolda.no\/om\/styringsdokument<\/a><br \/><\/p>\n\n\n\n<p>Vi har som f\u00f8r l\u00f8pande kontakt og samarbeidsprosjekt ogs\u00e5 med andre institusjonar, og d\u00e5 naturlegvis H\u00f8gskolen i Molde, &nbsp;NTNU \u00c5lesund, H\u00f8gskulen p\u00e5 Vestlandet og dei andre institusjonane i UH Nett Vest.<br \/><a href=\"https:\/\/uhnettvest.no\/\">https:\/\/uhnettvest.no\/<\/a><\/p>\n\n\n\n<p>NTNU har gitt beskjed til H\u00f8gskolen i Molde om at det fr\u00e5 NTNU si side ikkje er aktuelt med eit n\u00e6rare samarbeid no enn ein samarbeidsavtale. Det er alts\u00e5 ikkje aktuelt for NTNU pr i dag \u00e5 overta H\u00f8gskolen i Molde, men \u00e5 utvikle samarbeidsavtalen vidare.<br \/><a href=\"https:\/\/panorama.himolde.no\/2019\/08\/28\/ntnu-onsker-ikke-samarbeidsavtale-med-himolde\/\">https:\/\/panorama.himolde.no\/2019\/08\/28\/ntnu-onsker-ikke-samarbeidsavtale-med-himolde\/<\/a><br \/><br \/>Eg oppfattar det ikkje slik at leiinga ved H\u00f8gskolen i Molde er veldig overraska over denne beskjeden. Styret i Molde har m\u00f8te samtidig som styret ved H\u00f8gskulen i Volda og skal ha ei strategisamling i oktober der eg reknar med dei vil diskutere grundigare kva som no b\u00f8r skje vidare. Som kjent har styret ved H\u00f8gskolen i Molde tidlegare vurdert det slik at H\u00f8gskolen i Molde b\u00f8r s\u00f8ke n\u00e6rare samarbeid og eventuelt fusjon med andre h\u00f8gskular eller universitet, og NTNU har der vore eit f\u00f8rstevalg og Kunnskapsdepartementet har tidlegare gjeve H\u00f8gskolen i Molde 2,3 millionar kroner for \u00e5 utgreie samansl\u00e5ingar.<br \/><a href=\"https:\/\/www.regjeringen.no\/no\/aktuelt\/far-23-millionar-til-a-greie-ut-samanslaing\/id2569222\/\">https:\/\/www.regjeringen.no\/no\/aktuelt\/far-23-millionar-til-a-greie-ut-samanslaing\/id2569222\/<\/a><\/p>\n\n\n\n<p>Opptaket p\u00e5 l\u00e6rarutdanningane for hausten 2019 vil bli orientert om i ei eiga sak, s\u00e5 det skal eg ikkje g\u00e5 inn p\u00e5 her.&nbsp;<\/p>\n\n\n\n<p>H\u00f8gskulen i Volda har 110 studieplassar i PPU (Praktisk- pedagogisk utdanning), og tilbyr b\u00e5de yrkesfagleg og allmennfagleg PPU. PPU yrkesfag har hatt normalt god s\u00f8knad, men har ogs\u00e5 i \u00e5r hatt f\u00e5 s\u00f8karar innan til d\u00f8mes elektrofag, mekaniske fag og byggfag, men har hatt sv\u00e6rt stor s\u00f8knad innan helse og oppvekstfag og service og samferdsle.&nbsp;<br \/>For allmennfagleg PPU vart det hausten 2019 krav om at studentar m\u00e5 ha master for \u00e5 f\u00e5 opptak. Fram til 2025 er studentar med fagbakgrunn i praktisk estetiske fag som musikk, idrett\/kropps\u00f8ving, kunst og handverk og drama unnteke dette kravet. S\u00f8knad til PPU allmennfag har g\u00e5tt noko ned, og d\u00e5 spesielt innan faga med masterkrav, dvs norsk, engelsk og framandspr\u00e5k, samfunnsfag, mediefag og realfaga. Gruppene innan desse faga er mindre enn tidlegare \u00e5r. Dette er sj\u00f8lvsagt ei utfordring i h\u00f8ve l\u00e6rarrekruttering i desse faga. HVO har hatt h\u00f8ve til \u00e5 ta opp fleire studentar med praktisk estetiske fag p\u00e5 grunn av desse endringane, og samla sett har PPU om lag same studenttal som har vore normalt dei siste 10-15 \u00e5ra.<\/p>\n\n\n\n<p>H\u00f8gskulen i Volda har f\u00e5tt godkjent s\u00f8knad om akkreditering av erfaringsbasert master i undervisning og l\u00e6ring. Den rettar seg s\u00e6rleg mot l\u00e6rarar som ikkje har mastergrad men som jobbar i skulen. No kan dei ogs\u00e5 f\u00e5 ein mastergrad.&nbsp;<\/p>\n\n\n\n<p>H\u00f8gskulestyret delegerte til rektor \u00e5 sende akkrediteringss\u00f8knad til NOKUT om master i barnehagepedagogikk. S\u00f8knaden vart sendt 11. september.&nbsp;<\/p>\n\n\n\n<p>I tillegg har det ogs\u00e5 vorte sendt s\u00f8knad om akkreditering av ein ny mastergrad i skriftkulturar som s\u00e6rleg fagmilj\u00f8a i norsk og engelsk skal samarbeide om, og som ogs\u00e5 vil omfatte fagomr\u00e5da under den noverande mastergraden i nynorsk skriftkultur.&nbsp;<\/p>\n\n\n\n<p>S\u00e5 ved Avdeling for humanistiske fag og l\u00e6rarutdanning blir det definitivt bygd i h\u00f8gda, alts\u00e5 med nye mastertilbod opp\u00e5 etablerte bachelorutdanningar. Fagmilj\u00f8a vil i tida framover ogs\u00e5 vurdere om det er grunnlag for \u00e5 arbeide mot akkreditering av doktorgradsutdanning, og det er noko styret naturlegvis vil f\u00e5 som sak seinare &#8211; og blir heilt sikkert tema i strategiarbeidet for komande periode.&nbsp;&nbsp;<\/p>\n\n\n\n<p>I utgangspunktet m\u00e5 ein rekne desse faglege utviklingstiltaka som ei spissing og skarpare profilering av v\u00e5r studieportef\u00f8lje. Men i utgangspunktet har vi ikkje f\u00e5tt nye studieplassar, alts\u00e5 finansiering fr\u00e5 KD av desse nye studietilboda. S\u00e5 total\u00f8konomien er dermed ei utfordring som vi m\u00e5 kome tilbake til seinare og i alle fall n\u00e5r vi skal vedta studieportef\u00f8ljen dei komande studie\u00e5ra.&nbsp;<\/p>\n\n\n\n<p>Styret har tidlegare etterlyst orientering om ei rekkje saker som styret delvis har sett i gang og delvis \u00f8nskjer orientering fr\u00e5. I ei eiga sak i m\u00f8tet i dag er \u00e5rshjul for 2019-2020 sett opp, og sakene vil ein i stor grad finne igjen der.&nbsp;<\/p>\n\n\n\n<p>Det kan s\u00e6rskilt nemnast at vi har eit utval som arbeider med evaluerer ordnina med avdelingsr\u00e5d. Status i dette utvalets arbeid er diverre at dei ikkje har kome s\u00e5 langt som vi og dei hadde h\u00e5pa p\u00e5, og vi har difor ikkje noko resultat \u00e5 legge fram for styret p\u00e5 dette m\u00f8tet. Vi kjem naturlegvis tilbake til saka seinare.&nbsp;<\/p>\n\n\n\n<p><\/p>\n","protected":false},"excerpt":{"rendered":"<p>P\u00e5 kvart styrem\u00f8te gjev rektor ei kort orientering om ting som har skjedd og skjer og som styret b\u00f8r kjenne til. Desse orienteringane vert ogs\u00e5 lagt ut p\u00e5 rektorbloggen. I tillegg til denne orienteringa er det mange andre kanalar til informasjon om aktuelle saker ved H\u00f8gskulen i Volda. Rektor skriv ogs\u00e5 eit nyhendebrev som vert &hellip; <a href=\"https:\/\/blogg.hivolda.no\/jr\/2019\/09\/12\/orientering-til-hogskulestyret-12-september-2019\/\" class=\"more-link\">Fortsett \u00e5 lese <span class=\"screen-reader-text\">Orientering til h\u00f8gskulestyret, 12. september 2019<\/span><\/a><\/p>\n","protected":false},"author":13,"featured_media":0,"comment_status":"open","ping_status":"open","sticky":false,"template":"","format":"aside","meta":{"footnotes":""},"categories":[1],"tags":[],"post_mailing_queue_ids":[],"_links":{"self":[{"href":"https:\/\/blogg.hivolda.no\/jr\/wp-json\/wp\/v2\/posts\/2257"}],"collection":[{"href":"https:\/\/blogg.hivolda.no\/jr\/wp-json\/wp\/v2\/posts"}],"about":[{"href":"https:\/\/blogg.hivolda.no\/jr\/wp-json\/wp\/v2\/types\/post"}],"author":[{"embeddable":true,"href":"https:\/\/blogg.hivolda.no\/jr\/wp-json\/wp\/v2\/users\/13"}],"replies":[{"embeddable":true,"href":"https:\/\/blogg.hivolda.no\/jr\/wp-json\/wp\/v2\/comments?post=2257"}],"version-history":[{"count":3,"href":"https:\/\/blogg.hivolda.no\/jr\/wp-json\/wp\/v2\/posts\/2257\/revisions"}],"predecessor-version":[{"id":2266,"href":"https:\/\/blogg.hivolda.no\/jr\/wp-json\/wp\/v2\/posts\/2257\/revisions\/2266"}],"wp:attachment":[{"href":"https:\/\/blogg.hivolda.no\/jr\/wp-json\/wp\/v2\/media?parent=2257"}],"wp:term":[{"taxonomy":"category","embeddable":true,"href":"https:\/\/blogg.hivolda.no\/jr\/wp-json\/wp\/v2\/categories?post=2257"},{"taxonomy":"post_tag","embeddable":true,"href":"https:\/\/blogg.hivolda.no\/jr\/wp-json\/wp\/v2\/tags?post=2257"}],"curies":[{"name":"wp","href":"https:\/\/api.w.org\/{rel}","templated":true}]}}