{"id":2218,"date":"2019-07-05T17:41:35","date_gmt":"2019-07-05T15:41:35","guid":{"rendered":"http:\/\/blogg.hivolda.no\/jr\/?p=2218"},"modified":"2019-07-05T21:45:55","modified_gmt":"2019-07-05T19:45:55","slug":"sommarhelsing-fra-rektor-5-juli-2019","status":"publish","type":"post","link":"https:\/\/blogg.hivolda.no\/jr\/2019\/07\/05\/sommarhelsing-fra-rektor-5-juli-2019\/","title":{"rendered":"Sommarhelsing fr\u00e5 rektor &#8211; 5. juli 2019"},"content":{"rendered":"\n<p> Kj\u00e6re alle tilsette ved H\u00f8gskulen i Volda!&nbsp;<\/p>\n\n\n\n<p>F\u00f8rst og fremst vil eg \u00f8nskje alle tilsette ein god sommar og h\u00e5per alle f\u00e5r ein fin ferie og f\u00e5r ladde batteri og f\u00e5r ny kveik om det trengst. Til dei som har oppg\u00e5ver som gjer at dei m\u00e5 jobbe mesteparten av juli eller august s\u00e5 h\u00e5per eg dei ogs\u00e5 f\u00e5r fine dagar. <\/p>\n\n\n\n<div class=\"wp-block-image\"><figure class=\"aligncenter\"><img loading=\"lazy\" decoding=\"async\" width=\"1024\" height=\"768\" src=\"http:\/\/blogg.hivolda.no\/jr\/wp-content\/uploads\/sites\/68\/2019\/07\/20190705_155245-1024x768.jpg\" alt=\"\" class=\"wp-image-2231\" srcset=\"https:\/\/blogg.hivolda.no\/jr\/wp-content\/uploads\/sites\/68\/2019\/07\/20190705_155245-1024x768.jpg 1024w, https:\/\/blogg.hivolda.no\/jr\/wp-content\/uploads\/sites\/68\/2019\/07\/20190705_155245-300x225.jpg 300w, https:\/\/blogg.hivolda.no\/jr\/wp-content\/uploads\/sites\/68\/2019\/07\/20190705_155245-768x576.jpg 768w\" sizes=\"(max-width: 1024px) 100vw, 1024px\" \/><figcaption>God sommar!<\/figcaption><\/figure><\/div>\n\n\n\n<p>Vi har lagt bak oss nok eit spennande \u00e5r p\u00e5 H\u00f8gskulen i Volda.&nbsp; Det vart ei fin <a href=\"https:\/\/www.hivolda.no\/nyhende\/markerte-dobbelt-jubileum\">jubileumsmarkering 20. juni<\/a>, og eg h\u00e5per dei som deltok fekk b\u00e5de ein kjekk og tankevekkande dag. <\/p>\n\n\n\n<p>Vi stilte oss opp &#8211; 10 rektorar p\u00e5 rad. Alle menn. Det er ikkje eit godt teikn for ein institusjon som har hatt fleirtal av kvinnelege studentar i 100 \u00e5r, og som i l\u00f8pet av dei siste \u00e5ra ogs\u00e5 har f\u00e5tt kvinnefleirtal p\u00e5 nesten alle kompetanseniv\u00e5. Men kven er n\u00e6rast til \u00e5 gjere noko med det?<\/p>\n\n\n\n<p>Sj\u00f8lv tenkte eg ogs\u00e5 tilbake p\u00e5 mi tid som student ved DH-skulen. D\u00e5verande rektor Tor-Johan Ekeland var med p\u00e5 \u00e5 finansiere ei jubileumsmarkering &#8211; eit debattm\u00f8te &#8211; for Ottosen-komiteens arbeid, som la grunnlaget for DH-skulane. Vi i deet d\u00e5verande studentlagsstyret (= studentparlamentet) fekk Kristian Ottosen sj\u00f8lv til \u00e5 kome til Volda, og sp\u00f8rsm\u00e5let han skulle svare p\u00e5 var om DH-skulane hadde blitt slik han hadde tenkt. Eg trur svaret var at dei faktisk hadde begynt \u00e5 leve sitt eige liv. Og s\u00e5nn m\u00e5tte det kanskje bli? <\/p>\n\n\n\n<p>Dette er alts\u00e5 ca 30 \u00e5r sidan, og det er rart \u00e5 tenke tilbake p\u00e5 at eg som ung student tenkte p\u00e5 DH-skulen som ein veletablert, trygg, gammal institusjon &#8211; p\u00e5 heile 20 \u00e5r. Kva er den d\u00e5 i dag? Det stemmer at institusjonen har blitt end\u00e5 gamlare. Men trygg?&nbsp;<\/p>\n\n\n\n<p>Vi ser at det nyfusjonerte Nord universitet ikkje framst\u00e5r som ei vidare trygg hamn for ein institusjon og studiestad som Nesna. Etter over 100 \u00e5r ser det ut til at det no er slutt. S\u00e5 \u00e5 vere veletablert og gammal er ingen garanti for tryggleik. Men det er vel ogs\u00e5 Nord universitet si oppleving at dei som institusjon ikkje er trygge. Nord opplever at departementet har separate m\u00f8te med delar av styret, at statsr\u00e5den m\u00f8ter opp p\u00e5 styrem\u00f8te, at rektor br\u00e5tt trekker seg, og at n\u00e5r det kjem framlegg fr\u00e5 universitetet sj\u00f8lv om \u00e5 gjere dramatiske grep ved \u00e5 legge ned Nesna og andre studiestader, s\u00e5 blir det m\u00f8tt med nye politiske signal fr\u00e5 Kunnskapsdepartementets politiske leiing.&nbsp;<\/p>\n\n\n\n<!--nextpage-->\n\n\n\n<p>I denne situasjonen har <a href=\"https:\/\/khrono.no\/autonomi-nord-nord-universitet\/rektorer-om-autonomi-for-universiteter-og-hogskoler\/286544\">32 rektorar ved norske universitet og h\u00f8gskular skrive under p\u00e5 eit opprop<\/a> der vi legg vekt p\u00e5 at det er viktig med institusjonell autonomi, at det er styra som skal styre institusjonane. Eg er blant underskrivarane. Det er lett \u00e5 ha stor sympati for dei mange lokale reaksjonane mot nedlegging i Nesna og dei andre studiestadene, men eg trur det meir overordna og prinsipielt sett er klokt \u00e5 la institusjonane f\u00e5 styre seg mest muleg sj\u00f8lve gjennom styra.&nbsp;<\/p>\n\n\n\n<p>For ikkje s\u00e5 mange \u00e5r sidan opplevde nok mange ved H\u00f8gskulen i Volda at Kunnskapsminister Torbj\u00f8rn R\u00f8e Isaksen og statssekret\u00e6r Bj\u00f8rn Haugstad la noks\u00e5 <a href=\"https:\/\/khrono.no\/stordhaugesund-bergen-fusjon\/volda-bor-tenke-effektivt-og-kjapt\/160950?qt-from_sections=0\">hardt verbalt press p\u00e5 H\u00f8gskulen i Volda<\/a> i retning av fusjon. Slik opplevde i alle fall eg det. Men det var ein viktig nyanse mellom det politiske presset for 2-3 \u00e5r tilbake, og det var at Haugstad og Isaksen ikkje sa konkret kven vi burde fusjonere med. Slik eg oppfatta eller huskar det gjekk dei ikkje inn i ei konkret styresak hos oss og \u00f8nska seg eit bestemt resultat. Men det er muleg det skjedde p\u00e5 andre studiestader med andre universitet og h\u00f8gskular. Det var i alle fall mange institusjonar som hadde f\u00e5tt beskjed om at dei ikkje var robuste nok.&nbsp;<\/p>\n\n\n\n<p>Det er no bestemt at <a href=\"https:\/\/khrono.no\/evaluering-nifu-notis\/nifu-skal-lede-arbeidet-med-a-evaluere-strukturreformen\/289986\">NIFU skal evaluere strukturprosessen<\/a>. Kanskje kan Nord universitet og det p\u00e5g\u00e5ande lovarbeidet i sektoren sette desse sp\u00f8rsm\u00e5la p\u00e5 dagsorden p\u00e5 ein meir prinsipiell m\u00e5te?&nbsp;<br \/>Elles kjenner nok dei fleste mine kritiske synspunkt p\u00e5 heile strukturprosessen. Khrono skriv at dei <a href=\"https:\/\/khrono.no\/fusjoner-malstyring-nord\/kritiske-til-departementets-krav-til-hva-gevinsten-av-fusjoner-er\/286494\">fusjonerte institusjonane og Kunnskapsdepartementet no har vanskar med \u00e5 bli samde om korleis resultat av fusjonane skal m\u00e5last<\/a>. Eg har alltid trudd at m\u00e5la med endringsprosessar burde vere sette opp p\u00e5 f\u00f8rehand og vere styrande for prosessane. Men her blir det alts\u00e5 forhandla om kva som var m\u00e5let fleire \u00e5r etter at prosessane vart vedtekne. Det blir vanskeleg \u00e5 ha tillit til at vurderingskriteria p\u00e5 denne m\u00e5ten kan bli s\u00e6rleg truverdige.&nbsp;<\/p>\n\n\n\n<p>Fagleg sett skjer det mykje spennande &#8211; og krevande &#8211; p\u00e5 h\u00f8gskulen. Om kort tid skal h\u00f8gskulen sende s\u00f8knad om akkreditering av master i barnehagel\u00e6rarutdanning. Spennande! Krevande! Master i undervisning og l\u00e6ring er alt inne til vurdering og slik eg forst\u00e5r dei involverte er tilbakemeldingane fr\u00e5 NOKUT-komiteen ikkje uoverkomelege. Skriftkulturar er ogs\u00e5 eit spennande omgrep &#8211; og kan bli ein spennande framtidig mastergrad for norsk og engelsk.&nbsp;<\/p>\n\n\n\n<p>Dette f\u00e5r vi til!<\/p>\n\n\n\n<p>Eg reknar med at avdelinga for humanistiske fag og l\u00e6rarutdanning vil starte arbeidet med \u00e5 vurdere om vi skal g\u00e5 for ein ny doktorgrad. Som kjent har vi fleire \u00e5rs erfaring med den profesjonsorienterte fellesgraden i lag med H\u00f8gskolen i Molde. Men om vi klarer \u00e5 f\u00e5 p\u00e5 plass v\u00e5r eigen doktorgrad retta inn mot skule- og skriftkultur &#8211; og gjerne f\u00e5r kopla p\u00e5 skriftkultur, historie og medie- og kulturfaga s\u00e5 kan kanskje alle fagmilj\u00f8 ved H\u00f8gskulen i Volda ha ei topputdanning opp\u00e5 dei mange mastergradene vi alt har.&nbsp; Eitt moment i dette er at for at tilsette skal f\u00e5 professorkompetanse m\u00e5 ein ogs\u00e5 ha rettleia doktorgradskandidatar, og det kan faktisk vere utfordrande \u00e5 f\u00e5 sleppe inn i slike rolller p\u00e5 etablerte doktorgradsgjevande institusjonar.&nbsp;<\/p>\n\n\n\n<p>Avdeling for mediefag har i 2019 uteksaminert det f\u00f8rste kullet med studentar p\u00e5 masteren i Media practices. V\u00e5r f\u00f8rste engelskspr\u00e5klege masterutdanning. Gratulerer til alle involverte. Det var verkeleg godt og raskt jobba! <a href=\"https:\/\/blogg.hivolda.no\/jr\/2019\/06\/13\/greetings-for-mmp-students-volda-university-college-aasentunet-june-7th-2019\/\">Og ca 10 ulike nasjonalitetar representerte p\u00e5 den fine gradsfeiringa i Aasentunet.&nbsp;<\/a><\/p>\n\n\n\n<p>They did it!&nbsp;<br \/><br \/>Avdeling for samfunnsfag og historie har det daglege ansvaret for doktorgradsprogrammet &laquo;Vilk\u00e5r for profesjonsut\u00f8ving&raquo;. Etter planen skulle programmet ha 20 doktorgradsstudentar i 2020. No i 2019 har vi 26! Det er veldig kjekt at studentane har kome og eg gler meg veldig til at den f\u00f8rste fr\u00e5 H\u00f8gskulen i Volda skal disputere fr\u00e5 programmet. Eg veit ikkje kven det blir, men eg trur det blir i l\u00f8pet av det n\u00e6raste \u00e5ret.&nbsp;<br \/><br \/>Dei f\u00e5r det til!&nbsp;<\/p>\n\n\n\n<p>Fram til 2025 kan studentar med bachelor i musikk, idrett\/friluftsliv, drama\/teater eller kunst og handverk kome inn p\u00e5 PPU. Men i 2025 m\u00e5 vi ha p\u00e5 plass ei god masterutdanning i praktiske estetiske fag. Det er ogs\u00e5 ei utfordring som kanskje best kan l\u00f8ysast gjennom \u00e5 bygge i h\u00f8gda, alts\u00e5 heve ambisjonane og kvalitetskrava. Eg er spent p\u00e5 korleis avdelinga vel \u00e5 l\u00f8yse denne oppg\u00e5va.&nbsp;<\/p>\n\n\n\n<p>Det blir heilt sikkert eit etterspurt studietilbod, ogs\u00e5 for kandidatar utanfor v\u00e5r eigen institusjon.&nbsp;<\/p>\n\n\n\n<p>Eg er sikker p\u00e5 at AKF i 2025 &#8211; eller f\u00f8r &#8211; kan seie til seg sj\u00f8lve: Ja, vi fekk det til.&nbsp;<\/p>\n\n\n\n<p>Vi treng mange h\u00f8gt kompetente fagfolk for \u00e5 gjort alt vi \u00f8nskjer &#8211; anten det no er \u00e5 oppretthalde og vidareutvikle dei mange mastergradene vi alt tilbyr, dei nye vi \u00f8nskjer \u00e5 starte, og ikkje minst om vi skal starte med doktorgradsutdanning. Korleis skal vi f\u00e5 til det? Over tid har vi stort sett f\u00e5tt professorar og dosentar fr\u00e5 eigne rekker. Det m\u00e5 vi nok innstille oss p\u00e5 ogs\u00e5 i framtida og d\u00e5 h\u00e5per eg at ordningar som FoU-stipend, professorstipend, forskingsgrupper og s\u00e5kornmidlar skal bli kjent og end\u00e5 betre utnytta enn i dag slik at vi kan halde fram med den langsiktige utviklinga i tal p\u00e5 og andel toppkompetente kan halde fram ogs\u00e5 dei neste \u00e5ra.&nbsp;<\/p>\n\n\n\n<p>Slik \u00f8konomisk og praktisk tilrettelegging er viktig &#8211; men ikkje nok &#8211; for at vi i 2023 skal kunne seie: Ja, vi fekk det til. B\u00e5de h\u00f8gskulen samla sett &#8211; og kvar einskild tilsett.&nbsp;<\/p>\n\n\n\n<p>Vi har utfordringar ogs\u00e5 n\u00e5r det gjeld det fysiske l\u00e6ringsmilj\u00f8et, p\u00e5 h\u00f8gskuleomr\u00e5det. Men om eitt \u00e5rs tid vil vi vonleg ha f\u00e5tt ei plan for det samla h\u00f8gskuleomr\u00e5det, ein campusutviklingsplan. Den skal handle om arbeidsrom for studentar og tilsette. Ingen kan p\u00e5 f\u00f8rehand vite korleis denne planen vil bli sj\u00e5ande ut. Men vi har blitt fleire og fleire p\u00e5 h\u00f8gskulen, utan at vi eigentleg har f\u00e5tt s\u00e5 veldig mykje betre plass dei siste \u00e5ra. Det m\u00e5 vi l\u00f8yse. <\/p>\n\n\n\n<p>Somme har alt begynt \u00e5 p\u00f8nske p\u00e5 om vi ikkje skulle ha sett opp eit meir permanent hus med arbeidsplassar for tilsette og studentar der Lettbygget og paviljongane st\u00e5r i dag. Det er viktig \u00e5 tenkje framover og ha idear, men nett no har nok dei som driv med eigedom og drift nok med \u00e5 handtere kvardagen.&nbsp;<\/p>\n\n\n\n<p>Kan vi f\u00e5 det til?&nbsp;<\/p>\n\n\n\n<p>P\u00e5 \u00f8konomi og eigedom ser vi alt no at det vil bli fire krevande \u00e5r for H\u00f8gskulen i Volda. Mange tilsette ogs\u00e5 p\u00e5 AHL har alt flytta eller m\u00e5 snart flytte. Tilsette p\u00e5 Idrett og friluftsliv har alt flytta. Det blir ogs\u00e5 ein stor flyttesjau i 2021 n\u00e5r f\u00f8rst AMF og deretter store delar av ASH skal flytte p\u00e5 seg til nybygget og n\u00e5r Str\u00f8m-huset skal f\u00e5 si f\u00f8rste store rehabilitering sidan huset stod ferdig for 35 \u00e5r sidan.&nbsp;<\/p>\n\n\n\n<figure class=\"wp-block-image\"><img loading=\"lazy\" decoding=\"async\" width=\"1024\" height=\"768\" src=\"https:\/\/blogg.hivolda.no\/jr\/wp-content\/uploads\/sites\/68\/2019\/07\/gravemaskin-sommaren-2019-1024x768.jpg\" alt=\"\" class=\"wp-image-2225\" srcset=\"https:\/\/blogg.hivolda.no\/jr\/wp-content\/uploads\/sites\/68\/2019\/07\/gravemaskin-sommaren-2019-1024x768.jpg 1024w, https:\/\/blogg.hivolda.no\/jr\/wp-content\/uploads\/sites\/68\/2019\/07\/gravemaskin-sommaren-2019-300x225.jpg 300w, https:\/\/blogg.hivolda.no\/jr\/wp-content\/uploads\/sites\/68\/2019\/07\/gravemaskin-sommaren-2019-768x576.jpg 768w\" sizes=\"(max-width: 1024px) 100vw, 1024px\" \/><figcaption>Sommaren 2019: Det blir mykje graving i \u00e5ra framover.<\/figcaption><\/figure>\n\n\n\n<p>Men vi vil ogs\u00e5 f\u00e5 noks\u00e5 samanhengande byggeaktivitet p\u00e5 og ved h\u00f8gskuleomr\u00e5det. Om f\u00e5 dagar startar gravinga p\u00e5 den store idrettshallen Volda Campus Sparebank1 Arena. Etter sommarferien startar vi vonleg gravinga p\u00e5 det nye mediehuset. Fr\u00e5 andre byggeprosjekt har eg h\u00f8yrt at n\u00e5r gravinga startar s\u00e5 er det meste gjort. Men for oss betyr gravinga mange og store endringar b\u00e5de p\u00e5 kort sikt og dei komande 2-3 \u00e5ra. Kanskje lenger. Mange parkeringsplassar blir bort ei byggetida og om og n\u00e5r vi f\u00e5r p\u00e5 plass erstatningsplassar og kor mange trur eg diverre er litt usikkert. Eg vil minne om at heile idrettshallprosjektet starta med at h\u00f8gskulen \u00f8nska seg omr\u00e5det til parkeringsareal, men at andre akt\u00f8rar hadde andre planar for omr\u00e5det. Vi vil f\u00e5 tilgang til 126 parkeringsplassar under bakken n\u00e5r idrettshallen st\u00e5r ferdig, og i eit 50-\u00e5rs perspektiv er eg ikkje i tvil om at det er bra for h\u00f8gskulen. Men vi skal drive godt og trygt ogs\u00e5 dei neste fire fem \u00e5ra.&nbsp;<br \/>Det m\u00e5 vi berre f\u00e5 til.&nbsp;<\/p>\n\n\n\n<p>Vi m\u00e5 diverre ogs\u00e5 konstatere at vi misser symjehallen. Det er no klart at v\u00e5re studentar skal bussast til <a href=\"http:\/\/www.sunnmorsbadet.no\/\">Sunnm\u00f8rsbadet<\/a> i Fosnav\u00e5g det komande \u00e5ret. Eg h\u00e5per det blir ei fin oppleving og knyter oss i alle fall n\u00e6rare til regionen vi er ein del av. H\u00f8gskulestyret vil i slutten av oktober ha sitt \u00e5rlege styreseminar p\u00e5 Thon hotell i Fosnav\u00e5g, blant anna for \u00e5 f\u00e5 ei synfaring og sikkert utpr\u00f8ving av Sunnm\u00f8rsbadet. <\/p>\n\n\n\n<p>Men eg oppmodar Volda som vertskommune for H\u00f8gskulen i Volda til \u00e5 f\u00e5 bygd ny symjehall s\u00e5 fort det lar seg gjere &#8211; aller helst i direkte vidaref\u00f8ring av idrettshallen Campus arena. S\u00e5 kan vi h\u00e5pe p\u00e5 at om fire-fem \u00e5r s\u00e5 vil utsikta fr\u00e5 kantina ikkje vere mot eit anleggsomr\u00e5de men mot ein flott, ny symjehall som opnar seg mot tilsette og studentar ved H\u00f8gskulen i Volda og viser at her er det&nbsp; bra b\u00e5de \u00e5 l\u00e6re, leve og oppleve.&nbsp;<\/p>\n\n\n\n<figure class=\"wp-block-image\"><img loading=\"lazy\" decoding=\"async\" width=\"980\" height=\"582\" src=\"https:\/\/blogg.hivolda.no\/jr\/wp-content\/uploads\/sites\/68\/2019\/07\/voldabadet.jpg\" alt=\"\" class=\"wp-image-2226\" srcset=\"https:\/\/blogg.hivolda.no\/jr\/wp-content\/uploads\/sites\/68\/2019\/07\/voldabadet.jpg 980w, https:\/\/blogg.hivolda.no\/jr\/wp-content\/uploads\/sites\/68\/2019\/07\/voldabadet-300x178.jpg 300w, https:\/\/blogg.hivolda.no\/jr\/wp-content\/uploads\/sites\/68\/2019\/07\/voldabadet-768x456.jpg 768w\" sizes=\"(max-width: 980px) 100vw, 980px\" \/><figcaption>Voldabadet. Ideskisse. VTI-symjing.<\/figcaption><\/figure>\n\n\n\n<p>Det kan vi f\u00e5 til &#8211; i lag.&nbsp;<\/p>\n\n\n\n<p>God sommar til alle tilsette, studentar og alle andre som har hjarte for H\u00f8gskulen i Volda!&nbsp;<\/p>\n","protected":false},"excerpt":{"rendered":"<p>Kj\u00e6re alle tilsette ved H\u00f8gskulen i Volda!&nbsp; F\u00f8rst og fremst vil eg \u00f8nskje alle tilsette ein god sommar og h\u00e5per alle f\u00e5r ein fin ferie og f\u00e5r ladde batteri og f\u00e5r ny kveik om det trengst. Til dei som har oppg\u00e5ver som gjer at dei m\u00e5 jobbe mesteparten av juli eller august s\u00e5 h\u00e5per eg &hellip; <a href=\"https:\/\/blogg.hivolda.no\/jr\/2019\/07\/05\/sommarhelsing-fra-rektor-5-juli-2019\/\" class=\"more-link\">Fortsett \u00e5 lese <span class=\"screen-reader-text\">Sommarhelsing fr\u00e5 rektor &#8211; 5. juli 2019<\/span><\/a><\/p>\n","protected":false},"author":13,"featured_media":0,"comment_status":"open","ping_status":"open","sticky":false,"template":"","format":"aside","meta":{"footnotes":""},"categories":[8],"tags":[],"post_mailing_queue_ids":[],"_links":{"self":[{"href":"https:\/\/blogg.hivolda.no\/jr\/wp-json\/wp\/v2\/posts\/2218"}],"collection":[{"href":"https:\/\/blogg.hivolda.no\/jr\/wp-json\/wp\/v2\/posts"}],"about":[{"href":"https:\/\/blogg.hivolda.no\/jr\/wp-json\/wp\/v2\/types\/post"}],"author":[{"embeddable":true,"href":"https:\/\/blogg.hivolda.no\/jr\/wp-json\/wp\/v2\/users\/13"}],"replies":[{"embeddable":true,"href":"https:\/\/blogg.hivolda.no\/jr\/wp-json\/wp\/v2\/comments?post=2218"}],"version-history":[{"count":8,"href":"https:\/\/blogg.hivolda.no\/jr\/wp-json\/wp\/v2\/posts\/2218\/revisions"}],"predecessor-version":[{"id":2232,"href":"https:\/\/blogg.hivolda.no\/jr\/wp-json\/wp\/v2\/posts\/2218\/revisions\/2232"}],"wp:attachment":[{"href":"https:\/\/blogg.hivolda.no\/jr\/wp-json\/wp\/v2\/media?parent=2218"}],"wp:term":[{"taxonomy":"category","embeddable":true,"href":"https:\/\/blogg.hivolda.no\/jr\/wp-json\/wp\/v2\/categories?post=2218"},{"taxonomy":"post_tag","embeddable":true,"href":"https:\/\/blogg.hivolda.no\/jr\/wp-json\/wp\/v2\/tags?post=2218"}],"curies":[{"name":"wp","href":"https:\/\/api.w.org\/{rel}","templated":true}]}}