{"id":2156,"date":"2019-06-07T12:53:14","date_gmt":"2019-06-07T10:53:14","guid":{"rendered":"http:\/\/blogg.hivolda.no\/jr\/?p=2156"},"modified":"2019-06-12T21:35:28","modified_gmt":"2019-06-12T19:35:28","slug":"helsing-pa-juristlunsj-hogskulen-i-volda-7-juni-2019","status":"publish","type":"post","link":"https:\/\/blogg.hivolda.no\/jr\/2019\/06\/07\/helsing-pa-juristlunsj-hogskulen-i-volda-7-juni-2019\/","title":{"rendered":"Helsing p\u00e5 juristlunsj &#8211; H\u00f8gskulen i Volda 7. juni 2019"},"content":{"rendered":"\n<p>Kj\u00e6re alle deltakarar, og s\u00e6rleg v\u00e5re lokale arrang\u00f8rar: <a href=\"https:\/\/www.hivolda.no\/tilsette\/institutt-journalistikk\/ellen-lexerod-hovlid\">Ellen Hovlid<\/a>, <a href=\"https:\/\/www.hivolda.no\/tilsette\/institutt-planlegging-administrasjon-og-samfunnsfag\/ingvild-sande-lillebo\">Ingvild Sande Lilleb\u00f8<\/a>, <a href=\"https:\/\/www.hivolda.no\/tilsette\/institutt-sosialfag\/margrete-homlong-oyehaug\">Margrethe Homlong \u00d8yehaug<\/a>, <a href=\"https:\/\/www.hivolda.no\/tilsette\/institutt-sosialfag\/egil-arne-standal\">Egil Arne Standal<\/a> og <a href=\"https:\/\/www.hivolda.no\/tilsette\/institutt-planlegging-administrasjon-og-samfunnsfag\/bernt-olav-ovregaard\">Bernt Olav \u00d8vregaard<\/a>.&nbsp;<\/p>\n\n\n\n<p>Det er utruleg kjekt \u00e5 sj\u00e5 s\u00e5 mange \u00ablovlege\u00bb her p\u00e5 h\u00f8gskulen!&nbsp;<\/p>\n\n\n\n<p>Eg er veldig glad for at kolleger p\u00e5 h\u00f8gskulen har teke initiativ til denne samlinga, og at s\u00e5 mange har valt \u00e5 bruke tid p\u00e5 \u00e5 m\u00f8tast her.&nbsp;<\/p>\n\n\n\n<p>For ein liten og mangfoldig h\u00f8gskule som H\u00f8gskulen i Volda s\u00e5 er det slik at vi har sv\u00e6rt mange profesjonsutdanningar og profesjonar innanfor v\u00e5r faglege portef\u00f8lje.&nbsp;<\/p>\n\n\n\n<p>Vi har naturlegvis pedagogar, spesialpedagogar, \u00f8konomar, spr\u00e5kvitarar, teologar, historikar, samfunns- og kulturvitarar i alle variantar, som til d\u00f8mes medievitarar og journalistar.&nbsp;<\/p>\n\n\n\n<p>Spesielt for s\u00e5kalla sm\u00e5 fag og profesjonar er det sv\u00e6rt viktig \u00e5 ha eller \u00e5 lage m\u00f8teplassar der ein kan m\u00f8te andre fagfolk for nettverk og fagleg utvikling.\u00a0<\/p>\n\n\n\n<!--nextpage-->\n\n\n\n<p>S\u00e5 av dei klassiske universitetsprofesjonane har vi presteutdanna, vi har ikkje medisinarar. Men: Vi har juristar! Og i dei siste \u00e5ra har vi f\u00e5tt fleire og fleire juristar, og b\u00e5de p\u00e5 fagleg og administrativ side. S\u00e5 vi blir alts\u00e5 fleire og fleire og meir og meir lovlege p\u00e5 h\u00f8gskulen.<\/p>\n\n\n\n<p>Er det bra? I eit fagleg\/administrativt perspektiv ser eg p\u00e5 inntoget av juristar, \u00f8konomar og andre som eit teikn p\u00e5 at h\u00f8gskulen p\u00e5 alle omr\u00e5de f\u00e5r meir profesjonelle fagfolk og dermed blir ein meir profesjonell akt\u00f8r enn tidlegare.&nbsp;<\/p>\n\n\n\n<p>Som samfunnsvitarar med eit kritisk oppdrag under huda og fremst i panna kjenner eg meg likevel forplikta til \u00e5 sp\u00f8rje om ikkje den auka rettsleggjeringa i samfunnet kanskje et seg inn p\u00e5 omr\u00e5de som tidlegare har vore dominert av kommunikative prosessar der etikk og profesjonelt skj\u00f8nn har f\u00e5tt r\u00e5de. Dette er ein type debattar som vi ogs\u00e5 treng bidrag fr\u00e5 juristar p\u00e5 for \u00e5 kunne diskutere p\u00e5 kvalifisert vis.<\/p>\n\n\n\n<p>Sj\u00f8lv har eg hatt gleda av \u00e5 jobbe i eit juristdominert milj\u00f8 eit intenst \u00e5r i mitt tidlegare liv, d\u00e5 eg tok ein pause fr\u00e5 doktorgradsarbeidet. Oppg\u00e5vene vi arbeidde med l\u00e5g i ein periode delvis under Medietilsynet, men er no eigentleg borte. Konkurransetilsynet har ein bit av det.&nbsp;<br \/>Eg l\u00e6rte to ting om juristar dette \u00e5ret:&nbsp;<br \/>Det f\u00f8rste eg l\u00e6rte var at det kan vere utrulig praktisk \u00e5 ha ein jurist i n\u00e6rleiken. Dei gav ofte raske og tydelege svar p\u00e5 sp\u00f8rsm\u00e5l som virka sv\u00e6rt innfl\u00f8kte for meg som ikkje-jurist.&nbsp;<\/p>\n\n\n\n<p>Det andre eg l\u00e6rte var at n\u00e5r to juristar sette i gang med sine spissfinde diskusjonar, s\u00e5 var det nyttelaust \u00e5 f\u00e5 dei til \u00e5 stoppe. Innspel som at sp\u00f8rsm\u00e5la utelukkande var teoretisk interessante vart m\u00f8tt uforst\u00e5ande blikk. S\u00e5 eg l\u00e6rte fort at det var berre \u00e5 f\u00e5 la dei halde p\u00e5.&nbsp;<\/p>\n\n\n\n<p>H\u00f8gskulen i Volda er ein liten h\u00f8gskule med eit stort samfunnsoppdrag som handlar om \u00e5 vere i konstant dialog og utveksling med sitt omland &#8211; som regel v\u00e5r region &#8211; ofte det nasjonale &#8211; alltid det internasjonale.&nbsp;<br \/>Men vi er framleis ein sj\u00f8lvstendig institusjon med eit styre som \u00f8vste organ og med lokal leiing. Dei siste \u00e5ra har vi opplevd sentralisering, b\u00e5de i offentleg verksemd og i private bedrifter. Og eitt av fellestrekka er at leiing og spesialiserte funksjonar som regel blir lagt til hovudkontor eller spesialerte divisjonskontor &#8211; som regel blir dei plasserte i dei st\u00f8rste byane. Eg g\u00e5r ut fr\u00e5 at dette er ei utviklilng som ogs\u00e5 juristar ser innanfor sin profesjon.&nbsp;<br \/>Vi er ein statleg institusjon i eit fylke der det er noks\u00e5 f\u00e5 statlege arbeidsplassar. Akkurat i Volda og til dels \u00d8rsta er det mange statlege arbeidsplassar, men vi h\u00e5par det kan bli fleire.<\/p>\n\n\n\n<p>Og vi h\u00e5per defintivt ikkje det blir f\u00e6rre. Og d\u00e5 tenkjer eg naturlegvis i dag s\u00e6rskilt p\u00e5 Tingretten. Eg oppfattar Tingretten som eit nav i det juridiske milj\u00f8et i omr\u00e5det, og eg lurer i grunnen mest p\u00e5 korleis og om vi kan bidra til \u00e5 styrke den. Kanskje kan denne samlinga vere eit bidrag?<\/p>\n\n\n\n<p>Av andre prosjekt s\u00e5 er&nbsp;vi og politikarar p\u00e5 S\u00f8re Sunnm\u00f8re samde om at om Statped skal flyttast ut av Midt-Noreg og over til fylka, ja s\u00e5 b\u00f8r det leggast til S\u00f8re Sunnm\u00f8re. Vi snakkar d\u00e5 kanskje om 40 stillingar. I l\u00f8pet av 2019\/2020 veit vi meir om kva som skjer med dette. Og grunnen til at vi kan h\u00e5pe p\u00e5 at dette skjer er naturlegvis at vi har ein h\u00f8gskule med eit stort fagmilj\u00f8 og stor kandidatproduksjon innnfor spesialpedagogikk, barnehagel\u00e6rarutdanning, barnevern og sosialfag. &nbsp;<br \/>Vi ligg her vi ligg &#8211; og har gjort det sidan 1861. Og vi har tenkt \u00e5 vere her ogs\u00e5 framtida.&nbsp;<\/p>\n\n\n\n<p>S\u00e5 kj\u00e6re m\u00f8telyd: No er det opp til dykk \u00e5 finne ut om dette er eit forum som de \u00f8nskjer \u00e5 halde fram med og kva de skal halde p\u00e5 med. Eg h\u00e5per eg blir invitert til fleire m\u00f8te i Juristforum for S\u00f8re Sunnm\u00f8re. <\/p>\n","protected":false},"excerpt":{"rendered":"<p>Kj\u00e6re alle deltakarar, og s\u00e6rleg v\u00e5re lokale arrang\u00f8rar: Ellen Hovlid, Ingvild Sande Lilleb\u00f8, Margrethe Homlong \u00d8yehaug, Egil Arne Standal og Bernt Olav \u00d8vregaard.&nbsp; Det er utruleg kjekt \u00e5 sj\u00e5 s\u00e5 mange \u00ablovlege\u00bb her p\u00e5 h\u00f8gskulen!&nbsp; Eg er veldig glad for at kolleger p\u00e5 h\u00f8gskulen har teke initiativ til denne samlinga, og at s\u00e5 mange har &hellip; <a href=\"https:\/\/blogg.hivolda.no\/jr\/2019\/06\/07\/helsing-pa-juristlunsj-hogskulen-i-volda-7-juni-2019\/\" class=\"more-link\">Fortsett \u00e5 lese <span class=\"screen-reader-text\">Helsing p\u00e5 juristlunsj &#8211; H\u00f8gskulen i Volda 7. juni 2019<\/span><\/a><\/p>\n","protected":false},"author":13,"featured_media":0,"comment_status":"open","ping_status":"open","sticky":false,"template":"","format":"aside","meta":{"footnotes":""},"categories":[1],"tags":[],"post_mailing_queue_ids":[],"_links":{"self":[{"href":"https:\/\/blogg.hivolda.no\/jr\/wp-json\/wp\/v2\/posts\/2156"}],"collection":[{"href":"https:\/\/blogg.hivolda.no\/jr\/wp-json\/wp\/v2\/posts"}],"about":[{"href":"https:\/\/blogg.hivolda.no\/jr\/wp-json\/wp\/v2\/types\/post"}],"author":[{"embeddable":true,"href":"https:\/\/blogg.hivolda.no\/jr\/wp-json\/wp\/v2\/users\/13"}],"replies":[{"embeddable":true,"href":"https:\/\/blogg.hivolda.no\/jr\/wp-json\/wp\/v2\/comments?post=2156"}],"version-history":[{"count":5,"href":"https:\/\/blogg.hivolda.no\/jr\/wp-json\/wp\/v2\/posts\/2156\/revisions"}],"predecessor-version":[{"id":2165,"href":"https:\/\/blogg.hivolda.no\/jr\/wp-json\/wp\/v2\/posts\/2156\/revisions\/2165"}],"wp:attachment":[{"href":"https:\/\/blogg.hivolda.no\/jr\/wp-json\/wp\/v2\/media?parent=2156"}],"wp:term":[{"taxonomy":"category","embeddable":true,"href":"https:\/\/blogg.hivolda.no\/jr\/wp-json\/wp\/v2\/categories?post=2156"},{"taxonomy":"post_tag","embeddable":true,"href":"https:\/\/blogg.hivolda.no\/jr\/wp-json\/wp\/v2\/tags?post=2156"}],"curies":[{"name":"wp","href":"https:\/\/api.w.org\/{rel}","templated":true}]}}