{"id":2148,"date":"2019-05-03T10:30:42","date_gmt":"2019-05-03T08:30:42","guid":{"rendered":"http:\/\/blogg.hivolda.no\/jr\/?p=2148"},"modified":"2019-05-03T10:30:42","modified_gmt":"2019-05-03T08:30:42","slug":"orientering-til-hogskulestyret-2-mai-2019","status":"publish","type":"post","link":"https:\/\/blogg.hivolda.no\/jr\/2019\/05\/03\/orientering-til-hogskulestyret-2-mai-2019\/","title":{"rendered":"Orientering til h\u00f8gskulestyret, 2. mai 2019"},"content":{"rendered":"\n<figure class=\"wp-block-image\"><img loading=\"lazy\" decoding=\"async\" width=\"1024\" height=\"576\" src=\"https:\/\/blogg.hivolda.no\/jr\/wp-content\/uploads\/sites\/68\/2019\/05\/20190503_084521-1024x576.jpg\" alt=\"\" class=\"wp-image-2149\" srcset=\"https:\/\/blogg.hivolda.no\/jr\/wp-content\/uploads\/sites\/68\/2019\/05\/20190503_084521-1024x576.jpg 1024w, https:\/\/blogg.hivolda.no\/jr\/wp-content\/uploads\/sites\/68\/2019\/05\/20190503_084521-300x169.jpg 300w, https:\/\/blogg.hivolda.no\/jr\/wp-content\/uploads\/sites\/68\/2019\/05\/20190503_084521-768x432.jpg 768w\" sizes=\"(max-width: 1024px) 100vw, 1024px\" \/><\/figure>\n\n\n\n<p><em> P\u00e5 kvart styrem\u00f8te gjev rektor ei kort orientering om ting som har skjedd og skjer og som styret b\u00f8r kjenne til. Desse orienteringane vert ogs\u00e5 lagt ut p\u00e5 rektorbloggen.<\/em><\/p>\n\n\n\n<p><em>I tillegg til denne orienteringa er det mange andre kanalar til informasjon om aktuelle saker ved H\u00f8gskulen i Volda. Rektor skriv ogs\u00e5 eit nyhendebrev som vert send til alle tilsette og til media. Dei er tilgjengelege p\u00e5 denne nettsida: <\/em><a href=\"https:\/\/www.hivolda.no\/om-hogskulen-volda\/nyhendebrev\"><em>https:\/\/www.hivolda.no\/om-hogskulen-volda\/nyhendebrev<\/em><\/a><\/p>\n\n\n\n<p><strong>D\u00f8dsulukka i Loen<\/strong><br \/><\/p>\n\n\n\n<p>Denne veka har vore prega av at ein v\u00e5re studentar, Astri Brandal Reynolds, d\u00f8ydde i luftsportulukka i Loen f\u00f8rre s\u00f8ndag. Det har vore t\u00f8ffe dagar for medstudentar og vennar og for tilsette. P\u00e5 vegne ogs\u00e5 av styret vil eg seie at vi tenkjer p\u00e5 etterlatte, medstudentar, l\u00e6rarar og andre som har vorte r\u00e5ka av hendinga. Vi har sett at studentar og l\u00e6rarar har teke vare p\u00e5 kvarandre og det er godt \u00e5 sj\u00e5 opp i det ufatteleg triste som har skjedd.\u00a0\u00a0<\/p>\n\n\n\n<p><strong>Nybygget<\/strong><br \/><\/p>\n\n\n\n<p>Entrepren\u00f8ren, Statsbygg og h\u00f8gskulen har no starta det praktiske arbeidet med \u00e5 detaljplanlegge huset. Vi er no i ein tidleg fase i den s\u00e5kalla optimaliseringsfasen og h\u00e5per at det blir ein god prosess og h\u00e5per p\u00e5 eit godt samarbeid b\u00e5de eksternt og internt. \u00a0<\/p>\n\n\n\n<p><strong>Struktursaka<\/strong><br \/><\/p>\n\n\n\n<p>Det har blitt veldig f\u00e5 statlege h\u00f8gskular i l\u00f8pet av denne styreperioden. Vi har g\u00e5tt fr\u00e5 ca 18 i 2015 til 5 i dag. Det er Vestlandet, Innlandet,\u00a0\u00d8stfold, Volda og samisk.\u00a0 I v\u00e5r region har vi ogs\u00e5 H\u00f8gskolen i Molde &#8211; vitskapleg h\u00f8gskule i logistikk.\u00a0<br \/><\/p>\n\n\n\n<p>Det har blitt f\u00e6rre h\u00f8gskular p\u00e5 grunn av samansl\u00e5ingar og universitetsomdanningar.\u00a0B\u00e5de Innlandet og Vestlandet arbeider for \u00e5 bli universitet.\u00a0<br \/><\/p>\n\n\n\n<p>Til no har det alts\u00e5 vorte f\u00e6rre institusjonar, men ikkje f\u00e6rre studiestader. Det kan vere i ferd med \u00e5 endre seg p\u00e5 fleire institusjonar.\u00a0<br \/>Mest aktuelt er prosessen p\u00e5 Nord Universitet.\u00a0Nord Universitet er resultatet av fusjonen mellom dei tre institusjonane Universitetet i Nordland, H\u00f8gskolen i Nord-Tr\u00f8ndelag og H\u00f8gskolen i Nesna i 2016. Universitetet har ca 11.500 studentar. Ca halvparten av studentane er i Bod\u00f8, alts\u00e5 ca 6.000. Levanger er nest st\u00f8rste studiestad med ca 2.000 studentar.\u00a0<br \/><\/p>\n\n\n\n<p>Nord Universitetet hadde styrem\u00f8te 30. april, og p\u00e5 dagsorden stod framlegg om store endringar n\u00e5r det gjeld studiestader.\u00a0<br \/><\/p>\n\n\n\n<p>Etter eit langvarig utgreiingsarbeid har det vorte foresl\u00e5tt \u00e5 konsentrere aktiviteten til Bod\u00f8 og Levanger. Nesna og Sandnessj\u00f8en blir lagt ned og ca 100 tilsette vil truleg f\u00e5 tilbod om \u00e5 jobbe i Bod\u00f8 i staden. Styret vedtok \u00e5 sende saka ut p\u00e5 h\u00f8yring og vil gjere vedtak i saka i juni.\u00a0<br \/>Universitetet i S\u00f8r-\u00d8st Norge og H\u00f8gskolen p\u00e5 Innlandet vurderer ogs\u00e5 \u00e5 legge ned studiestader.\u00a0<br \/><\/p>\n\n\n\n<p>I eit fylkesperspektiv kan vi notere at h\u00f8gskuleaktiviteten i Kristiansund ligg klart under til d\u00f8mes Nesna m\u00e5lt i tal studentar. S\u00e5 n\u00e5r det blir bygd opp nye studietilbod p\u00e5 ein liten studiestad som Kristiansund, s\u00e5 er det verkeleg kjerringa mot straumen. Og viktig for M\u00f8re og Romsdal.\u00a0\u00a0<br \/><\/p>\n\n\n\n<p>I v\u00e5rt interne styrearbeid p\u00e5 H\u00f8gskulen i Volda kjem vi tilbake til struktursaka i neste styrem\u00f8te der det skal leggast fram ein SWOT-analyse av h\u00f8gskulen. Det blir ei vidaref\u00f8ring av arbeidet som har vorte gjort tidlegare i styret og leiinga.\u00a0<br \/><\/p>\n\n\n\n<p>Samarbeidsavtalen med Universitetet i Bergen har vi foresl\u00e5tt \u00e5 forlenge i tre \u00e5r til. Universitetet i Bergen vil dr\u00f8fte dette p\u00e5 leiarm\u00f8te komande m\u00e5ndag. Vi har ikkje f\u00e5tt signal som tyder p\u00e5 at universitetet ikkje \u00f8nskjer \u00e5 forlenge avtalen.\u00a0<br \/><\/p>\n\n\n\n<p>Seinare i styrem\u00f8tet skal vi f\u00e5 ei orientering om Samordna opptak for 2019 med s\u00e6rleg fokus p\u00e5 v\u00e5re eigne studietilbod. Men her vil eg kort seie litt om korleis utviklinga i Volda plasserer seg i ein nasjonal samanheng.\u00a0Det er alt kjent at H\u00f8gskulen i Volda har ein auke i s\u00f8kjartalet p\u00e5 ca 1 prosent, medan for sektoren samla sett ser vi ein nedgang p\u00e5 2,3 prosent. S\u00e5 vi har klart betre utvikling enn landsgjennomsnittet. Vi har hatt auke i s\u00f8kjartala i tre \u00e5r p\u00e5 rad, og det er berre 6-7 av ca 40 private og offentlege UH-institusjonar som har hatt vekst i tre \u00e5r p\u00e5 rad i Samordna opptak. Alle dei andre institusjonane som har hatt tre \u00e5r med vekst er mindre enn h\u00f8gskulen i Volda. H\u00f8gskolen i Molde er blant dei, og har ein auke p\u00e5 nesten 20 prosent i s\u00f8kjartala.\u00a0<\/p>\n\n\n\n<p><br \/>Ei viktig forklaring b\u00e5de for Molde og dei fleste andre institusjonane med vekst er at dei har f\u00e5tt auka midlar til \u00e5 starte nye studietilbod &#8211; alts\u00e5 nye studieplassar. Dette gjeld ogs\u00e5 i Kristiansund der Dronning Mauds Minde har f\u00e5tt studieplassar for \u00e5 byggje opp eit nytt studietilbod som barnehagel\u00e6rar. <\/p>\n\n\n\n<p>Volda har som kjent ikkje f\u00e5tt s\u00e6rleg med nye studieplassar i det siste, s\u00e5 auken for v\u00e5r del m\u00e5 kome av andre \u00e5rsaker.\u00a0\u00a0NTNU \u00c5lesund har ein nedgang i s\u00f8kjartala p\u00e5 ca 5 prosent. <\/p>\n\n\n\n<p>S\u00f8kjartal g\u00e5r opp og ned s\u00e5 ein b\u00f8r ikkje legge for stor vekt p\u00e5 einskild\u00e5r. Men tre \u00e5r p\u00e5 rad med auke er bra. S\u00e5 her kan vi i styret vere godt n\u00f8gd med utviklinga.<\/p>\n\n\n\n<p><strong>Grunnskulel\u00e6rarutdanningane<\/strong><\/p>\n\n\n\n<p>I gjennomgangen av s\u00f8kjartala vil vi ogs\u00e5 f\u00e5 orientering om s\u00f8king til grunnskulel\u00e6rarutdanning. Der er diverre nedgang for oss &#8211; og nasjonalt.\u00a0 <\/p>\n\n\n\n<p>Fagleg sett b\u00f8r styret ogs\u00e5 merke seg at h\u00f8gskulen har sendt ein ambisi\u00f8s forskingss\u00f8knad om evaluering av fagfornyinga i skulen. <br \/>H\u00f8gskulen gjennomf\u00f8rt konferansen ITS Volda &#8211; ei samling finansiert av kvalitets- og internasjonaliseringsorganet DIKU, og der f\u00f8rem\u00e5let er \u00e5 f\u00e5 til meir internasjonal utveksling av l\u00e6rarstudentar. Det ligg betre til rette for det no med ei fem\u00e5rig utdanning enn tidlegare.\u00a0<\/p>\n\n\n\n<p><\/p>\n","protected":false},"excerpt":{"rendered":"<p>P\u00e5 kvart styrem\u00f8te gjev rektor ei kort orientering om ting som har skjedd og skjer og som styret b\u00f8r kjenne til. Desse orienteringane vert ogs\u00e5 lagt ut p\u00e5 rektorbloggen. I tillegg til denne orienteringa er det mange andre kanalar til informasjon om aktuelle saker ved H\u00f8gskulen i Volda. Rektor skriv ogs\u00e5 eit nyhendebrev som vert &hellip; <a href=\"https:\/\/blogg.hivolda.no\/jr\/2019\/05\/03\/orientering-til-hogskulestyret-2-mai-2019\/\" class=\"more-link\">Fortsett \u00e5 lese <span class=\"screen-reader-text\">Orientering til h\u00f8gskulestyret, 2. mai 2019<\/span><\/a><\/p>\n","protected":false},"author":13,"featured_media":0,"comment_status":"open","ping_status":"open","sticky":false,"template":"","format":"aside","meta":{"footnotes":""},"categories":[1],"tags":[],"post_mailing_queue_ids":[],"_links":{"self":[{"href":"https:\/\/blogg.hivolda.no\/jr\/wp-json\/wp\/v2\/posts\/2148"}],"collection":[{"href":"https:\/\/blogg.hivolda.no\/jr\/wp-json\/wp\/v2\/posts"}],"about":[{"href":"https:\/\/blogg.hivolda.no\/jr\/wp-json\/wp\/v2\/types\/post"}],"author":[{"embeddable":true,"href":"https:\/\/blogg.hivolda.no\/jr\/wp-json\/wp\/v2\/users\/13"}],"replies":[{"embeddable":true,"href":"https:\/\/blogg.hivolda.no\/jr\/wp-json\/wp\/v2\/comments?post=2148"}],"version-history":[{"count":1,"href":"https:\/\/blogg.hivolda.no\/jr\/wp-json\/wp\/v2\/posts\/2148\/revisions"}],"predecessor-version":[{"id":2150,"href":"https:\/\/blogg.hivolda.no\/jr\/wp-json\/wp\/v2\/posts\/2148\/revisions\/2150"}],"wp:attachment":[{"href":"https:\/\/blogg.hivolda.no\/jr\/wp-json\/wp\/v2\/media?parent=2148"}],"wp:term":[{"taxonomy":"category","embeddable":true,"href":"https:\/\/blogg.hivolda.no\/jr\/wp-json\/wp\/v2\/categories?post=2148"},{"taxonomy":"post_tag","embeddable":true,"href":"https:\/\/blogg.hivolda.no\/jr\/wp-json\/wp\/v2\/tags?post=2148"}],"curies":[{"name":"wp","href":"https:\/\/api.w.org\/{rel}","templated":true}]}}