{"id":2123,"date":"2019-04-02T15:51:30","date_gmt":"2019-04-02T13:51:30","guid":{"rendered":"http:\/\/blogg.hivolda.no\/jr\/?p=2123"},"modified":"2019-04-02T16:03:13","modified_gmt":"2019-04-02T14:03:13","slug":"likestilling-og-mangfald-status-og-utvikling-ved-hogskulen-i-volda","status":"publish","type":"post","link":"https:\/\/blogg.hivolda.no\/jr\/2019\/04\/02\/likestilling-og-mangfald-status-og-utvikling-ved-hogskulen-i-volda\/","title":{"rendered":"Likestilling og mangfald: Status og utvikling ved H\u00f8gskulen i Volda"},"content":{"rendered":"\n<p><em>Innlegg p\u00e5 paneldebatt p\u00e5 <a href=\"http:\/\/kifinfo.no\/nb\/nettverksmote-likestillingsarbeidere-2019\">konferanse om likestilling og mangfald i universitets- og h\u00f8gskulesektoren<\/a>, Troms\u00f8, 2.4.2019.<\/em><\/p>\n\n\n\n<figure class=\"wp-block-image\"><img loading=\"lazy\" decoding=\"async\" width=\"1024\" height=\"576\" src=\"http:\/\/blogg.hivolda.no\/jr\/wp-content\/uploads\/sites\/68\/2019\/04\/C7792C3E-6E44-43BE-B164-F9EF87E58646-1024x576.jpeg\" alt=\"\" class=\"wp-image-2130\" srcset=\"https:\/\/blogg.hivolda.no\/jr\/wp-content\/uploads\/sites\/68\/2019\/04\/C7792C3E-6E44-43BE-B164-F9EF87E58646-1024x576.jpeg 1024w, https:\/\/blogg.hivolda.no\/jr\/wp-content\/uploads\/sites\/68\/2019\/04\/C7792C3E-6E44-43BE-B164-F9EF87E58646-300x169.jpeg 300w, https:\/\/blogg.hivolda.no\/jr\/wp-content\/uploads\/sites\/68\/2019\/04\/C7792C3E-6E44-43BE-B164-F9EF87E58646-768x432.jpeg 768w\" sizes=\"(max-width: 1024px) 100vw, 1024px\" \/><figcaption>Paneldebatt i Troms\u00f8, 2.4.2019. Fr\u00e5 venstre: Wenche S\u00e6bj\u00f8rnsen (UiT), Johann Roppen (HVO), Ida Munkeby (NTNU), Kathrine Skretting (Innlandet) og Heidi Holt Zachariassen (KIF-komiteen). <\/figcaption><\/figure>\n\n\n\n<p>I Volda har rektor dei siste \u00e5ra vore fast medlem av <a href=\"http:\/\/opengov.cloudapp.net\/Meetings\/HIVOLDA\/Boards\/Details\/293719\">Utval for likestiling og mangfald<\/a>, s\u00e5 likestilling og mangfald er eit prioritert omr\u00e5de for leiinga p\u00e5 h\u00f8gskulen.&nbsp;<br \/><\/p>\n\n\n\n<p><a href=\"https:\/\/www.hivolda.no\/om-hogskulen-volda\/styringsdokument\">Handlingsplan for likestilling og mangfald ved H\u00f8gskulen i Volda.<\/a><\/p>\n\n\n\n<p>H\u00f8gskulen i Volda har ikkje vorte fusjonert og eg ser eg er einaste mann i dette panelet, og dessutan brukar nynorsk,&nbsp;s\u00e5&nbsp;no veit eg korleis det kjennest ut \u00e5 bli kvotert inn!&nbsp;<br \/><\/p>\n\n\n\n<!--nextpage-->\n\n\n\n<p>Men ved at vi er ein liten sj\u00f8lvstendig&nbsp;h\u00f8gskule bidreg vi til instusjonsmangfaldet. Kanskje har vi ogs\u00e5 f\u00e5tt ei god utvikling fordi vi har f\u00e5tt halde p\u00e5 med det daglege arbeidet og ikkje har f\u00e5tt store fusjonsprosessar \u00e5 arbeide med.&nbsp;<br \/><\/p>\n\n\n\n<p>Det er tre ting eg vil fortelje om oss som eg h\u00e5per skal vere lett \u00e5 huske om H\u00f8gskulen i Volda n\u00e5r vi snakkar om mangfald:&nbsp;<br \/><\/p>\n\n\n\n<ol><li>Vi er veldig stolte av at vi 2018 kunne sj\u00e5 hundrevis av studentar og tilsette bidra i i verdas f\u00f8rste Bygdepride &#8211; &nbsp;i Volda.&nbsp;<\/li><li>I haust g\u00e5r vi inn i ein ny fire\u00e5rig dekan- og rektorperiode. Vi vil d\u00e5 ha klart kvinneflertall i leiinga.<\/li><li>Vi&nbsp;f\u00e5r stadig fleire kvinnelege toppkompetente. Dette er eit punkt vi har f\u00e5tt kritikk for tidlegare.&nbsp;<\/li><\/ol>\n\n\n\n<hr class=\"wp-block-separator\" \/>\n\n\n\n<p><strong>1 Bygdepride<\/strong><br \/><\/p>\n\n\n\n<p>Det vart ei&nbsp;noks\u00e5 uventa massem\u00f8nstring i Volda fjor. I ei Volda bor det ca 8.000 fastbuande og 2-3.000 studentar. Og heile 4.000 valde \u00e5 g\u00e5 i tog &#8211; for \u00e5 st\u00f8tte ideane bak Pride-r\u00f8rsla. Den lokale bakgrunnen var velplasserte provokasjoner og ein herleg krangel i lokalavisa. P\u00e5 den eine sida stod ein konservativ pastor. P\u00e5 den andre sida var yngre frilynte &#8211; mange av dei tilsette og studentar p\u00e5 h\u00f8gskulen &#8211; og&nbsp;med&nbsp;v\u00e5r komande prorektor som&nbsp;ein av dei mest aktive i debatten.<\/p>\n\n\n\n<figure class=\"wp-block-image\"><img loading=\"lazy\" decoding=\"async\" width=\"1024\" height=\"680\" src=\"http:\/\/blogg.hivolda.no\/jr\/wp-content\/uploads\/sites\/68\/2019\/04\/DF9075FB-2679-40C4-AF5B-65A61BB6DF71-1024x680.jpeg\" alt=\"\" class=\"wp-image-2124\" srcset=\"https:\/\/blogg.hivolda.no\/jr\/wp-content\/uploads\/sites\/68\/2019\/04\/DF9075FB-2679-40C4-AF5B-65A61BB6DF71-1024x680.jpeg 1024w, https:\/\/blogg.hivolda.no\/jr\/wp-content\/uploads\/sites\/68\/2019\/04\/DF9075FB-2679-40C4-AF5B-65A61BB6DF71-300x199.jpeg 300w, https:\/\/blogg.hivolda.no\/jr\/wp-content\/uploads\/sites\/68\/2019\/04\/DF9075FB-2679-40C4-AF5B-65A61BB6DF71-768x510.jpeg 768w\" sizes=\"(max-width: 1024px) 100vw, 1024px\" \/><figcaption>Bygdepride i Volda 2018<\/figcaption><\/figure>\n\n\n\n<p>Men resultatet vart alts\u00e5 ei folkeleg massem\u00f8nstring med brei st\u00f8tte til landets f\u00f8rste Bygdepride. Det var alts\u00e5 i Volda det skjedde. &nbsp;<br \/>Volda er ei bygd som i over 150 \u00e5r har vore ein l\u00e6restad &#8211; sterkt prega av ungdom og studentar. Her har nye tankar kunne f\u00e5 vekse fram, kanskje, sl\u00e5 rot og spreiast. Men ogs\u00e5 der ulike tankar kan bryne seg mot kvarandre. <\/p>\n\n\n\n<p><br \/><strong>2 Fleire kvinnelege leiarar&nbsp;<\/strong><br \/><\/p>\n\n\n\n<figure class=\"wp-block-image\"><img loading=\"lazy\" decoding=\"async\" width=\"1024\" height=\"800\" src=\"http:\/\/blogg.hivolda.no\/jr\/wp-content\/uploads\/sites\/68\/2017\/02\/klassebilde-e1487263880308-1024x800.jpg\" alt=\"\" class=\"wp-image-1191\" srcset=\"https:\/\/blogg.hivolda.no\/jr\/wp-content\/uploads\/sites\/68\/2017\/02\/klassebilde-e1487263880308-1024x800.jpg 1024w, https:\/\/blogg.hivolda.no\/jr\/wp-content\/uploads\/sites\/68\/2017\/02\/klassebilde-e1487263880308-300x234.jpg 300w, https:\/\/blogg.hivolda.no\/jr\/wp-content\/uploads\/sites\/68\/2017\/02\/klassebilde-e1487263880308-768x600.jpg 768w\" sizes=\"(max-width: 1024px) 100vw, 1024px\" \/><figcaption>L\u00e6rararstudentar &#8211; ca 1861<\/figcaption><\/figure>\n\n\n\n<p>Sidan 1920 har &nbsp;kvinnene vore i fleirtal blant v\u00e5re studentar. I dag utgjer kvinner ca 70 prosent av v\u00e5re studentar.&nbsp;<\/p>\n\n\n\n<p>Men kva \u00e5r vart kvinner i fleirtal blant dei tilsette?&nbsp;F\u00f8rst i 2012. Det h\u00f8yrest veldig seint ut &#8211; men vi skil oss faktisk ikkje fr\u00e5 universiteteta p\u00e5 det omr\u00e5det.&nbsp;<br \/><\/p>\n\n\n\n<p>Men den st\u00f8rste utviklinga ser vi&nbsp;p\u00e5 leiarsida.&nbsp;Til hausten vil kvinner bekle 7 av dei 10 fremste leiarstillingane p\u00e5 h\u00f8gskulen. Tre av fire dekanar er kvinner. H\u00f8gskuledirekt\u00f8ren og dei administrative mellomleiarane er alle kvinner.&nbsp;For 10-12 \u00e5r tilbake var forholdstala var motsett.&nbsp;<\/p>\n\n\n\n<figure class=\"wp-block-image\"><img loading=\"lazy\" decoding=\"async\" width=\"1024\" height=\"768\" src=\"http:\/\/blogg.hivolda.no\/jr\/wp-content\/uploads\/sites\/68\/2017\/12\/welle-jacobsen-1024x768.jpg\" alt=\"\" class=\"wp-image-1514\" srcset=\"https:\/\/blogg.hivolda.no\/jr\/wp-content\/uploads\/sites\/68\/2017\/12\/welle-jacobsen-1024x768.jpg 1024w, https:\/\/blogg.hivolda.no\/jr\/wp-content\/uploads\/sites\/68\/2017\/12\/welle-jacobsen-300x225.jpg 300w, https:\/\/blogg.hivolda.no\/jr\/wp-content\/uploads\/sites\/68\/2017\/12\/welle-jacobsen-768x576.jpg 768w\" sizes=\"(max-width: 1024px) 100vw, 1024px\" \/><figcaption>To av mange kvinnelege leiarar ved H\u00f8gskulen: Til venstre \u00f8konomidirekt\u00f8r Ingunn Welle og h\u00f8gskuledirekt\u00f8r karen Lomeland Jacobsen. Foto: Johann Roppen \/ HVO<\/figcaption><\/figure>\n\n\n\n<p>UiT-rektor Anne Husebekk snakka i si innleiing p\u00e5 konferansen om at det mange stader berre er menn \u00e5 sj\u00e5 i &nbsp;bilderekka av rektorar &#8211; og som de ser s\u00e5 har h\u00f8gskulen framleis ein kvit mannleg rektor. Eg vart attvald for fire nye \u00e5r like f\u00f8r jul. Og b\u00e5de min noverande og den nye prorektoren er menn.&nbsp;<\/p>\n\n\n\n<figure class=\"wp-block-image\"><img loading=\"lazy\" decoding=\"async\" width=\"1024\" height=\"768\" src=\"http:\/\/blogg.hivolda.no\/jr\/wp-content\/uploads\/sites\/68\/2019\/04\/36BF2847-5252-4091-A4A4-C9C34826C00A-1024x768.jpeg\" alt=\"\" class=\"wp-image-2126\" srcset=\"https:\/\/blogg.hivolda.no\/jr\/wp-content\/uploads\/sites\/68\/2019\/04\/36BF2847-5252-4091-A4A4-C9C34826C00A-1024x768.jpeg 1024w, https:\/\/blogg.hivolda.no\/jr\/wp-content\/uploads\/sites\/68\/2019\/04\/36BF2847-5252-4091-A4A4-C9C34826C00A-300x225.jpeg 300w, https:\/\/blogg.hivolda.no\/jr\/wp-content\/uploads\/sites\/68\/2019\/04\/36BF2847-5252-4091-A4A4-C9C34826C00A-768x576.jpeg 768w\" sizes=\"(max-width: 1024px) 100vw, 1024px\" \/><figcaption>Rektor-rekka ved H\u00f8gskulen i Volda. Somme er finare p\u00e5 h\u00e5ret enn andre.<\/figcaption><\/figure>\n\n\n\n<p><br \/><strong>3 Fleire kvinner i faglege toppstillingar<\/strong><br \/><\/p>\n\n\n\n<p>Den overordna kj\u00f8nssstrukturen p\u00e5 fagleg side har vi ogs\u00e5 i Volda:&nbsp;Kvinner utgjer 70-80 prosent av stipendiatane, men berre litt over&nbsp;20 prosent av professorar og dosentar. Men for 10 \u00e5r sidan hadde vi s\u00e5 godt som ingen kvinner i toppstillingar. S\u00e5 ting skjer.&nbsp;<\/p>\n\n\n\n<p>Vi er no midt inne i ei brytningstid der fleire etablerte professorar takkar for seg. Det vil skape rom for fleire dyktige yngre kvinner til \u00e5 ta faglege leiarroller. Men dei m\u00e5 nok snakkast fram &#8211; og her h\u00e5per eg utvalet for likestilling og mangfald er eit viktig bidrag.&nbsp;<br \/><\/p>\n\n\n\n<p>Om ikkje utvalet for likestilling og mangfald har s\u00e5 stort budsjett eller skarpe maktmiddel, s\u00e5 skal ein slett ikkje undervurdere verknaden av at sp\u00f8rsm\u00e5l faktisk blir diskutert. Kanskje det er lettare for kvinner \u00e5 s\u00f8ke p\u00e5 stillingar og \u00e5 tenkje seg inn i leiande stillingar og i faglege toppstillingar fordi vi diskuterer desse sp\u00f8rsm\u00e5la?&nbsp;<br \/><\/p>\n\n\n\n<p><strong>Framtida?<\/strong><br \/><\/p>\n\n\n\n<p>Men kva ventar oss rundt neste sving? Kan vi sj\u00e5 for oss at likestillings- og mangfaldsarbeidet m\u00e5 f\u00e5 eit anna fokus? Kva skal vi vere opptatt av i den nye handlingsplanen som vi f\u00e5r neste \u00e5r?&nbsp;<br \/><\/p>\n\n\n\n<ol><li>Det er vel kjent i skulen og barnehagen at barn nesten ikkje m\u00f8ter menn f\u00f8r dei kjem til vidareg\u00e5ande skule eller h\u00f8gskule. Kva gjer det med oppveksten? M\u00e5 vi kvotere inn fleire menn?&nbsp;<\/li><li>Vi har ca 20 nasjonalitetar representert blant dei tilsette p\u00e5 h\u00f8gskulen &#8211; men undervisningsspr\u00e5ket er stort sett norsk.&nbsp; B\u00f8r vi endre p\u00e5&nbsp;det? Eller vil vi redusere det nasjonale mangfaldet og norsk s\u00e6rpreg om vi blir meir engelske og internasjonale og i mindre grad profilerte som nynorsk-institusjon?&nbsp;<\/li><li>I noverande handlingsplan st\u00e5r det at vi skal&nbsp;\u00abgjere grundige vurderingar knytt til likestilling og mangfalds-perspektiva ved tilsetjingar\u00bb. Det har vi gjort ved \u00e5 ha det som eit sjekkpunkt ved tilsettinger, blant anna i malen som alle skal bruke. Det har vi p\u00e5 plass. Men korleis fungerer det i praksis? Skal vi stille strengare krav til kompetanse i likestillings- og mangfaldskompetanse til leiarar og fagleg tilsette?&nbsp;Det blir nok eit sp\u00f8rsm\u00e5l for neste handlingsplan.<\/li><\/ol>\n\n\n\n<p>Om vi skal l\u00f8fte kompetanse om likestilling og mangfald inn som eit kompetansekrav s\u00e5 b\u00f8r vi nok ikkje gjere det aleine. Det er behov for samarbeid i sektoren, og d\u00e5 vil eg s\u00e6rleg peike p\u00e5 at til hausten startar <a href=\"https:\/\/www.uhr.no\/temasider\/lederutvikling\/om-uhr-dekanskolen\/\">Universitets- og h\u00f8gskoler\u00e5det opp p\u00e5 nytt det som vert kalla dekanskulen<\/a>. Fram til no har ikkje kompetanse i likestilling og mangfald vore s\u00e6rleg vektlagt p\u00e5 dekanskulen, men det b\u00f8r det bli i framtida. Eg reknar med at dette ogs\u00e5 vil verte tema p\u00e5 institusjonanes eigne leiarkurs. &nbsp;<\/p>\n\n\n\n<p>S\u00e5 igjen vil eg takke for invitasjonen til konferansen. Saman med bes\u00f8k fr\u00e5 KIF-komiteen i fjor trur vi det vil vere til god hjelp til \u00e5 lage ein end\u00e5 betre handlingsplan for komande periode.&nbsp;<\/p>\n","protected":false},"excerpt":{"rendered":"<p>Innlegg p\u00e5 paneldebatt p\u00e5 konferanse om likestilling og mangfald i universitets- og h\u00f8gskulesektoren, Troms\u00f8, 2.4.2019. I Volda har rektor dei siste \u00e5ra vore fast medlem av Utval for likestiling og mangfald, s\u00e5 likestilling og mangfald er eit prioritert omr\u00e5de for leiinga p\u00e5 h\u00f8gskulen.&nbsp; Handlingsplan for likestilling og mangfald ved H\u00f8gskulen i Volda. H\u00f8gskulen i Volda &hellip; <a href=\"https:\/\/blogg.hivolda.no\/jr\/2019\/04\/02\/likestilling-og-mangfald-status-og-utvikling-ved-hogskulen-i-volda\/\" class=\"more-link\">Fortsett \u00e5 lese <span class=\"screen-reader-text\">Likestilling og mangfald: Status og utvikling ved H\u00f8gskulen i Volda<\/span><\/a><\/p>\n","protected":false},"author":13,"featured_media":0,"comment_status":"open","ping_status":"open","sticky":false,"template":"","format":"aside","meta":{"footnotes":""},"categories":[1],"tags":[],"post_mailing_queue_ids":[],"_links":{"self":[{"href":"https:\/\/blogg.hivolda.no\/jr\/wp-json\/wp\/v2\/posts\/2123"}],"collection":[{"href":"https:\/\/blogg.hivolda.no\/jr\/wp-json\/wp\/v2\/posts"}],"about":[{"href":"https:\/\/blogg.hivolda.no\/jr\/wp-json\/wp\/v2\/types\/post"}],"author":[{"embeddable":true,"href":"https:\/\/blogg.hivolda.no\/jr\/wp-json\/wp\/v2\/users\/13"}],"replies":[{"embeddable":true,"href":"https:\/\/blogg.hivolda.no\/jr\/wp-json\/wp\/v2\/comments?post=2123"}],"version-history":[{"count":6,"href":"https:\/\/blogg.hivolda.no\/jr\/wp-json\/wp\/v2\/posts\/2123\/revisions"}],"predecessor-version":[{"id":2132,"href":"https:\/\/blogg.hivolda.no\/jr\/wp-json\/wp\/v2\/posts\/2123\/revisions\/2132"}],"wp:attachment":[{"href":"https:\/\/blogg.hivolda.no\/jr\/wp-json\/wp\/v2\/media?parent=2123"}],"wp:term":[{"taxonomy":"category","embeddable":true,"href":"https:\/\/blogg.hivolda.no\/jr\/wp-json\/wp\/v2\/categories?post=2123"},{"taxonomy":"post_tag","embeddable":true,"href":"https:\/\/blogg.hivolda.no\/jr\/wp-json\/wp\/v2\/tags?post=2123"}],"curies":[{"name":"wp","href":"https:\/\/api.w.org\/{rel}","templated":true}]}}