{"id":2078,"date":"2019-03-07T17:44:42","date_gmt":"2019-03-07T16:44:42","guid":{"rendered":"http:\/\/blogg.hivolda.no\/jr\/?p=2078"},"modified":"2019-04-02T21:29:04","modified_gmt":"2019-04-02T19:29:04","slug":"orientering-til-hogskulestyret-7-mars-2019","status":"publish","type":"post","link":"https:\/\/blogg.hivolda.no\/jr\/2019\/03\/07\/orientering-til-hogskulestyret-7-mars-2019\/","title":{"rendered":"Orientering til h\u00f8gskulestyret, 7. mars 2019"},"content":{"rendered":"\n<figure class=\"wp-block-image\"><img loading=\"lazy\" decoding=\"async\" width=\"730\" height=\"417\" src=\"https:\/\/blogg.hivolda.no\/jr\/wp-content\/uploads\/sites\/68\/2019\/03\/Styremote.jpg\" alt=\"\" class=\"wp-image-2080\" srcset=\"https:\/\/blogg.hivolda.no\/jr\/wp-content\/uploads\/sites\/68\/2019\/03\/Styremote.jpg 730w, https:\/\/blogg.hivolda.no\/jr\/wp-content\/uploads\/sites\/68\/2019\/03\/Styremote-300x171.jpg 300w\" sizes=\"(max-width: 730px) 100vw, 730px\" \/><\/figure>\n\n\n\n<p><a href=\"https:\/\/www.hivolda.no\/nyhende\/hogskulen-volda-sender-direkte-fra-dagens-styremote\">Styrem\u00f8tet 7. mars 2019 i opptak.<\/a><br \/><br \/>Styrem\u00f8tet ved H\u00f8gskulen i Volda vart ogs\u00e5 omtala p\u00e5 f\u00f8rehand i fleire nettaviser: <br \/><br \/><a href=\"https:\/\/khrono.no\/johann-roppen-roppen-volda\/roppen-selvstendighet-et-tydelig-forstevalg-for-volda\/266129\">Khrono (7.mars 2019): Roppen: Selvstendighet et tydelig f\u00f8rstevalg for Volda<\/a> <br \/><a href=\"https:\/\/www.forskerforum.no\/skal-hogskulen-i-volda-fortsatt-sta-aleine-styremedlemmer-er-ueinige-med-rektor\/\">Forskerforum (6.mars 2019): Skal H\u00f8gskulen i Volda fortsatt st\u00e5 alene? Styremedlemmer er uenige med rektor<\/a><br \/> <\/p>\n\n\n\n<!--nextpage-->\n\n\n\n<p><strong>Nybygget<\/strong><\/p>\n\n\n\n<p>Det er ei stor glede for meg \u00e5 informere styret om at no er det teikna kontrakt mellom Statsbygg og PEAB\/ K Nordang om bygging av det nye huset for mediefaga. Vi fekk melding om det i g\u00e5r, og er letta over at prosjektet no kan g\u00e5 vidare. Det er faktisk 3 m\u00e5nader sidan det vart offentleggjort kva framlegg til prosjekt som hadde vunne konkurransen, og vi hadde nok h\u00e5pa p\u00e5 at det skulle g\u00e5 raskare \u00e5 f\u00e5 p\u00e5 plass det formelle. Men no er alts\u00e5 kontrakten signert. Det betyr at arbeidet med regjeringsnotatet ogs\u00e5 g\u00e5r vidare til kvalitetssikring i Kommunal og moderniseringsdepartementet f\u00f8r det s\u00e5 vert lagt fram for regjeringa for godkjenning i form av eit regjeringsnotat. Internt g\u00e5r vi no vidare i detaljplanlegginga av huset og eg trur alle involverte gler seg til \u00e5 g\u00e5 inn i ein ny og spennande fase. Samtidig som det blir mykje arbeid og dermed ein krevande prosess. <\/p>\n\n\n\n<p><strong>Grunnskulel\u00e6rarutdanning<\/strong><\/p>\n\n\n\n<p>Avdeling for humanistiske fag og l\u00e6rarutdanning har f\u00e5tt fram s\u00f8knad om akkreditering av erfaringsbasert master i undervisning og l\u00e6ring og den har vi sendt til NOKUT. Vi har godt h\u00e5p om at den vil bli godkjent og i s\u00e5 fall vil vi ha v\u00e5r niende masterutdanning p\u00e5 plass. <\/p>\n\n\n\n<p>Vi arbeider ogs\u00e5 med planar  \u00e5 s\u00f8kje om akkreditering av master i barnehagel\u00e6rarutdanning. Vi ser alt at i arbeidsmarknaden har somme barnehageeigarar alt definert lektorkrav i somme stillingar.  Volda er kanskje den einaste h\u00f8gskulen i landet som ikkje ikkje har mastertilbod for barnehagel\u00e6rarar, s\u00e5 det er p\u00e5 tide \u00e5 f\u00e5 p\u00e5 plass. <\/p>\n\n\n\n<p>Desse eventuelle nye tilboda vil vi ogs\u00e5 kome tilbake til seinare n\u00e5r vi skal prioritere satsingar utanfor ramma for 2021. Det blir styresak hausten 2019. <\/p>\n\n\n\n<p><strong>Campusutvikling 2.0<\/strong><\/p>\n\n\n\n<p>Vi har hatt m\u00f8te med Statsbygg for \u00e5 starte nytt campusutviklingsprosjekt. Alle h\u00f8gskular og universitet skal i f\u00f8lgje Langtidsplanen for forsking og h\u00f8gare utdanning ha ein campusutviklingsplan, og det er verd \u00e5 merke seg at hus for forsking og utdanning er eit eige kapittel i langtidsplanen. Det er nytt. Det handlar b\u00e5de om at sektoren forvaltar store verdiar, men ogs\u00e5 at v\u00e5r sektor er viktig i den statlege politikken i h\u00f8ve til arbeidslivet, milj\u00f8 og klima. <\/p>\n\n\n\n<p>Vi reknar med at arbeidet med den nye campusutviklingsplanen vil vare ca 1 \u00e5r. Styret vil f\u00e5 orientering om planen undervegs. Vi m\u00e5 nok ogs\u00e5 be styret om midlar til \u00e5 gjere v\u00e5r del av planen. <\/p>\n\n\n\n<p>Prosjektet vil i alle fall vere retta inn mot arbeidsrom for studentar og forskarar, men vi m\u00e5 ogs\u00e5 vurdere om fellesareal som f\u00f8rste etasje i Berte Kanutte-huset m\u00e5 inn i planen. <\/p>\n\n\n\n<p>Sidan f\u00f8rre styrem\u00f8te har vi ogs\u00e5 hatt eitt m\u00f8te med akt\u00f8rar p\u00e5 og ved h\u00f8gskuleomr\u00e5det. Det skjedde 21. januar og samla blant andre Volda kommune, \u00d8rsta kommune, M\u00f8re og Romsdal fylkeskommune, Studentsamskipnaden i Volda, Sunnm\u00f8re kulturn\u00e6ringshage, Volda sjukehus og Statsbygg. <\/p>\n\n\n\n<p>Vi vil seinare i v\u00e5r ha eit nytt m\u00f8te for \u00e5 formalisere arbeidet i ei utviklingsgruppe for omr\u00e5det mellom studentheimane p\u00e5 Heltne og Volda vidareg\u00e5ande skule &#8211; inkludert Volda sjukehus og h\u00f8gskulen. F\u00f8rebels er namnet Campusutviklingsforum, men vi b\u00f8r nok finne p\u00e5 eit betre namn. <\/p>\n\n\n\n<p>Vi har felles utfordringar p\u00e5 parkering p\u00e5 kort sikt, planlegging av heile omr\u00e5det og betre kollektivtrafikk p\u00e5 lenger sikt. Og om vi klarer \u00e5 dra i saman b\u00e5de h\u00f8gskule, sjukehus, kunnskapspark og andre s\u00e5 kan vi h\u00e5pe p\u00e5 \u00e5 f\u00e5 til ogs\u00e5 fagleg utvikling i lag. <\/p>\n\n\n\n<p>Volda kommune har lenge arbeidd med ein kommuneplan, ein arealplan, for heile kommunen. Den er f\u00f8rebels ikkje ferdig og klar til \u00e5 bli lagt ut til offentleg ettersyn, men vi h\u00e5per v\u00e5re perspektiv blir teke med. Vi tenkjer d\u00e5 s\u00e6rleg p\u00e5 parkering og kollektivtrafikk.<\/p>\n\n\n\n<p>Elles meiner eg at vi b\u00f8r unng\u00e5 snakke om campus om det er h\u00f8gskuleomr\u00e5det vi meiner. Eg trur ikkje begrepet campus er i dagleg bruk p\u00e5 h\u00f8gskulen eller i bygda eller som blir lett forst\u00e5tt. <\/p>\n\n\n\n<p><strong>Trakassering, studentmilj\u00f8 og arbeidsmilj\u00f8<\/strong><\/p>\n\n\n\n<p>I f\u00f8rre styrem\u00f8te fortalde vi om at Universitetet i Agder er i ferd med \u00e5 starte ei unders\u00f8king om seksuell trakassering blant tilsette p\u00e5 universitet og h\u00f8gskular. Vi vil delta i unders\u00f8kinga som blir gjennomf\u00f8rt seinare i v\u00e5r. <\/p>\n\n\n\n<p>Arbeidsmij\u00f8unders\u00f8kinga ARK har vorte gjennomf\u00f8rt for andre gong p\u00e5 HVO i 2018 &#8211; f\u00f8rste gong var i 2015. Hovudinntrykket er at H\u00f8gskulen i Volda i 2018 som i 2015 ligg noks\u00e5 n\u00e6r gjennomsnittet for h\u00f8gskulane og universiteta som er med i unders\u00f8kinga. Det er likevel klare utfordringar i somme einingar, og det vert no arbeidd vidare med \u00e5 f\u00f8lgje opp desse. Styret vil f\u00e5 n\u00e6rare informasjon om resultat og vidare arbeid med ARK-unders\u00f8kinga p\u00e5 neste m\u00f8te. <\/p>\n","protected":false},"excerpt":{"rendered":"<p>Styrem\u00f8tet 7. mars 2019 i opptak. Styrem\u00f8tet ved H\u00f8gskulen i Volda vart ogs\u00e5 omtala p\u00e5 f\u00f8rehand i fleire nettaviser: Khrono (7.mars 2019): Roppen: Selvstendighet et tydelig f\u00f8rstevalg for Volda Forskerforum (6.mars 2019): Skal H\u00f8gskulen i Volda fortsatt st\u00e5 alene? Styremedlemmer er uenige med rektor<\/p>\n","protected":false},"author":13,"featured_media":0,"comment_status":"open","ping_status":"open","sticky":false,"template":"","format":"aside","meta":{"footnotes":""},"categories":[1],"tags":[],"post_mailing_queue_ids":[],"_links":{"self":[{"href":"https:\/\/blogg.hivolda.no\/jr\/wp-json\/wp\/v2\/posts\/2078"}],"collection":[{"href":"https:\/\/blogg.hivolda.no\/jr\/wp-json\/wp\/v2\/posts"}],"about":[{"href":"https:\/\/blogg.hivolda.no\/jr\/wp-json\/wp\/v2\/types\/post"}],"author":[{"embeddable":true,"href":"https:\/\/blogg.hivolda.no\/jr\/wp-json\/wp\/v2\/users\/13"}],"replies":[{"embeddable":true,"href":"https:\/\/blogg.hivolda.no\/jr\/wp-json\/wp\/v2\/comments?post=2078"}],"version-history":[{"count":5,"href":"https:\/\/blogg.hivolda.no\/jr\/wp-json\/wp\/v2\/posts\/2078\/revisions"}],"predecessor-version":[{"id":2133,"href":"https:\/\/blogg.hivolda.no\/jr\/wp-json\/wp\/v2\/posts\/2078\/revisions\/2133"}],"wp:attachment":[{"href":"https:\/\/blogg.hivolda.no\/jr\/wp-json\/wp\/v2\/media?parent=2078"}],"wp:term":[{"taxonomy":"category","embeddable":true,"href":"https:\/\/blogg.hivolda.no\/jr\/wp-json\/wp\/v2\/categories?post=2078"},{"taxonomy":"post_tag","embeddable":true,"href":"https:\/\/blogg.hivolda.no\/jr\/wp-json\/wp\/v2\/tags?post=2078"}],"curies":[{"name":"wp","href":"https:\/\/api.w.org\/{rel}","templated":true}]}}