{"id":1996,"date":"2018-12-06T12:00:13","date_gmt":"2018-12-06T11:00:13","guid":{"rendered":"http:\/\/blogg.hivolda.no\/jr\/?p=1996"},"modified":"2018-12-06T09:33:40","modified_gmt":"2018-12-06T08:33:40","slug":"orientering-til-styret-styremote-7-2018-6-desember-2018","status":"publish","type":"post","link":"https:\/\/blogg.hivolda.no\/jr\/2018\/12\/06\/orientering-til-styret-styremote-7-2018-6-desember-2018\/","title":{"rendered":"Orientering til styret, styrem\u00f8te 7\/2018, 6. desember 2018 *)"},"content":{"rendered":"<p>P\u00e5 kvart styrem\u00f8te gjev rektor ei kort orientering om ting som har skjedd og skjer og som styret b\u00f8r kjenne til. Desse orienteringane vert ogs\u00e5 lagt ut p\u00e5 rektorbloggen.<\/p>\n<p><strong>Fleire tilsette &#8211; f\u00e6rre i fellesadministrasjonen<br \/>\n<\/strong>Statistikkken fr\u00e5 <a href=\"https:\/\/dbh.nsd.uib.no\/statistikk\/rapport.action?visningId=219&amp;visKode=false&amp;admdebug=false&amp;columns=arstall&amp;index=3&amp;formel=329!8!401&amp;hier=insttype!9!instkode!9!fakkode!9!ufakkode!9!st_kode&amp;sti=Statlige%20h%C3%B8yskoler!9!H%C3%B8gskulen%20i%20Volda\u00b6m=arstall%3D2018!8!2017!8!2016!8!2015!8!2014!9!dep_id%3D1!9!insttype%3D02!9!instkode%3D0236\">DBH (Database for h\u00f8gare utdanning)<\/a> viser at vi pr 1.10.2018 har 339 \u00e5rsverk p\u00e5 HVO. Det er fleire enn nokon gong tidlegare og 12 fleire \u00e5rsverk enn i fjor. Tala viser ogs\u00e5 at fellesadministrasjonen igjen har minka i tal \u00e5rsverk &#8211; fr\u00e5 78 til 74. Avdelingane har alts\u00e5 auka med 16 \u00e5rsverk &#8211; av desse ca 8 \u00e5rsverk ved at Nynorsksenteret vart overf\u00f8rt til Avdeling for humanistiske fag og l\u00e6rarutdanning.<\/p>\n<p><strong>Campusutvikling 2.0<br \/>\n<\/strong>Nybygget for medieutdanningane sprang ut av det f\u00f8rste samla Campusutviklingsprosjektet ved H\u00f8gskulen i Volda. Vi skal no i gang med eit nytt campusutviklingsprosjekt og har nett tilsett prosjektleiar. Vi kallar det nye prosjektet 2.0 for \u00e5 skilje det fr\u00e5 det f\u00f8rre prosjektet fr\u00e5 2015.<\/p>\n<p>Det nye campusprosjektet vil ha to innretningar: For det f\u00f8rste ein innomhusdel der s\u00e6rleg nye undervisnings- og arbeidsformer vil st\u00e5 i fokus. Men for det andre vil vi ogs\u00e5 ha ein utomhusdel der eg sj\u00f8lv meiner det er heilt n\u00f8dvendig \u00e5 sj\u00e5 h\u00f8gskuleomr\u00e5det i samanheng med v\u00e5re naboar og naboinstitusjonar. B\u00e5de fordi det begynner \u00e5 bli knapt med plass, det skal byggjast store vegprosjekt i omr\u00e5det v\u00e5rt og vi m\u00e5 dele p\u00e5 fellesressursar og utvikle oss i lag. Til d\u00f8mes v\u00e5re utfordringar n\u00e5r det gjeld parkering vil v\u00e5re naboar merke &#8211; same kva vi gjer eller ikkje gjer.<\/p>\n<p>Og d\u00e5 tenkjer eg i tillegg til h\u00f8gskulen p\u00e5 Studentsamskipnaden, Statsbygg, Volda kommune, Sunnm\u00f8re kulturn\u00e6ringshage og kunnskapsparken, fylkeskommunen med Volda vidareg\u00e5ande skule og Helse M\u00f8re og Romsdal med Volda sjukehus. Private akt\u00f8rar har ogs\u00e5 vorte sterkt interesserte i h\u00f8gskuleomr\u00e5det. Eg tenkjer d\u00e5 p\u00e5 idrettshall-planane til Volda Campus Sparebank1-arena, men ogs\u00e5 andre store n\u00e6ringsprosjekt. S\u00e5 her m\u00e5 mange akt\u00f8rar samordnast.<\/p>\n<p>Dei samla utbyggingane p\u00e5 og ved h\u00f8gskuleomr\u00e5det fr\u00e5 2015 og fram til ca 2025 blir p\u00e5 ca 1 milliard &#8211; og i tillegg kjem tunnel mot \u00d8rsta som vil koste 1 milliard. Tunnell\u00f8p nummer to vil m\u00e5tte byggjast f\u00e5 \u00e5r etter, og d\u00e5 blir det nok ein milliard. S\u00e5 i \u00e5r 2030 har vi antakelig fire-felts veg mellom H\u00f8gskulen og flyplassen. Nesten.<\/p>\n<figure id=\"attachment_1997\" aria-describedby=\"caption-attachment-1997\" style=\"width: 660px\" class=\"wp-caption aligncenter\"><a href=\"http:\/\/blogg.hivolda.no\/jr\/wp-content\/uploads\/sites\/68\/2018\/12\/46831071_2280508062189625_7337060501106458624_o.jpg\"><img loading=\"lazy\" decoding=\"async\" class=\"size-large wp-image-1997\" src=\"http:\/\/blogg.hivolda.no\/jr\/wp-content\/uploads\/sites\/68\/2018\/12\/46831071_2280508062189625_7337060501106458624_o-1024x576.jpg\" alt=\"\" width=\"660\" height=\"371\" srcset=\"https:\/\/blogg.hivolda.no\/jr\/wp-content\/uploads\/sites\/68\/2018\/12\/46831071_2280508062189625_7337060501106458624_o-1024x576.jpg 1024w, https:\/\/blogg.hivolda.no\/jr\/wp-content\/uploads\/sites\/68\/2018\/12\/46831071_2280508062189625_7337060501106458624_o-300x169.jpg 300w, https:\/\/blogg.hivolda.no\/jr\/wp-content\/uploads\/sites\/68\/2018\/12\/46831071_2280508062189625_7337060501106458624_o-768x432.jpg 768w, https:\/\/blogg.hivolda.no\/jr\/wp-content\/uploads\/sites\/68\/2018\/12\/46831071_2280508062189625_7337060501106458624_o.jpg 1280w\" sizes=\"(max-width: 660px) 100vw, 660px\" \/><\/a><figcaption id=\"caption-attachment-1997\" class=\"wp-caption-text\">Utvikling av h\u00f8gskuleomr\u00e5det 2015-2025. Status ved \u00e5rsskiftet 2018\/2019<\/figcaption><\/figure>\n<p><!--more--><\/p>\n<p>Alle forst\u00e5r at alle desse prosjekta vil vere sv\u00e6rt krevande b\u00e5de i byggetida og etterp\u00e5, og for oss er det avgjerande \u00e5 f\u00e5 ein god dialog med kommune og alle dei andre akt\u00f8rane i omr\u00e5det for \u00e5 f\u00e5 eit best muleg h\u00f8gskuleomr\u00e5de.<\/p>\n<p>Volda kommune legg i januar ut ny kommuneplan, arealplan, til offentleg ettersyn. Og eg har teke initiativ til eit m\u00f8te p\u00e5 leiarniv\u00e5 med dei nemnde akt\u00f8rane p\u00e5 h\u00f8gskulen i januar 2019. Der vil vi f\u00e5 presentert og diskutert planutkastet og sj\u00e5 korleis det passar med dei einskilde institusjonane eigne planar innanfor planomr\u00e5det.<\/p>\n<p><strong>Trakassering, studentmilj\u00f8 og arbeidsmilj\u00f8<br \/>\n<\/strong>Denne veka fekk vi &#8211; og sikkert alle andre h\u00f8gskular og universitet &#8211; sp\u00f8rsm\u00e5l fr\u00e5 nettavisa Khrono om det har vorte meldt om saker som gjeld seksuell trakassering av studentar p\u00e5 H\u00f8gskulen i Volda. Dei som skal ta i mot slike saker p\u00e5 h\u00f8gskuen og studentsamskipnaden fortel at det ikkje er meldt inn saker.<\/p>\n<p>Vi f\u00e5r om kort tid invitasjon fr\u00e5 Universitetet i Agder invitasjon til \u00e5 vere med p\u00e5 ei nasjonal kartlegging av om tilsette har opplevd seksuell trakassering. Dei fleste eller kanskje alle institusjonar kjem anten til \u00e5 ta i mot tilbodet fr\u00e5 Agder, eller \u00e5 gjennomf\u00f8re eigne unders\u00f8kingar. Eg reknar med at vi kjem til \u00e5 ta i mot tilbodet fr\u00e5 Agder d\u00e5 det er mange fordelar med \u00e5 nytte ein ekstern part til \u00e5 gjennomf\u00f8re unders\u00f8kinga og ikkje minst behandle data. Men f\u00f8rst m\u00e5 vi alts\u00e5 f\u00e5 invitasjonen.<\/p>\n<p><strong>Struktursaka<br \/>\n<\/strong>Inntrykkket fr\u00e5 sektoren er som tidlegare at dei samansl\u00e5tte h\u00f8gskulane og universiteta har mykje arbeid med \u00e5 f\u00e5 organisasjonane til \u00e5 fungere og at dei har mange ulike utfordringar.<\/p>\n<p>Eg har meldt meg p\u00e5 eit forskingsseminar om fusjonane p\u00e5 NTNU i februar der blant andre NIFU skal bidra. Dei har vorte engasjerte av fleire institusjonar for \u00e5 drive med f\u00f8lgjeforsking. Som sagt p\u00e5 styreseminaret i \u00d8rsta er det ogs\u00e5 utlyst forskingsmidlar gjennom Forskingsr\u00e5det for \u00e5 studere fusjonane.<\/p>\n<p><strong>Samarbeid med andre h\u00f8gskular og universitet:<\/strong><\/p>\n<p><strong>Ikuben<\/strong> ved Kunnskapsparken ved H\u00f8gskolen i Molde har vi nett bestemt oss for \u00e5 s\u00f8ke om \u00e5 bli medlem av. Dette er ei tverrindustriell klynge der blant anna arbeidsomr\u00e5de som Kommunikasjon, Innovasjon og Samarbeid mellom Offentleg verksemd, n\u00e6ring og akademia er interessante omr\u00e5de for oss. Ikuben har ogs\u00e5 teke spennande initiativ som ser ut til \u00e5 vere midt i blinken for \u00e5 kunne utvikle Framtidsferdigheiter &#8211; future skills &#8211; i samarbeid med sentrale akt\u00f8rar i regionen. Veldig spennande!<\/p>\n<p><strong>Fjordkonferansen<\/strong> har vore eit \u00e5rleg arrangement &#8211; eit l\u00e5gterskeltilbod til forskarar som er i starten av ein fagleg karriere. Samarbeidspartane bak konferansen har vore H\u00f8gskulen i Volda, H\u00f8gskolen i Molde og dei tidlegare H\u00f8gskolen i \u00c5lesund og H\u00f8gskulen i Sogn og Fjordane. Eg er glad for \u00e5 fortelje at alle rektorane ved dei nye institusjonane er interesserte i \u00e5 halde fram med Fjordkonferansen. Volda f\u00e5r ei koordinerende rolle dei neste fire \u00e5ra og skal ogs\u00e5 vere teknisk arrang\u00f8r av Fjordkonferansen 2019. Dette f\u00e5r ein kostnad p\u00e5 ca kr 60.000 pr \u00e5r som dei fire institusjonane vil dekke.<\/p>\n<p><strong>UH Nett Vest<\/strong> har vorte utvida med Universitetet i Agder og VID. Det betyr at nettverket strekker seg fr\u00e5 Volda til Agder. Ved tildeling av forskingsmidlar i regi av UH Nett Vest fekk Volda bra tilslag.<\/p>\n<p>P\u00e5 prosjektniv\u00e5 kan vi nemne ei rekkje samarbeid:<\/p>\n<ul>\n<li>Vi har inng\u00e5tt intensjonsavtale med NTNU i \u00c5lesund om \u00e5 vere med i ein kompetansehub for berekraft. Fr\u00e5 f\u00f8r samarbeider vi med NTNU \u00c5lesund ogs\u00e5 om prosjektet \u00abGr\u00f8n campus\u00bb som M\u00f8re og Romsdal fylkeskommune har finansiert og med Annik Magerholm Fet som prosjektleiar. Vi har ogs\u00e5 eit forskingsr\u00e5dspprosjekt i lag om berekraftig turisme med s\u00e6rleg fokus p\u00e5 Geiranger.<\/li>\n<li>V\u00e5r Avdeling for mediefag vil i januar samarbeide med NTNU med \u00e5 gjennomf\u00f8re den nordiske konferansen om datajournalistikk (NODA) i Trondheim i m\u00e5nadsskiftet januar\/februar. Vi var medarrang\u00f8rar d\u00e5 konferansen vart arrangert for f\u00f8rste gong i \u00c5lesund for fire \u00e5r sidan.<\/li>\n<li>Avdeling for mediefag samarbeider ogs\u00e5 med Universitetet i Bergen om medieteknologi og robotisering av journalistikk i eit forskingsr\u00e5dsprosjekt.<\/li>\n<li>Vi har planar om \u00e5 vidareutvikle LIHS (Leiing i helse- og sosialsektoren) til eit nytt mastergradsstipend i samarbeid med Molde og NTNU \u00c5lesund.<\/li>\n<li>Har mottatt innspel fr\u00e5 regionen om muleg behov for ny bachelorutdanning i vernepleie. Fr\u00e5 f\u00f8r finst slike utdanningar i Sogndal og Molde.<\/li>\n<li>V\u00e5r tidlegare masterstudent og stipendiat Emmy Lang\u00f8y har disputert ved NTNU. Ho vart teken opp p\u00e5 doktorgradsprogrammet i helse- og sosial p\u00e5 NTNU, men har hatt Rune Kvalsund som siderettleiar ved H\u00f8gskulen i Volda. Prosjektet sprang ut av eit heilt s\u00e6rmerkt datamateriale om s\u00e6rvilk\u00e5rselevane i vidareg\u00e5ande skule som forskarar ved H\u00f8gskulen i Volda har vidareutvikla gjennom 25 \u00e5r. Emmy Lang\u00f8y har f\u00e5tt fast tilsetting som f\u00f8rsteamanuensis ved H\u00f8gskolen i Molde, og vi f\u00e5r nok glede av ho p\u00e5 fellesgrad i helse- og sosial.<\/li>\n<\/ul>\n<p><strong>Grunnskulel\u00e6rarutdanning<br \/>\n<\/strong>AHL hadde to-dagars seminar Loen i f\u00f8rre veke. Eitt av tema var korleis ein skal handtere at 50-100 studentar p\u00e5 den nye grunnskulel\u00e6rarutdanninga skal skrive og levere masteroppg\u00e5ver &#8211; samtidig. Det er ein kraftig auke i h\u00f8ve til i dag &#8211; vi snakkar kanskje om ei dobling i talet p\u00e5 avlagte mastergrader. Avdelinga er fullstendig klar over kva dei st\u00e5r overfor og legg no planar for at studentane skal kome i gang med masterstudiet tidleg, ha mange rettleiings og peilepunkt undervegs og trur at med tett oppf\u00f8lgjing s\u00e5 skal vi unng\u00e5 at det blir mange som blir forsinka, for d\u00e5 kan vi fort kome inn i ein vond sirkel. Men eg har ogs\u00e5 inntrykk av at dei fagtilsette gler seg til \u00e5 jobbe med fleire masterstudentar, og dei mest framoverlent tenkjer ogs\u00e5 p\u00e5 \u00e5 integrerer studentar og masteroppg\u00e5ver i eigne forskingsprosjekt.<\/p>\n<p>Men vi kjem ogs\u00e5 til \u00e5 ha kurs i rettleiing p\u00e5 masteroppg\u00e5ver og andre former for oppgradering av staben. N\u00e6rare 60 prosent av dei fagleg tilsette ved Avdeling for humanistiske fag og l\u00e6rarutdanning har f\u00f8rstekompetanse eller meir &#8211; og eg er glad for \u00e5 fortelje at vi har f\u00e5tt ein ny professor i pedagogikk i Siv M\u00e5seidv\u00e5g Gamlem.<\/p>\n<p><strong>Meritering av undervisning, pedagogisk basiskompetanse og oppf\u00f8lgjing av Studiebarometeret 2017 &#8211; og andre unders\u00f8kingar<\/strong><\/p>\n<p>To tiltak som handlar om studiekvalitet vil vi kome tilbake til i neste styrem\u00f8te i mars. Det er planar for eit system for meritering av undervisning og pedagogisk basiskompetanse. Her har vi hatt eit utval i sving som no har sendt ut p\u00e5 h\u00f8yring eit framlegg med h\u00f8yringsfrist i slutten av januar. Fristen Kunnskapsdepartementet har sett er at vi innan sommaren 2019 skal ha p\u00e5 plass eit system, og det skal vi f\u00e5 til.<\/p>\n<p>Vi har ogs\u00e5 gjennomf\u00f8rt ei arbeidsmilj\u00f8kartlegging etter ARK-modellen til NTNU. Dette gjer vi kvart tredje \u00e5r og styret vil naturlegvis f\u00e5 presentert resultat ogs\u00e5 fr\u00e5 denne unders\u00f8kinga.<\/p>\n<p>Og som om det ikkje var nok, s\u00e5 har DIKU &#8211; Direktoratet for kvalitetsutvikling i utdanninga plukka oss ut til ei kartlegging av den digitale tilstanden i sektoren, s\u00e5 det har nok vore eit visst mas og ein sp\u00f8rjeskjematr\u00f8yttleik \u00e5 spore blant dei tilsette p\u00e5 h\u00f8gskulen i Volda i haust.<\/p>\n<p>Studentane har ogs\u00e5 vorte utsett b\u00e5de for sp\u00f8rjeskjema og vorte inviterte til \u00e5 delta i val.<\/p>\n<p>N\u00e5r det gjeld Studiebarometeret 2018 s\u00e5 er data samla inn gjennom sp\u00f8rjeskjema til studentane p\u00e5 3.semester p\u00e5 bachelor og 3. semester p\u00e5 master. Vi hadde ogs\u00e5 i \u00e5r ca 70 prosent deltaking fr\u00e5 studentane, og eg er glad for at studentane ogs\u00e5 i \u00e5r har teke unders\u00f8kinga alvorleg. Vi f\u00e5r resultata for 2018 i god tid f\u00f8r neste styrem\u00f8te i mars, og d\u00e5 vil vi ogs\u00e5 sj\u00e5 dei i samanheng med resultata og ikkje minst oppf\u00f8lgjing av resultata fr\u00e5 2017 som har vore eiga sak i styret.<\/p>\n<p>Men vi fekk noks\u00e5 d\u00e5rleg respons fr\u00e5 studentane p\u00e5 studiestartunders\u00f8kinga. Med ca 10 prosent svar s\u00e5 er det vanskeleg \u00e5 bruke den til noko.<\/p>\n<p>Det kan her passe \u00e5 nemne at studentane og Studentparlamentet har f\u00e5tt til sv\u00e6rt god deltaking i valet p\u00e5 nytt Studentparlament. Det var ei valdeltaking p\u00e5 ca 20 prosent, og det er faktisk heilt i toppen i sektoren.<\/p>\n<p><strong>*) OM DENNE ORIENTERINGA<\/strong><\/p>\n<p>I tillegg til denne orienteringa er det mange andre kanalar til informasjon om aktuelle saker ved H\u00f8gskulen i Volda. Rektor skriv ogs\u00e5 eit nyhendebrev som vert send til alle tilsette og til media. Dei er tilgjengelege p\u00e5 denne nettsida: <a href=\"https:\/\/www.hivolda.no\/om-hogskulen-volda\/nyhendebrev\">https:\/\/www.hivolda.no\/om-hogskulen-volda\/nyhendebrev<\/a><\/p>\n<p>Elles er det naturlegvis ogs\u00e5 mykje informasjon \u00e5 finne p\u00e5 <a href=\"http:\/\/www.hivolda.no\/\">www.hivolda.no<\/a>\u00a0i sosiale media og i nyhendemedia.<\/p>\n<p><strong>HVO I MEDIA<br \/>\n<\/strong>Les nyhendeoppslag om HVO og HVO-tilsette i nyhendemedia og sosiale media:<br \/>\n<a href=\"https:\/\/www.tintup.com\/t\/customer_2082469_hogskolenivolda\">https:\/\/www.tintup.com\/t\/customer_2082469_hogskolenivolda<\/a><\/p>\n<p><strong>LEDIGE STILLINGAR VED H\u00d8GSKULEN I VOLDA<br \/>\n<\/strong><a href=\"https:\/\/www.jobbnorge.no\/ledige-stillinger\/hoegskulen-i-volda\">https:\/\/www.jobbnorge.no\/ledige-stillinger\/hoegskulen-i-volda<\/a><\/p>\n<p><strong>HVO P\u00c5 SOSIALE MEDIA MM.<br \/>\n<\/strong>Facebook: <a href=\"https:\/\/www.facebook.com\/hivolda\/\">https:\/\/www.facebook.com\/hivolda\/<\/a><br \/>\nInstagram: <a href=\"https:\/\/www.instagram.com\/hivolda\/\">https:\/\/www.instagram.com\/hivolda\/<\/a><br \/>\nYoutube: <a href=\"https:\/\/www.youtube.com\/user\/hivolda\/\">https:\/\/www.youtube.com\/user\/hivolda\/<\/a><br \/>\nRektorbloggen: <a href=\"https:\/\/blogg.hivolda.no\/jr\">https:\/\/blogg.hivolda.no\/jr<\/a><br \/>\nRektors Facebookside: <a href=\"https:\/\/www.facebook.com\/rektorHVO\/\">https:\/\/www.facebook.com\/rektorHVO\/<\/a><br \/>\nL\u00f8pande oppdatering av straumproduksjonen i solcelleanlegget: <a href=\"http:\/\/evishine.dk\/VoldaUniversityCollege?42229\">http:\/\/evishine.dk\/VoldaUniversityCollege?42229<\/a><\/p>\n","protected":false},"excerpt":{"rendered":"<p>P\u00e5 kvart styrem\u00f8te gjev rektor ei kort orientering om ting som har skjedd og skjer og som styret b\u00f8r kjenne til. Desse orienteringane vert ogs\u00e5 lagt ut p\u00e5 rektorbloggen. Fleire tilsette &#8211; f\u00e6rre i fellesadministrasjonen Statistikkken fr\u00e5 DBH (Database for h\u00f8gare utdanning) viser at vi pr 1.10.2018 har 339 \u00e5rsverk p\u00e5 HVO. Det er fleire &hellip; <a href=\"https:\/\/blogg.hivolda.no\/jr\/2018\/12\/06\/orientering-til-styret-styremote-7-2018-6-desember-2018\/\" class=\"more-link\">Fortsett \u00e5 lese <span class=\"screen-reader-text\">Orientering til styret, styrem\u00f8te 7\/2018, 6. desember 2018 *)<\/span><\/a><\/p>\n","protected":false},"author":13,"featured_media":0,"comment_status":"open","ping_status":"open","sticky":false,"template":"","format":"standard","meta":{"footnotes":""},"categories":[8],"tags":[],"post_mailing_queue_ids":[],"_links":{"self":[{"href":"https:\/\/blogg.hivolda.no\/jr\/wp-json\/wp\/v2\/posts\/1996"}],"collection":[{"href":"https:\/\/blogg.hivolda.no\/jr\/wp-json\/wp\/v2\/posts"}],"about":[{"href":"https:\/\/blogg.hivolda.no\/jr\/wp-json\/wp\/v2\/types\/post"}],"author":[{"embeddable":true,"href":"https:\/\/blogg.hivolda.no\/jr\/wp-json\/wp\/v2\/users\/13"}],"replies":[{"embeddable":true,"href":"https:\/\/blogg.hivolda.no\/jr\/wp-json\/wp\/v2\/comments?post=1996"}],"version-history":[{"count":1,"href":"https:\/\/blogg.hivolda.no\/jr\/wp-json\/wp\/v2\/posts\/1996\/revisions"}],"predecessor-version":[{"id":1998,"href":"https:\/\/blogg.hivolda.no\/jr\/wp-json\/wp\/v2\/posts\/1996\/revisions\/1998"}],"wp:attachment":[{"href":"https:\/\/blogg.hivolda.no\/jr\/wp-json\/wp\/v2\/media?parent=1996"}],"wp:term":[{"taxonomy":"category","embeddable":true,"href":"https:\/\/blogg.hivolda.no\/jr\/wp-json\/wp\/v2\/categories?post=1996"},{"taxonomy":"post_tag","embeddable":true,"href":"https:\/\/blogg.hivolda.no\/jr\/wp-json\/wp\/v2\/tags?post=1996"}],"curies":[{"name":"wp","href":"https:\/\/api.w.org\/{rel}","templated":true}]}}