{"id":1950,"date":"2018-10-30T11:01:22","date_gmt":"2018-10-30T10:01:22","guid":{"rendered":"http:\/\/blogg.hivolda.no\/jr\/?p=1950"},"modified":"2018-10-31T13:43:14","modified_gmt":"2018-10-31T12:43:14","slug":"orientering-til-hogskulestyret-23-oktober-2018","status":"publish","type":"post","link":"https:\/\/blogg.hivolda.no\/jr\/2018\/10\/30\/orientering-til-hogskulestyret-23-oktober-2018\/","title":{"rendered":"Orientering til h\u00f8gskulestyret 23. oktober 2018"},"content":{"rendered":"<p><em>Skriftleg versjon av den munnlege orienteringa som rektor gav til h\u00f8gskulestyret, p\u00e5 styrem\u00f8tet 23. oktober 2018.\u00a0<a href=\"http:\/\/opengov.cloudapp.net\/Meetings\/HIVOLDA\/Meetings\/Details\/252161\">Sakslister og sakspapir til m\u00f8tet.<\/a><\/em><\/p>\n<div><strong>Opptaket 2018: Fleire enn 4.000 studentar ogs\u00e5 i 2018<\/strong><\/div>\n<div>Vi har no levert oversyn over tal studentar p\u00e5 H\u00f8gskulen i Volda hausten 2018. I fjor hadde vi for f\u00f8rste gong over 4.000 studentar med 4.184. I 2018 har vi for andre gong og andre gong p\u00e5 rad over 4.000 studentar, s\u00e5 det offisielle talet studentar ved H\u00f8gskulen i Volda er no 4.095 studentar. Vi har faktisk ogs\u00e5 f\u00e5tt oppjustert talet p\u00e5 studentar for 2015 i den nasjonale databasen DBH. Den viser at vi hadde n\u00f8yaktig 4.000 studentar i 2015 &#8211; tidlegare har vi trudd at det skulle vere to f\u00e6rre. S\u00e5 vi har hatt 4.000 studentar eller fleire tre av dei fire siste \u00e5ra.<\/div>\n<div><\/div>\n<div>\n<figure id=\"attachment_1771\" aria-describedby=\"caption-attachment-1771\" style=\"width: 660px\" class=\"wp-caption aligncenter\"><a href=\"http:\/\/blogg.hivolda.no\/jr\/wp-content\/uploads\/sites\/68\/2018\/08\/DSC_0817_1.jpg\"><img loading=\"lazy\" decoding=\"async\" class=\"size-large wp-image-1771\" src=\"http:\/\/blogg.hivolda.no\/jr\/wp-content\/uploads\/sites\/68\/2018\/08\/DSC_0817_1-1024x576.jpg\" alt=\"\" width=\"660\" height=\"371\" srcset=\"https:\/\/blogg.hivolda.no\/jr\/wp-content\/uploads\/sites\/68\/2018\/08\/DSC_0817_1-1024x576.jpg 1024w, https:\/\/blogg.hivolda.no\/jr\/wp-content\/uploads\/sites\/68\/2018\/08\/DSC_0817_1-300x169.jpg 300w, https:\/\/blogg.hivolda.no\/jr\/wp-content\/uploads\/sites\/68\/2018\/08\/DSC_0817_1-768x432.jpg 768w, https:\/\/blogg.hivolda.no\/jr\/wp-content\/uploads\/sites\/68\/2018\/08\/DSC_0817_1.jpg 1920w\" sizes=\"(max-width: 660px) 100vw, 660px\" \/><\/a><figcaption id=\"caption-attachment-1771\" class=\"wp-caption-text\">Studiestart 2018 ved H\u00f8gskulen i Volda.<\/figcaption><\/figure>\n<\/div>\n<div><\/div>\n<div><strong>Struktur og samarbeid<\/strong><\/div>\n<div>\n<p>Strukturprosessane landet rundt n\u00e6rmar seg ein normalfase der dei nyfusjonerte skal over i vanleg drift. H\u00f8gskulen p\u00e5 Vestlandet gjennomf\u00f8rer fusjonen p\u00e5 instituttniv\u00e5 i 2018. <a href=\"https:\/\/www.universitetsavisa.no\/nyheter\/2018\/09\/27\/NTNU-faller-100-plasser-p%C3%A5-ny-rangering-75541.ece\">NTNU har g\u00e5tt ned 100 plassar p\u00e5 ein av verdsrankingane av universitetet<\/a>, og det er vel rimeleg \u00e5 tru at ei forklaring p\u00e5 det er b\u00e5de innfusjonerte institusjonar og elles mykje ekstraordin\u00e6rt arbeid p\u00e5 grunn av fusjonane. Men det er viktig \u00e5 hugse p\u00e5 at dette var berre ein av mange konkurrerande rangeringar.<\/p>\n<p>I framlegget til statsbudsjett for 2019 har regjeringa kutta fusjonsst\u00f8tta fr\u00e5 125 millionar kroner i 2018 til 15 millionar i 2019. <a href=\"https:\/\/khrono.no\/statsbudsjettet2019-universitet-hinn\/liten-drahjelp-pa-veien-mot-universitetsstatus\/241817\">Naturleg nok er dei nyfusjonerte institusjonane skuffa over dette bel\u00f8pet.<\/a><\/p>\n<\/div>\n<p><!--more--><\/p>\n<div>\n<p>Ei forskingsbasert evaluering av fusjonane i UH-sektoren er no <a href=\"https:\/\/www.forskningsradet.no\/no\/Utlysning\/FINNUT\/1254035741084&amp;WT.mc_id=prgfor-utl-FINNUT\">utlyst under Forskingsr\u00e5dets FINNUT-program<\/a> og har ei ramme p\u00e5 15 mill over tre \u00e5r. S\u00f8knadfristen er i februar 2019, s\u00e5 hovudrapporteringa blir vel d\u00e5 i 2022.<\/p>\n<p>Avdeling for mediefag skal evaluere st\u00f8tteordninga p\u00e5 litteraturomr\u00e5det p\u00e5 oppdrag fr\u00e5 Norsk kulturr\u00e5d. Arbeidet skal vere ferdig til 1.12.2019 og har ein verdi p\u00e5 2 millionar kroner. Det er ei tverrfagleg forskargruppe som skal gjennomf\u00f8re unders\u00f8kinga og i tillegg til forskarar fr\u00e5 HVO er det ogs\u00e5 med ein forskar fr\u00e5 Universitetet i Bergen.<\/p>\n<p>P\u00e5 avdeling for samfunnsfag har forskar Bjarte Folkestad vorte med i eit <a href=\"https:\/\/www.samfunnsforskning.no\/aktuelt\/nyheter\/2018\/mer-forskning-pa-lokaldemokratiet.html\">prosjekt om lokaldemokrati innanfor forskingsr\u00e5dsprorgammet DEMOS<\/a>. Det er lokalvala i 2019 og 2023 som skal unders\u00f8kast. I forskargruppa er det med forskarar fr\u00e5 universiteta og forskingsinstitutt i Oslo og Bergen, s\u00e5 det er bra selskap.<\/p>\n<\/div>\n<div><\/div>\n<div><\/div>\n<div><strong>Regjeringas framlegg til statsbudsjett for 2019<\/strong><\/div>\n<div>Dette er <a href=\"https:\/\/blogg.hivolda.no\/jr\/2018\/10\/09\/1920\/\">omtala i eit blogginnlegg fr\u00e5 rektor<\/a> og st\u00e5r ogs\u00e5 p\u00e5 <a href=\"http:\/\/opengov.cloudapp.net\/Meetings\/HIVOLDA\/Meetings\/Details\/252161\">sakskartet i styrem\u00f8tet 23.10.2018<\/a>.<\/div>\n<div><\/div>\n<div>\n<p>Budsjettet for h\u00f8gskulen i Volda viser ein auke p\u00e5 ca 10,5 millionar som kompensasjon for l\u00f8ns- og prisauke. Vi har f\u00e5tt trekk p\u00e5 ca 5 mill som f\u00f8lgje av effektiviseringskutt, omlegging av basisfinansieringa og l\u00e5gare oppdragsinntekter.<\/p>\n<p>V\u00e5re framlegg til satsingar utanfor ramma var i fire punkt:<\/p>\n<\/div>\n<ol>\n<li>Medieteknisk utstyr til nybygget. Vi h\u00e5per p\u00e5 \u00e5 f\u00e5 inn ein merknad som viser til statsbudsjettet for 2020. Blir eigentleg skuffa og overraska om ikkje det kjem.<\/li>\n<li>Nye stipendiatstilllingar: Vi fekk ingen. Ingen andre heller fekk. Den f\u00f8rre langtidsplanen for forsking og h\u00f8gare utdanning innebar ei satsing i form av 500 nye stipendiatstillingar. Det er no gjennomf\u00f8rt.<\/li>\n<li>Nye studieplassar. Vi fekk ingen. Stort sett har ingen f\u00e5tt. Vi f\u00e5r sj\u00e5 om dette er noko som blir tema i budsjettforhandlingane. V\u00e5r prioritering av studieplassar var p\u00e5 friluftsliv og p\u00e5 samfunnsplanlegging. Friluftsliv har 8 s\u00f8kjarar pr studieplass og i eit nyleg m\u00f8te med toppleiinga i 62 grader nord fann vi ut at n\u00e6ringslivet skrik etter fleire naturguidar. S\u00e5 vi er ein del av l\u00f8ysinga.<\/li>\n<li>Digitalisering av Norsk ordbok. 2 mill ekstra til Universitetet i Bergen. Vi vil utvikle avtalen med UiB slik at vi kan kome i posisjon til \u00e5 byggje opp eit milj\u00f8 ved HVO i framtida. Stipendiatstillingar, eventuelle nye stillingsutlysningar og interne prioriteringar.<\/li>\n<\/ol>\n<div><\/div>\n<div><strong>L\u00e6rarutdanning: Avtale om l\u00e6rarutdanningsskular i Volda og \u00d8rsta<\/strong><\/div>\n<div>Avdeling for humanistiske fag og l\u00e6rarutdanning har teikna <a href=\"https:\/\/www.hivolda.no\/forsking-og-utvikling\/signerer-avtale-om-samarbeid\">samarbeidsavtalar om l\u00e6rarutdanningsskular med Volda og \u00d8rsta kommunar<\/a>. F\u00f8rem\u00e5let med avtalane er \u00e5 styrke grunnskulel\u00e6rarutdanningane &#8211; og l\u00e6rarutdanningsskulane. I Volda er det \u00d8yra barneskule som er med i avtalen, og \u00d8rsta er det Velle skule som er med. Det er kjekt at \u00d8yra skule som ligg like over gjerdet for H\u00f8gskulen i Volda har vorte l\u00e6rarutdanningsskule. Det er faktisk kortare fr\u00e5 studentkantina til \u00d8yra skule enn \u00e5 g\u00e5 til Kaarstad-huset. Men det er no heller ikkje langt til \u00d8rsta. Seinare skal det lagast avtale med ein tredje skule og d\u00e5 er det ungdomstrinnet det gjeld.<\/div>\n<div><\/div>\n<div>\n<figure id=\"attachment_1951\" aria-describedby=\"caption-attachment-1951\" style=\"width: 660px\" class=\"wp-caption aligncenter\"><a href=\"http:\/\/blogg.hivolda.no\/jr\/wp-content\/uploads\/sites\/68\/2018\/10\/Oyra-skule-2018.jpg\"><img loading=\"lazy\" decoding=\"async\" class=\"size-large wp-image-1951\" src=\"http:\/\/blogg.hivolda.no\/jr\/wp-content\/uploads\/sites\/68\/2018\/10\/Oyra-skule-2018-1024x768.jpg\" alt=\"\" width=\"660\" height=\"495\" srcset=\"https:\/\/blogg.hivolda.no\/jr\/wp-content\/uploads\/sites\/68\/2018\/10\/Oyra-skule-2018-1024x768.jpg 1024w, https:\/\/blogg.hivolda.no\/jr\/wp-content\/uploads\/sites\/68\/2018\/10\/Oyra-skule-2018-300x225.jpg 300w, https:\/\/blogg.hivolda.no\/jr\/wp-content\/uploads\/sites\/68\/2018\/10\/Oyra-skule-2018-768x576.jpg 768w\" sizes=\"(max-width: 660px) 100vw, 660px\" \/><\/a><figcaption id=\"caption-attachment-1951\" class=\"wp-caption-text\">\u00d8yra barneskule i Volda: Ny l\u00e6rarutdanningsskule for H\u00f8gskulen i Volda<\/figcaption><\/figure>\n<\/div>\n<div><\/div>\n<div><strong>Nybygget &#8211; status<\/strong><\/div>\n<div><\/div>\n<div>Det kom fire tilbod om bygging av nytt mediehus, alts\u00e5 prosjekt \u00abSivert Aarflot-huset\u00bb. Vurderingsgruppa har dei siste vekene brukt mykje tid p\u00e5 \u00e5 vurdere dei innkomne tilboda. Utan at eg kjenner prosessen i detalj, s\u00e5 reknar eg med at sidan prosessen held fram s\u00e5 m\u00e5 eitt, fleire eller alle dei innkomne tilboda vere innanfor grensene vi sette for prosjektet n\u00e5r det gjeld romprogram og samla kostnader. Det tolkar eg som at det pr i dag ikkje ser ut til \u00e5r vere bygg- eller budsjettekniske hinder for at huset kan bli bygd.\u00a0\u00a0Ca 1. november blir det klart kva for eitt alternativ som blir valt av vurderingsgruppa.<\/div>\n<div><\/div>\n<div>\n<figure id=\"attachment_1849\" aria-describedby=\"caption-attachment-1849\" style=\"width: 1007px\" class=\"wp-caption aligncenter\"><a href=\"http:\/\/blogg.hivolda.no\/jr\/wp-content\/uploads\/sites\/68\/2018\/09\/width_1007.height_500.mode_crop.Anchor_middlecenter.jpg\"><img loading=\"lazy\" decoding=\"async\" class=\"size-full wp-image-1849\" src=\"http:\/\/blogg.hivolda.no\/jr\/wp-content\/uploads\/sites\/68\/2018\/09\/width_1007.height_500.mode_crop.Anchor_middlecenter.jpg\" alt=\"\" width=\"1007\" height=\"500\" srcset=\"https:\/\/blogg.hivolda.no\/jr\/wp-content\/uploads\/sites\/68\/2018\/09\/width_1007.height_500.mode_crop.Anchor_middlecenter.jpg 1007w, https:\/\/blogg.hivolda.no\/jr\/wp-content\/uploads\/sites\/68\/2018\/09\/width_1007.height_500.mode_crop.Anchor_middlecenter-300x149.jpg 300w, https:\/\/blogg.hivolda.no\/jr\/wp-content\/uploads\/sites\/68\/2018\/09\/width_1007.height_500.mode_crop.Anchor_middlecenter-768x381.jpg 768w\" sizes=\"(max-width: 1007px) 100vw, 1007px\" \/><\/a><figcaption id=\"caption-attachment-1849\" class=\"wp-caption-text\">Kollasj av dei fire framlegga til Sivert (nytt mediehus).<\/figcaption><\/figure>\n<\/div>\n<div><\/div>\n<div>I m\u00f8tet i desember f\u00e5r h\u00f8gskulestyret byggesaka p\u00e5 bordet og m\u00e5 gjere vedtak i den st\u00f8rste investeringa p\u00e5 h\u00f8gskulen i Volda p\u00e5 over 20 \u00e5r.<\/div>\n<div><\/div>\n<div>\n<p>H\u00f8gskuleleiinga har hatt ei rekkje m\u00f8te med politikarar over heile det politiske spekteret for \u00e5 f\u00e5 politisk st\u00f8tte til \u00e5 love pengar til medieteknisk utstyr i mediehuset i 2020-budsjettet. Signala vi har f\u00e5tt pr i dag tyder p\u00e5 at vi kan f\u00e5 inn ein budsjettmerknad om dette i 2019-budsjettet. Men alt no i haust m\u00e5 vi syne korleis vi skal f\u00e5 bygd huset &#8211; inkludert medieteknisk utstyr &#8211; og ogs\u00e5 dekke kostnader ved ombygging av Hans Str\u00f8m-huset.<\/p>\n<p>Som det g\u00e5r fram av budsjettsaka som st\u00e5r p\u00e5 dagsorden s\u00e5 har vi to alternativ: Anten m\u00e5 vi f\u00e5 ei eiga l\u00f8yving fr\u00e5 Kunnskapsdepartementet, eller s\u00e5 m\u00e5 vi l\u00e5ne fr\u00e5 oss sj\u00f8lve, alts\u00e5 fr\u00e5 avsetningane. N\u00e5r media flyttar ut av Hans Str\u00f8m-huset s\u00e5 m\u00e5 vi bygge om huset. Desse kostnadene kan vi dekke anten ved \u00e5 \u00abl\u00e5ne\u00bb pengar av v\u00e5r eigne avsetningar, eller \u00e5 inng\u00e5 avtale med Statsbygg og dermed betale st\u00f8rre husleige i 30 \u00e5r framover. Dette siste er litt som \u00e5 velge mellom \u00e5 betale med eigenkapital eller med kredittkort &#8211; og m\u00e5 naturlegvis sj\u00e5ast i samanheng med om vi f\u00e5r ei eiga l\u00f8yving til medieteknisk utstyr eller ikkje.<\/p>\n<\/div>\n","protected":false},"excerpt":{"rendered":"<p>Skriftleg versjon av den munnlege orienteringa som rektor gav til h\u00f8gskulestyret, p\u00e5 styrem\u00f8tet 23. oktober 2018.\u00a0Sakslister og sakspapir til m\u00f8tet. Opptaket 2018: Fleire enn 4.000 studentar ogs\u00e5 i 2018 Vi har no levert oversyn over tal studentar p\u00e5 H\u00f8gskulen i Volda hausten 2018. I fjor hadde vi for f\u00f8rste gong over 4.000 studentar med 4.184. &hellip; <a href=\"https:\/\/blogg.hivolda.no\/jr\/2018\/10\/30\/orientering-til-hogskulestyret-23-oktober-2018\/\" class=\"more-link\">Fortsett \u00e5 lese <span class=\"screen-reader-text\">Orientering til h\u00f8gskulestyret 23. oktober 2018<\/span><\/a><\/p>\n","protected":false},"author":13,"featured_media":0,"comment_status":"open","ping_status":"open","sticky":false,"template":"","format":"standard","meta":{"footnotes":""},"categories":[8],"tags":[15],"post_mailing_queue_ids":[],"_links":{"self":[{"href":"https:\/\/blogg.hivolda.no\/jr\/wp-json\/wp\/v2\/posts\/1950"}],"collection":[{"href":"https:\/\/blogg.hivolda.no\/jr\/wp-json\/wp\/v2\/posts"}],"about":[{"href":"https:\/\/blogg.hivolda.no\/jr\/wp-json\/wp\/v2\/types\/post"}],"author":[{"embeddable":true,"href":"https:\/\/blogg.hivolda.no\/jr\/wp-json\/wp\/v2\/users\/13"}],"replies":[{"embeddable":true,"href":"https:\/\/blogg.hivolda.no\/jr\/wp-json\/wp\/v2\/comments?post=1950"}],"version-history":[{"count":10,"href":"https:\/\/blogg.hivolda.no\/jr\/wp-json\/wp\/v2\/posts\/1950\/revisions"}],"predecessor-version":[{"id":1961,"href":"https:\/\/blogg.hivolda.no\/jr\/wp-json\/wp\/v2\/posts\/1950\/revisions\/1961"}],"wp:attachment":[{"href":"https:\/\/blogg.hivolda.no\/jr\/wp-json\/wp\/v2\/media?parent=1950"}],"wp:term":[{"taxonomy":"category","embeddable":true,"href":"https:\/\/blogg.hivolda.no\/jr\/wp-json\/wp\/v2\/categories?post=1950"},{"taxonomy":"post_tag","embeddable":true,"href":"https:\/\/blogg.hivolda.no\/jr\/wp-json\/wp\/v2\/tags?post=1950"}],"curies":[{"name":"wp","href":"https:\/\/api.w.org\/{rel}","templated":true}]}}