{"id":1780,"date":"2018-08-23T12:00:47","date_gmt":"2018-08-23T10:00:47","guid":{"rendered":"http:\/\/blogg.hivolda.no\/jr\/?p=1780"},"modified":"2018-08-23T22:10:36","modified_gmt":"2018-08-23T20:10:36","slug":"forskarskulen-wnger-ii-viktig-for-hogskulen-i-volda","status":"publish","type":"post","link":"https:\/\/blogg.hivolda.no\/jr\/2018\/08\/23\/forskarskulen-wnger-ii-viktig-for-hogskulen-i-volda\/","title":{"rendered":"Forskarskulen WNGER II &#8211; viktig for H\u00f8gskulen i Volda"},"content":{"rendered":"<figure id=\"attachment_1781\" aria-describedby=\"caption-attachment-1781\" style=\"width: 660px\" class=\"wp-caption aligncenter\"><a href=\"http:\/\/blogg.hivolda.no\/jr\/wp-content\/uploads\/sites\/68\/2018\/08\/20180823_1133522.jpg\"><img loading=\"lazy\" decoding=\"async\" class=\"size-large wp-image-1781\" src=\"http:\/\/blogg.hivolda.no\/jr\/wp-content\/uploads\/sites\/68\/2018\/08\/20180823_1133522-1024x768.jpg\" alt=\"\" width=\"660\" height=\"495\" srcset=\"https:\/\/blogg.hivolda.no\/jr\/wp-content\/uploads\/sites\/68\/2018\/08\/20180823_1133522-1024x768.jpg 1024w, https:\/\/blogg.hivolda.no\/jr\/wp-content\/uploads\/sites\/68\/2018\/08\/20180823_1133522-300x225.jpg 300w, https:\/\/blogg.hivolda.no\/jr\/wp-content\/uploads\/sites\/68\/2018\/08\/20180823_1133522-768x576.jpg 768w\" sizes=\"(max-width: 660px) 100vw, 660px\" \/><\/a><figcaption id=\"caption-attachment-1781\" class=\"wp-caption-text\">Voldaforskarar p\u00e5 WNGER-opningskonferanse 2018. Fr\u00e5 venstre Kjartan Leer-Salvesen, Peder Haug, Henriette Hafsaas og Tor-Johan Ekeland.<\/figcaption><\/figure>\n<p><strong>Helsing p\u00e5 opningskonferansen til forskarskulen WNGER II, Bergen, 23.08.2018.<\/strong><\/p>\n<p><a href=\"https:\/\/www.uib.no\/iped\/119357\/offisiell-opning-av-vestlandets-forskarskule-pedagogikk-og-utdanningsforsking-ii-western\">Nettsida til opningskonferansen.<\/a><\/p>\n<div>H\u00f8gskulen i Volda har br\u00e5tt vorte ein liten h\u00f8gskule, sj\u00f8lv om vi ikkje har minka. Det er berre det at dei fleste av de andre har vorte s\u00e5 store. Men vi har passert 4.000 studentar, og Volda er ein ikkje heilt liten studiestad.<\/div>\n<div><\/div>\n<div>I v\u00e5rt fagmilj\u00f8 har vi litt over 200 fagleg tilsette. Litt over halvparten av dei har f\u00f8rstekompetanse og vi har ca\u00a040 som arbeider med doktorgrad. Halvparten av dei er stipendiatar. Den andre halvparten arbeider med doktorgrad innanfor stilling &#8211; mange etter ei fem\u00e5rig ordning vi har innf\u00f8rt for fast tilsette lektorar som \u00f8nskjer \u00e5 ta doktorgrad.<\/div>\n<div><\/div>\n<p><!--more--><\/p>\n<div><\/div>\n<div>Vi er fagleg spissa og fokusert ved at det meste av v\u00e5r verksemd fell innanfor tre hovedomr\u00e5de: L\u00e6rarutdanning og humaniora, sosialfag og samfunnsfag og kultur- og mediefag &#8211; som vi nok er mest kjent for. Vi driv alts\u00e5 ikkje med sjukepleieutdanning, ingeni\u00f8rutdanning eller dei klassiske \u00f8k.adm-faga som alle andre DH-skular enn DH-skulen i Volda hadde.<\/div>\n<div><\/div>\n<div>Satsingsomr\u00e5da er l\u00e6rarutdanning, mediefag og phd i helse- og sosialfag.<\/div>\n<div><\/div>\n<div>S\u00e5 WNGER er innertiar i h\u00f8ve til alle v\u00e5re fag- og satsingsomr\u00e5de.<\/div>\n<div><\/div>\n<div>B\u00e5de f\u00f8r vi vart sm\u00e5 og i \u00e5ra framover s\u00e5 er vi b\u00e5de interesserte i &#8211; og avhengig av samarbeid med andre UH-institusjonar for \u00e5 utvikle oss fagleg &#8211; p\u00e5 alle plan. Og eg h\u00e5per og trur det er til felles nytte og kanskje ogs\u00e5 glede?<\/div>\n<div><\/div>\n<div>Og WNGER har i grunnen gitt mykje glede s\u00e5 langt, har eg inntrykk av!<\/div>\n<div><\/div>\n<div>WNGER passar godt inn i samarbeidet innanfor UH Nett Vest &#8211; men ogs\u00e5 v\u00e5r samarbeidsavtale med Universitetet i Bergen, der forskarutdanning er s\u00e6rleg nemnt.<\/div>\n<div><\/div>\n<div>Forskarskular er eigentleg eit nytt fenomen i norsk akademia, som vi har f\u00e5tt h\u00f8yre f\u00f8r i dag. Det er ogs\u00e5 eit nytt fenomen at h\u00f8gskulane skulle drive med forsking, forskarutdanning, doktorgradsutdanning.<\/div>\n<div><\/div>\n<div>F\u00f8r 1994 m\u00e5tte vi i Volda improvisere og finne alternative framgangsm\u00e5ter for \u00e5 tilby tilsette ein veg fram mot forskarutdanning. Det fekk vi til gjennom eit\u00a0samarbeid med det d\u00e5verande Universitetet i Trondheim og f\u00e5tt l\u00e5ne den svenske professoren Urban Dahll\u00f8f, som p\u00e5 f\u00e5 \u00e5r fekk fram eit knippe \u00a0doktorandar ved H\u00f8gskulen i Volda, der dei fleste disputerte i Trondheim. Vi brukte v\u00e5rt regionale forskingsinstitutt M\u00f8reforsking som verkt\u00f8y for \u00e5 gjere det som ikkje h\u00f8gskulen sj\u00f8lv kunne eller fekk lov til \u00e5 gjere.<\/div>\n<div><\/div>\n<div>I 1997 tok eg sj\u00f8lv til p\u00e5 mitt doktorgradsarbeid, og no var det Universitetet i Bergen som var samarbeidsparten etter ein konstruksjon som Gudmund Hernes var opphav til: Norgesnettet. Her hadde H\u00f8gskulen i Volda f\u00e5tt status som knutepunkt i mediefag og p\u00e5 nynorsk, og fekk dermed tilgang p\u00e5 stipendiatar p\u00e5 desse omr\u00e5da. Og stipendiatstillingane l\u00e5g ved Universitetet i Bergen. S\u00e5 eg var\u00a0\u00a0stasjonert ved H\u00f8gskulen i Volda, men resten stod Universitetet i Bergen for: Der fekk eg opptak som doktorgradsstudent og fekk dermed rettleiar og tilbod om doktorgradskurs. Ja eg fekk til og med litt l\u00f8nn!<\/div>\n<div><\/div>\n<div>D\u00e5 eg disputerte skjedde det i 2003 ved H\u00f8gskulen i Volda &#8211; vi hadde faktisk to disputasar i Volda. Men det tykte ikkje Universitetet i Bergen var h\u00f8velege lokale for stipendiatar fr\u00e5 UiB, s\u00e5 det vart med dei to Norgesnettstipendiatane i mediefag. Men i 2019 eller 2020 h\u00e5per eg vi f\u00e5r v\u00e5r f\u00f8rste, eigne disputas i Volda. P\u00e5 v\u00e5rt felles program i lag med H\u00f8gskolen i Molde. Kanskje kan vi d\u00e5 reknast som vaksne, s\u00e5nn i akademisk forstand?<\/div>\n<div><\/div>\n<div>Vi har alts\u00e5 g\u00e5tt fr\u00e5 improvisasjon og hybridl\u00f8ysingar til \u00e5 bli ein partnar. Og vi vil arbeide for \u00e5 bli ein positiv og fagleg god partnar i doktorgradsutdanning.<\/div>\n<div><\/div>\n<div>Vi er framleis i utvikling &#8211; og gler oss til vidare fagleg utvikling i framtida.<\/div>\n<div><\/div>\n<div>Professor Tor-Johan Ekeland, leiar i det felles doktorgradsutvalet for H\u00f8gskolen i Molde og H\u00f8gskulen i Volda seie meir om v\u00e5rt eige doktorgradsprogram seinare.<\/div>\n<div><\/div>\n<div>Men v\u00e5re stipendiatar reiser til Bergen, Oslo, Trondheim, Stavanger eller Agder. B\u00e5de for \u00e5 f\u00e5 rettleiing og gjennomf\u00f8re disputas. Vi i rektoratet f\u00e5r med oss alle disputasar &#8211; for det er framleis ei storhending p\u00e5 H\u00f8gskulen i Volda n\u00e5r ein av v\u00e5re tilsette disputerer.<\/div>\n<div><\/div>\n<div>Korleis passar s\u00e5 forskarskulen inn hos oss?<\/div>\n<div><\/div>\n<ul>\n<li>Eg vil for det f\u00f8rste seie at det er utruleg spennande \u00e5 f\u00e5 vere med p\u00e5 \u00e5 sj\u00e5 korleis ideene i \u00a0forskarskulen har utvikla seg, og vi har fr\u00e5 f\u00f8rste dag kjent oss som ein part som blir sett pris p\u00e5 i samarbeidet, og vi h\u00f8yrde at B\u00e5rd M\u00e6land fr\u00e5 VID hadde akkurat det same opplevinga. Bra!<\/li>\n<\/ul>\n<div><\/div>\n<ul>\n<li>For det andre vil eg seie at den generiske og dermed tverrfaglege tiln\u00e6rminga i WNGER er sv\u00e6rt verdifull. For oss som driv med samfunnsfag og humaniora, s\u00e6rleg inn mot profesjonsutdanninger har tverrfagleg arbeid og tverrprofesjonelt samarbeid vore ein sj\u00f8lvsagt del av kvardagen. Men det sj\u00f8lvsagde kan vere farleg om det blir ein vane. Eg h\u00e5per at arenaene til WNGER kan verke som ein stimulerande og utviklande arena for tverrefagleg l\u00e6ring. P\u00e5 tvers av fagomr\u00e5de, profesjonar og vitskapssyn.<\/li>\n<\/ul>\n<div><\/div>\n<ul>\n<li>For det tredje s\u00e5 er eg glad for at vi integrert i forskarskulen &#8211; og ogs\u00e5 i ettermiddag har fokus p\u00e5 rettleiarrolla &#8211; i takt med at vi har f\u00e5tt st\u00f8rre og st\u00f8rre mulegheiter og dermed ogs\u00e5 faglege krav er det \u00e5 utvikle rettleiararne n\u00f8dvendig for \u00e5 utvikle doktorandane.<\/li>\n<\/ul>\n<div><\/div>\n<div>Vi har ei anna kompetansebyggande ordning i Volda: Tilsette kan f\u00e5 professor- eller dosentstipend, og f\u00e5r d\u00e5 inntil 3 \u00e5rs FoU-tid fordelt p\u00e5 5 \u00e5r for \u00e5 kvalifisere seg til professor eller dosent. Det er sv\u00e6rt aktuelt for oss \u00e5 kople desse ambisi\u00f8se fagfolka p\u00e5 WNGER &#8211; vi \u00f8nskjer jo at dei skal rettleie stipendiatar i framtida, og d\u00e5 er rettleiarkurs sv\u00e6rt aktuelt.<\/div>\n<div><\/div>\n<div>Det gjer Volda bedre &#8211; og d\u00e5 kan vi vere med p\u00e5 \u00e5 gjere andre betre.<\/div>\n<div><\/div>\n<div>Avslutningsvis s\u00e5 vil eg seie nokre ord til dei som lurer p\u00e5 om det verkeleg trengst eigne forskarskular og rettleiarkurs. Er ikkje det \u00e5 studere p\u00e5 h\u00f8gste niv\u00e5 ein einsam jobb og s\u00e6rt prosjekt noko s\u00e6rt som ingen andre kan ellet b\u00f8r involverast i? Og gjeld ikkje det ogs\u00e5 rettleiarane og leiarar for forskingsgrupper?<\/div>\n<div><\/div>\n<div>\u00d8ystein Lund fr\u00e5 NOKUT sa det i grunnen veldig fint: Vi m\u00e5 bort fr\u00e5 stress- og redselsstyrt l\u00e6ring. Ogs\u00e5 p\u00e5 doktorgradsniv\u00e5. Rune Krumsvik understreka ogs\u00e5 st\u00f8tteperspektivet i sitt innlegg. Det er betryggande.<\/div>\n<div><\/div>\n<div>N\u00e5r det gjeld behov for kurs til forskingsleiarar og rettleiarar, s\u00e5 kan det passe \u00e5 minne om det gamle jungelordet:<\/div>\n<div><\/div>\n<blockquote>\n<div>Om du trur du er utl\u00e6rt,<\/div>\n<div>s\u00e5 er du ikkje l\u00e6rd,<\/div>\n<div>men ute.<\/div>\n<\/blockquote>\n<div><\/div>\n<div>Det burde vere nok \u00e5 nemnde den digitale utvikling for \u00e5 forst\u00e5 at det skjer ting rundt oss som ogs\u00e5 dei med h\u00f8gast formell kompetanse kan trenge \u00e5 f\u00e5 p\u00e5fyll p\u00e5. Og ogs\u00e5 her viser WNGER lovande takter. Ogs\u00e5 p\u00e5 denne opninga.<\/div>\n<div><\/div>\n<div>Lukke til vidare med WNGER &#8211; b\u00e5de de som er ansvarlege &#8211; og dei mange som kjem til \u00e5 f\u00f8lgje forskarskulen i \u00e5ra som kjem.<\/div>\n<div><\/div>\n<div>\n<figure id=\"attachment_1790\" aria-describedby=\"caption-attachment-1790\" style=\"width: 660px\" class=\"wp-caption aligncenter\"><a href=\"http:\/\/blogg.hivolda.no\/jr\/wp-content\/uploads\/sites\/68\/2018\/08\/20180823_11550003.jpg\"><img loading=\"lazy\" decoding=\"async\" class=\"size-large wp-image-1790\" src=\"http:\/\/blogg.hivolda.no\/jr\/wp-content\/uploads\/sites\/68\/2018\/08\/20180823_11550003-1024x768.jpg\" alt=\"\" width=\"660\" height=\"495\" srcset=\"https:\/\/blogg.hivolda.no\/jr\/wp-content\/uploads\/sites\/68\/2018\/08\/20180823_11550003-1024x768.jpg 1024w, https:\/\/blogg.hivolda.no\/jr\/wp-content\/uploads\/sites\/68\/2018\/08\/20180823_11550003-300x225.jpg 300w, https:\/\/blogg.hivolda.no\/jr\/wp-content\/uploads\/sites\/68\/2018\/08\/20180823_11550003-768x576.jpg 768w\" sizes=\"(max-width: 660px) 100vw, 660px\" \/><\/a><figcaption id=\"caption-attachment-1790\" class=\"wp-caption-text\">Tor-Johan Ekeland (t.v.) og Rune Krumsvik i Universitetsaulaen i Bergen.<\/figcaption><\/figure>\n<\/div>\n<div><\/div>\n<div><a href=\"http:\/\/blogg.hivolda.no\/jr\/wp-content\/uploads\/sites\/68\/2018\/08\/94993061-04A7-4885-AF9A-EACF491F9B3B.jpeg\"><img loading=\"lazy\" decoding=\"async\" class=\"aligncenter size-large wp-image-1788\" src=\"http:\/\/blogg.hivolda.no\/jr\/wp-content\/uploads\/sites\/68\/2018\/08\/94993061-04A7-4885-AF9A-EACF491F9B3B-1024x854.jpeg\" alt=\"\" width=\"660\" height=\"550\" srcset=\"https:\/\/blogg.hivolda.no\/jr\/wp-content\/uploads\/sites\/68\/2018\/08\/94993061-04A7-4885-AF9A-EACF491F9B3B-1024x854.jpeg 1024w, https:\/\/blogg.hivolda.no\/jr\/wp-content\/uploads\/sites\/68\/2018\/08\/94993061-04A7-4885-AF9A-EACF491F9B3B-300x250.jpeg 300w, https:\/\/blogg.hivolda.no\/jr\/wp-content\/uploads\/sites\/68\/2018\/08\/94993061-04A7-4885-AF9A-EACF491F9B3B-768x641.jpeg 768w\" sizes=\"(max-width: 660px) 100vw, 660px\" \/><\/a><\/div>\n","protected":false},"excerpt":{"rendered":"<p>Helsing p\u00e5 opningskonferansen til forskarskulen WNGER II, Bergen, 23.08.2018. Nettsida til opningskonferansen. H\u00f8gskulen i Volda har br\u00e5tt vorte ein liten h\u00f8gskule, sj\u00f8lv om vi ikkje har minka. Det er berre det at dei fleste av de andre har vorte s\u00e5 store. Men vi har passert 4.000 studentar, og Volda er ein ikkje heilt liten studiestad. &hellip; <a href=\"https:\/\/blogg.hivolda.no\/jr\/2018\/08\/23\/forskarskulen-wnger-ii-viktig-for-hogskulen-i-volda\/\" class=\"more-link\">Fortsett \u00e5 lese <span class=\"screen-reader-text\">Forskarskulen WNGER II &#8211; viktig for H\u00f8gskulen i Volda<\/span><\/a><\/p>\n","protected":false},"author":13,"featured_media":0,"comment_status":"open","ping_status":"open","sticky":false,"template":"","format":"standard","meta":{"footnotes":""},"categories":[8],"tags":[125,96,28,104,26,123,124],"post_mailing_queue_ids":[],"_links":{"self":[{"href":"https:\/\/blogg.hivolda.no\/jr\/wp-json\/wp\/v2\/posts\/1780"}],"collection":[{"href":"https:\/\/blogg.hivolda.no\/jr\/wp-json\/wp\/v2\/posts"}],"about":[{"href":"https:\/\/blogg.hivolda.no\/jr\/wp-json\/wp\/v2\/types\/post"}],"author":[{"embeddable":true,"href":"https:\/\/blogg.hivolda.no\/jr\/wp-json\/wp\/v2\/users\/13"}],"replies":[{"embeddable":true,"href":"https:\/\/blogg.hivolda.no\/jr\/wp-json\/wp\/v2\/comments?post=1780"}],"version-history":[{"count":8,"href":"https:\/\/blogg.hivolda.no\/jr\/wp-json\/wp\/v2\/posts\/1780\/revisions"}],"predecessor-version":[{"id":1791,"href":"https:\/\/blogg.hivolda.no\/jr\/wp-json\/wp\/v2\/posts\/1780\/revisions\/1791"}],"wp:attachment":[{"href":"https:\/\/blogg.hivolda.no\/jr\/wp-json\/wp\/v2\/media?parent=1780"}],"wp:term":[{"taxonomy":"category","embeddable":true,"href":"https:\/\/blogg.hivolda.no\/jr\/wp-json\/wp\/v2\/categories?post=1780"},{"taxonomy":"post_tag","embeddable":true,"href":"https:\/\/blogg.hivolda.no\/jr\/wp-json\/wp\/v2\/tags?post=1780"}],"curies":[{"name":"wp","href":"https:\/\/api.w.org\/{rel}","templated":true}]}}