{"id":1757,"date":"2018-08-14T12:00:32","date_gmt":"2018-08-14T10:00:32","guid":{"rendered":"http:\/\/blogg.hivolda.no\/jr\/?p=1757"},"modified":"2018-08-14T17:14:27","modified_gmt":"2018-08-14T15:14:27","slug":"velkomsttale-studiearet-2018-2019-velkomen-til-volda-til-vatn-og-til-verda","status":"publish","type":"post","link":"https:\/\/blogg.hivolda.no\/jr\/2018\/08\/14\/velkomsttale-studiearet-2018-2019-velkomen-til-volda-til-vatn-og-til-verda\/","title":{"rendered":"Velkomsttale studie\u00e5ret 2018-2019: Velkomen til Volda, til vatn og til verda"},"content":{"rendered":"<figure id=\"attachment_1765\" aria-describedby=\"caption-attachment-1765\" style=\"width: 660px\" class=\"wp-caption aligncenter\"><a href=\"http:\/\/blogg.hivolda.no\/jr\/wp-content\/uploads\/sites\/68\/2018\/08\/Side-Brok-stor-forsamling.jpg\"><img loading=\"lazy\" decoding=\"async\" class=\"size-large wp-image-1765\" src=\"http:\/\/blogg.hivolda.no\/jr\/wp-content\/uploads\/sites\/68\/2018\/08\/Side-Brok-stor-forsamling-1024x768.jpg\" alt=\"\" width=\"660\" height=\"495\" srcset=\"https:\/\/blogg.hivolda.no\/jr\/wp-content\/uploads\/sites\/68\/2018\/08\/Side-Brok-stor-forsamling-1024x768.jpg 1024w, https:\/\/blogg.hivolda.no\/jr\/wp-content\/uploads\/sites\/68\/2018\/08\/Side-Brok-stor-forsamling-300x225.jpg 300w, https:\/\/blogg.hivolda.no\/jr\/wp-content\/uploads\/sites\/68\/2018\/08\/Side-Brok-stor-forsamling-768x576.jpg 768w\" sizes=\"(max-width: 660px) 100vw, 660px\" \/><\/a><figcaption id=\"caption-attachment-1765\" class=\"wp-caption-text\">Velkomen til semesteropning 2018.<\/figcaption><\/figure>\n<p><a href=\"http:\/\/blogg.hivolda.no\/jr\/2018\/08\/14\/volda-university-college-2018-rectors-opening-speech-welcome-to-volda-to-water-and-the-world\/\">The speech in English.<\/a><\/p>\n<p>Tusen takk til elevar og l\u00e6rarar p\u00e5 \u00d8yra skule &#8211; v\u00e5r n\u00e6raste partnar i utdanning like over gjerdet! Takk ogs\u00e5 til rapparane Side Brok! Vi gler oss til \u00e5 h\u00f8yre meir av dei!<\/p>\n<p>I Volda \u00f8nskjer vi \u00e5 sette studenten i sentrum &#8211; og viser det ogs\u00e5 p\u00e5 denne opninga ved at dei fleste som st\u00e5r p\u00e5 denne scena her i dag er noverande, tidlegare &#8211; og vonleg framtidige studentar ved H\u00f8gskulen i Volda.<\/p>\n<p>Fylkesmann. Inviterte gjester. Tilsette ved H\u00f8gskulen i Volda: Som rektor p\u00e5 H\u00f8gskulen i Volda er eg takksam for at de har kome hit i dag for \u00e5 ta i mot dagens hovudpersonar: Nemleg dei nye studentane! Velkomne til Volda!<\/p>\n<p><!--more--><\/p>\n<p>P\u00e5 H\u00f8gskulen i Volda vil de m\u00f8te opne d\u00f8rer. G\u00e5 gjennom dei. M\u00f8t nye menneske. Skap ei ny framtid i lag med oss. I lag med dine framtidige medstudentar. L\u00e6rarar. Og alle andre som har med h\u00f8gskulen \u00e5 gjere.<\/p>\n<p>Eg er ogs\u00e5 glad for at mange kommunar i Nordfjord og Sunnm\u00f8re er representerte her i dag. Vi \u00f8nskjer \u00e5 vere ein h\u00f8gskule for heile regionen &#8211; og det er v\u00e5rt m\u00e5l at heile regionen skal kjenne H\u00f8gskulen i Volda som sin h\u00f8gskule. B\u00e5de p\u00e5 ein festdag som i dag &#8211; og i det daglege arbeidet. Og ferdige kandidatar fr\u00e5 H\u00f8gskulen i Volda vil ogs\u00e5 i framtida vere attraktive arbeidstakarar for arbeidslivet i regionen.<\/p>\n<p>Nye studentar kan gjerne f\u00e5 ei lita p\u00e5minning om at Sunnm\u00f8re og Nordfjord har reisem\u00e5l i verdsklasse: Geirangerfjorden st\u00e5r p\u00e5 UNESCOS verdsarvliste. Andre reisem\u00e5l er Fl\u00f8, Runde, Stadlandet, Ervika, Stryn, Jostedalsbreen, Jugendbyen \u00c5lesund og ikkje minst sunnm\u00f8rsalpane og Hj\u00f8rundfjorden.<\/p>\n<p>A particular welcome to all new international students who are here today. Also, welcome back to those who have returned to Volda for another academic year.<br \/>\nInternational students, international staff and guest lecturers, and our many international student festivals, add an extra dimension to our college and our community as a whole. It makes Volda that much more interesting and colorful. We are very happy that so many new international students have chosen to study here with us.<\/p>\n<p>I encourage all students and faculty members to take full advantage of the possibilities that lie in our diverse student body. When you engage with people from other backgrounds, you may see your academic field, and the world in general, from a new perspective. At Volda University College you can meet the world, its cultures, customs and languages without actually leaving Volda. You just have to stop by the desk and chairs of Pangaia, the international meeting place located in the Berte Kanutte building behind me. Remember that Pangaia and all the events it hosts are open to all, not just international students.<br \/>\nWe are glad to see that the number of international students is increasing steadily. We are at the top among universities and colleges in Norway in terms of outgoing student numbers. Close to 1 out of 4 graduates have spent a semester abroad as a part of their degree. In addition to established partners in Europe, the United States and Australia, we are sending our first students on exchange to new partner universities in South Korea and Chile. So it is true that when you study in Volda, you have the world at your feet.<\/p>\n<p>&nbsp;<\/p>\n<figure id=\"attachment_1763\" aria-describedby=\"caption-attachment-1763\" style=\"width: 660px\" class=\"wp-caption aligncenter\"><a href=\"http:\/\/blogg.hivolda.no\/jr\/wp-content\/uploads\/sites\/68\/2018\/08\/uten-tittel.jpg\"><img loading=\"lazy\" decoding=\"async\" class=\"size-large wp-image-1763\" src=\"http:\/\/blogg.hivolda.no\/jr\/wp-content\/uploads\/sites\/68\/2018\/08\/uten-tittel-1024x691.jpg\" alt=\"\" width=\"660\" height=\"445\" srcset=\"https:\/\/blogg.hivolda.no\/jr\/wp-content\/uploads\/sites\/68\/2018\/08\/uten-tittel-1024x691.jpg 1024w, https:\/\/blogg.hivolda.no\/jr\/wp-content\/uploads\/sites\/68\/2018\/08\/uten-tittel-300x203.jpg 300w, https:\/\/blogg.hivolda.no\/jr\/wp-content\/uploads\/sites\/68\/2018\/08\/uten-tittel-768x518.jpg 768w, https:\/\/blogg.hivolda.no\/jr\/wp-content\/uploads\/sites\/68\/2018\/08\/uten-tittel.jpg 1200w\" sizes=\"(max-width: 660px) 100vw, 660px\" \/><\/a><figcaption id=\"caption-attachment-1763\" class=\"wp-caption-text\">&laquo;Uten tittel&raquo;. Skulptur av Per Inge Bj\u00f8rlo. Foto: Jaro Hollan.<\/figcaption><\/figure>\n<p>P\u00e5 skjermen til h\u00f8gre ser de bilde av ein skulptur. Den vart laga av Per Inge Bj\u00f8rlo i 1998. Den st\u00e5r p\u00e5 den andre sida av dette huset &#8211; bak meg. <a href=\"https:\/\/digitaltmuseum.no\/011042531119\/uten-tittel-skulptur\">Skulpturen har tittelen: \u00abUtan tittel\u00bb<\/a>. Den svevar liksom litt over bakken.<\/p>\n<p>Men la oss seie at den ogs\u00e5 kan vere eit vassmolekyl. Vatn, regn og skodde har vi hatt nok av i Volda, men ikkje akkurat brukt det som turistreklame &#8211; eller som reklame for \u00e5 dra nye studentar.<\/p>\n<p>Men etter ein sommar og v\u00e5r, der v\u00e5r verd har vore varm, vorte varmare enn vi kanskje likar. Der skogbrannar og vassmangel har vorte samtaletema. S\u00e5 har det \u00e5 bli v\u00e5t av kj\u00f8lig regn vorte ei velkomen g\u00e5ve fr\u00e5 himmelen. Slik kjendest i alle fall ut d\u00e5 eg gjekk heim fr\u00e5 h\u00f8gskulen i f\u00f8rre veke og vart skikkeleg, deilig v\u00e5t i h\u00e5ret og ansiktet.<\/p>\n<p>Skulpturen til Bj\u00f8rlo er laga rustfritt, syrebehandla sveisa st\u00e5l. Sandbl\u00e5st, blank og fin, men liknar kanskje litt p\u00e5 ei sv\u00e6r bombe. I ei framtid der vatn blir ein knapp ressurs b\u00e5de for straumprodusentar og i v\u00e5r daglege bruk, s\u00e5 ser vi ogs\u00e5 ei verd der vatn blir eit v\u00e5pen &#8211; kanske sterkare og styggare enn vanlege v\u00e5pen i st\u00e5l.<\/p>\n<p>Millionar kan kome til \u00e5 d\u00f8y av vassmangel. Kanskje kjem ingen nokon gong til \u00e5 d\u00f8y av hydrogenbomber.<\/p>\n<p>Kva rolle har ein h\u00f8gskule med sin l\u00e6rarar og studentar i ei slik verd?<br \/>\nDen naturvitskaplege kunnskapen om vatnet, om milj\u00f8et, om klimaendringar: Den har vi. Den har vi hatt lenge. Men det betyr diverre ikkje at vi har vore i stand til \u00e5 ta det inn over oss eller \u00e5 gjere dei rette vala. Det trengst difor ogs\u00e5 andre typar av kunnskapar og dugleikar for at menneske skal l\u00e6re, tenkje og endre seg.<\/p>\n<p>Og her er det faktisk slik at alle h\u00f8gskulens fagomr\u00e5de &#8211; alle v\u00e5re studentar &#8211; kan ha ei rolle. Kva skal vi fortelje barna v\u00e5re &#8211; i barnehagen og i skulen? Kva skal vi formidle gjennom litteratur- kunst- og kulturuttrykk? Kva er dei viktige sp\u00f8rsm\u00e5la som massemedia tek opp? Korleis skal samfunnet og offentleg forvaltning planleggast og utf\u00f8rast? Kva kan vi l\u00e6re av historia? Eller i sum: Kva kunnskap er det vi skal formidle? Kva m\u00e5te skal vi gjere det p\u00e5 slik at b\u00e5de vi og alle andre kan l\u00e6re, leve og oppleve. F\u00e5 ny kunnskap, ta samfunnsutfordringane inn over oss?<\/p>\n<p>Dette er sp\u00f8rsm\u00e5l som alle de som no blir studentar ved H\u00f8gskulen i Volda vil bruke \u00e5r av dykkar liv p\u00e5 \u00e5 studere her p\u00e5 h\u00f8gskulen &#8211; og i yrkeslivet etterp\u00e5. Og som ogs\u00e5 er viktig for oss som samfunnsborgarar, som opplyste og danna menneske.<\/p>\n<p>Alle makthavarar veit at den oppveksande slekta og kva som er rett og gale vert p\u00e5verka av det som blir l\u00e6rt i skulen, formidla i kunst og kultur, gjennom massemedia og nedfelt i lov og rett og offentleg forvaltning. Og det vi ser rundt oss i verda er at i mange land vert sentrale samfunnsinstitusjonar sett under press, og b\u00e5de forsking, l\u00e6reb\u00f8ker, media og kunst blir fors\u00f8kt styrt av makthavarar sine ikkje-vitskaplege fordommar og brutale politiske m\u00e5l.<br \/>\nOg sj\u00f8lve ideen om at dette er greit &#8211; det autorit\u00e6re samfunn &#8211; kryp n\u00e6rare og er kanskje i ferd med \u00e5 bli normalisert. Det er ikkje n\u00f8dvendig \u00e5 reise heilt til Kina eller Iran for \u00e5 m\u00f8te det. Det er berre ei lita flyreise eller ein helgetur til Polen, Ungarn, Russland &#8211; eller kanskje Italia.<\/p>\n<p>Som h\u00f8gskule \u00f8nskjer og m\u00e5 vi ogs\u00e5 gjere v\u00e5rt for milj\u00f8et. Og det gjer vi.<\/p>\n<ul>\n<li>Vi har f\u00e5tt p\u00e5 plass eitt av dei st\u00f8rste solcellepanela i M\u00f8re og Romsdal opp p\u00e5 taket av huset bak meg &#8211; Berte Kanutte-huset.<\/li>\n<li>Vi har nettopp vorte sertifisert som milj\u00f8fyrt\u00e5rn, som betyr at vi skal ha milj\u00f8perspektiv p\u00e5 drift og planar.<\/li>\n<li>Og vi er i ferd med \u00e5 starte opp milj\u00f8samarbeid med dei andre h\u00f8gskulane i M\u00f8re og Romsdal i prosjektet \u00abGr\u00f8n campus\u00bb.<\/li>\n<\/ul>\n<p>No har eg snakka mykje om det \u00e5 studere, formidle og samskape &#8211; for resten av livet. Men det f\u00f8rste som skal skje er at de skal bli studentar &#8211; m\u00f8te l\u00e6rarane og bli kjent med nye folk.<\/p>\n<p>Vi har over hundre studentfadderar som skal legge til rette for dykk.<br \/>\nHar vi dei her? Kan dei bruke utestemme, og rope og klappe s\u00e5 aller ser kven som er fadderar?<\/p>\n<p>Studentfadderane vil ta over her p\u00e5 scena ca kl 12.45 og vil deretter hjelpe alle nye studentar med \u00e5 finne fram til sine klasserom der dei vil m\u00f8te l\u00e6rarar &#8211; som er minst like spente som studentane f\u00f8r dette nye studie\u00e5ret.<\/p>\n<p>Til slutt vil eg seie to ting som ligg meg sterkt p\u00e5 hjarta \u00e5 f\u00e5 fram:<\/p>\n<p>Ha opne d\u00f8rer mellom kvarandre. Ta vare p\u00e5 kvarandre. Bry deg om dine medstudentar. Ta ansvar. Sp\u00f8r korleis folk har det. Og bry deg om svaret.<\/p>\n<p>Det var det eine. Det andre er dette:<\/p>\n<p>Vi har verdas vakraste natur: Skarpe tindar, ville vindar, reint vatn i store mengder &#8211; b\u00e5de p\u00e5 hav, p\u00e5 land &#8211; og ovanfr\u00e5.<\/p>\n<p>Men fjord- og kystbygdene v\u00e5re er berre ei smal trygg stripe mellom eit av verdas villaste og vakraste hav p\u00e5 den eine sida og farleg fine tindar p\u00e5 den andre sida.<br \/>\nS\u00e5 g\u00e5 ut av d\u00f8ra. Bruk naturen. Bruk havet. Bruk sn\u00f8en. Men bruk f\u00f8rst og fremst vitet.<\/p>\n<p>Ta vare p\u00e5 deg sj\u00f8lv og andre. Skaff deg kunnskapen som trengst for \u00e5 ferdast trygt og vit kva du gjer.<\/p>\n<p>Gled dykk til Volda! Volda gler seg til dykk! Og om kort tid vil de oppleve at de er ein viktig del av Volda.<\/p>\n<p>Lukke til med studie\u00e5ra i Volda!<\/p>\n<p>&nbsp;<\/p>\n<figure id=\"attachment_1767\" aria-describedby=\"caption-attachment-1767\" style=\"width: 660px\" class=\"wp-caption aligncenter\"><a href=\"http:\/\/blogg.hivolda.no\/jr\/wp-content\/uploads\/sites\/68\/2018\/08\/Roppen-Mah-Rukh-Ali.jpg\"><img loading=\"lazy\" decoding=\"async\" class=\"wp-image-1767 size-large\" src=\"http:\/\/blogg.hivolda.no\/jr\/wp-content\/uploads\/sites\/68\/2018\/08\/Roppen-Mah-Rukh-Ali-1024x768.jpg\" alt=\"\" width=\"660\" height=\"495\" srcset=\"https:\/\/blogg.hivolda.no\/jr\/wp-content\/uploads\/sites\/68\/2018\/08\/Roppen-Mah-Rukh-Ali-1024x768.jpg 1024w, https:\/\/blogg.hivolda.no\/jr\/wp-content\/uploads\/sites\/68\/2018\/08\/Roppen-Mah-Rukh-Ali-300x225.jpg 300w, https:\/\/blogg.hivolda.no\/jr\/wp-content\/uploads\/sites\/68\/2018\/08\/Roppen-Mah-Rukh-Ali-768x576.jpg 768w\" sizes=\"(max-width: 660px) 100vw, 660px\" \/><\/a><figcaption id=\"caption-attachment-1767\" class=\"wp-caption-text\">Talarar p\u00e5 semesteropnigna 2018: Mah-Rukh Ali og Johann Roppen.<\/figcaption><\/figure>\n","protected":false},"excerpt":{"rendered":"<p>The speech in English. Tusen takk til elevar og l\u00e6rarar p\u00e5 \u00d8yra skule &#8211; v\u00e5r n\u00e6raste partnar i utdanning like over gjerdet! Takk ogs\u00e5 til rapparane Side Brok! Vi gler oss til \u00e5 h\u00f8yre meir av dei! I Volda \u00f8nskjer vi \u00e5 sette studenten i sentrum &#8211; og viser det ogs\u00e5 p\u00e5 denne opninga ved &hellip; <a href=\"https:\/\/blogg.hivolda.no\/jr\/2018\/08\/14\/velkomsttale-studiearet-2018-2019-velkomen-til-volda-til-vatn-og-til-verda\/\" class=\"more-link\">Fortsett \u00e5 lese <span class=\"screen-reader-text\">Velkomsttale studie\u00e5ret 2018-2019: Velkomen til Volda, til vatn og til verda<\/span><\/a><\/p>\n","protected":false},"author":13,"featured_media":0,"comment_status":"open","ping_status":"open","sticky":false,"template":"","format":"standard","meta":{"footnotes":""},"categories":[8],"tags":[],"post_mailing_queue_ids":[],"_links":{"self":[{"href":"https:\/\/blogg.hivolda.no\/jr\/wp-json\/wp\/v2\/posts\/1757"}],"collection":[{"href":"https:\/\/blogg.hivolda.no\/jr\/wp-json\/wp\/v2\/posts"}],"about":[{"href":"https:\/\/blogg.hivolda.no\/jr\/wp-json\/wp\/v2\/types\/post"}],"author":[{"embeddable":true,"href":"https:\/\/blogg.hivolda.no\/jr\/wp-json\/wp\/v2\/users\/13"}],"replies":[{"embeddable":true,"href":"https:\/\/blogg.hivolda.no\/jr\/wp-json\/wp\/v2\/comments?post=1757"}],"version-history":[{"count":9,"href":"https:\/\/blogg.hivolda.no\/jr\/wp-json\/wp\/v2\/posts\/1757\/revisions"}],"predecessor-version":[{"id":1777,"href":"https:\/\/blogg.hivolda.no\/jr\/wp-json\/wp\/v2\/posts\/1757\/revisions\/1777"}],"wp:attachment":[{"href":"https:\/\/blogg.hivolda.no\/jr\/wp-json\/wp\/v2\/media?parent=1757"}],"wp:term":[{"taxonomy":"category","embeddable":true,"href":"https:\/\/blogg.hivolda.no\/jr\/wp-json\/wp\/v2\/categories?post=1757"},{"taxonomy":"post_tag","embeddable":true,"href":"https:\/\/blogg.hivolda.no\/jr\/wp-json\/wp\/v2\/tags?post=1757"}],"curies":[{"name":"wp","href":"https:\/\/api.w.org\/{rel}","templated":true}]}}