{"id":1685,"date":"2018-04-20T12:49:16","date_gmt":"2018-04-20T10:49:16","guid":{"rendered":"http:\/\/blogg.hivolda.no\/jr\/?p=1685"},"modified":"2018-04-20T12:49:16","modified_gmt":"2018-04-20T10:49:16","slug":"hogskular-flest-er-i-kina","status":"publish","type":"post","link":"https:\/\/blogg.hivolda.no\/jr\/2018\/04\/20\/hogskular-flest-er-i-kina\/","title":{"rendered":"H\u00f8gskular flest er i Kina"},"content":{"rendered":"<p>Nettavisa Khrono tok kontakt med meg i samband med at over 200 representantar fr\u00e5 h\u00f8gskular og universitet reiste til Kina p\u00e5 offisielt bes\u00f8k i lag med Kunnskapsministeren og Kunnskapsdepartementet, blant anna dei fleste h\u00f8gskulerektorane.<\/p>\n<p>Sidan dei fleste rektorar deltok p\u00e5 reisa lurte Khrono p\u00e5 kvifor eg ikkje deltok. Det kort svaret mitt er sitert i Khrono (her omsett tilbake til nynorsk):<\/p>\n<blockquote><p>\u2014 Vi er ein spissa og profilert h\u00f8gskule og v\u00e5re fagomr\u00e5de var i liten grad tema p\u00e5 denne turen. Viss akademisk fridom, ytringsfridom og minoritetsspr\u00e5k blir tema for seinere turar skal vi vurdere \u00e5 bli med, seir Roppen til Khrono.<\/p><\/blockquote>\n<p>Eg har f\u00e5tt fleire positive kommentarar fr\u00e5 tilsette og leiarar p\u00e5 HVO for denne korte kommentaren, og gjennomgangsmelodien var at dette var ei haldning som HVO kunne st\u00e5 for. Det er eg glad for. H\u00f8gskulen i Volda er og skal vere internasjonalt orientert, men ogs\u00e5 ei kritisk r\u00f8yst i samfunns- og utdanningsdebatten.\u00a0Vi skal ikkje vere redde for \u00e5 seie fr\u00e5 om at det ogs\u00e5 var problematiske sider ved \u00e5 reise, noko b\u00e5de Khrono og Forskarforum har synt gjennom mediedekninga av denne reisa.<\/p>\n<p><a href=\"https:\/\/khrono.no\/a\/218945\">Kina nekter Aftenposten-journalist visum<\/a> (Khrono 13.04.2018)<br \/>\n<a href=\"https:\/\/khrono.no\/visum-kina-nybo\/uio-forsker-fikk-ikke-kina-visum\/219203\">UiO-forsker fikk ikke Kina-visum<\/a> (Khrono 16.04.2018)<br \/>\n<a href=\"https:\/\/forskning.no\/om-forskning-kina\/2018\/04\/kinesiskprofessor-far-ikkje-visum-til-kina\">Kinesiskprofessor f\u00e5r ikkje visum til Kina<\/a> (Uniforum, 18.04.2018)<br \/>\n<a href=\"https:\/\/khrono.no\/student-beldo-kinatur\/studentene-kommer-til-a-stille-sporsmal-om-akademisk-frihet\/219088\">Studentene kommer til \u00e5 stille sp\u00f8rsm\u00e5l om akademisk frihet<\/a> (Khrono 16.04.2018)<br \/>\n<a href=\"https:\/\/khrono.no\/student-beldo-bratset\/studentene-fikk-ikke-kommentere-pa-kina-tur\/219970\">Studentene kom ikke til orde p\u00e5 Kina-arrangement<\/a> (Khrono 19.04.2018)<br \/>\n<a href=\"https:\/\/www.forskerforum.no\/reiser-med-egne-mobiler-og-pc-til-kina-pinlig-og-naivt\/\">Reiser med egne mobiler og PC-er til Kina: &#8211; Pinlig og naivt<\/a> (Forskerforum 18.04.2018)<br \/>\n<a href=\"http:\/\/www.universitetsavisa.no\/utenriks\/2018\/04\/19\/Tok-bare-tomme-PC-er-og-telefoner-med-seg-til-Kina-73815.ece\">Forskningsr\u00e5det i Kina: Tok bare tomme PC-er og telefoner med seg til Kina<\/a> (Universitetsavisa, 19.04.2018)<br \/>\n<a href=\"https:\/\/www.forskerforum.no\/jeg-er-definitivt-bekymret-for-at-nybo-ikke-tar-it-sikkerhet-pa-alvor\/\">&#8211; Jeg er definitivt bekymret for at Nyb\u00f8 ikke tar IT-sikkerhet p\u00e5 alvor<\/a> (Forskerforum 20.04.2018)<br \/>\n<a href=\"http:\/\/www.universitetsavisa.no\/utenriks\/2018\/04\/20\/Svein-St%C3%B8len-i-Kina-Relasjonsbygger-ikke-politiker-73873.ece\">Svein St\u00f8len: &#8211; Relasjonsbygger, ikke politiker<\/a> (Universitetsavisa, 20.04.2018)<\/p>\n<p>No vart svaret mitt kutta til berre siste setninga i ein liten plakat p\u00e5 Khrono &#8211; og det er kanskje den som har vorte lagt mest merke til:<\/p>\n<figure id=\"attachment_1686\" aria-describedby=\"caption-attachment-1686\" style=\"width: 300px\" class=\"wp-caption aligncenter\"><a href=\"http:\/\/blogg.hivolda.no\/jr\/wp-content\/uploads\/sites\/68\/2018\/04\/kina.png\"><img loading=\"lazy\" decoding=\"async\" class=\"size-medium wp-image-1686\" src=\"http:\/\/blogg.hivolda.no\/jr\/wp-content\/uploads\/sites\/68\/2018\/04\/kina-300x185.png\" alt=\"\" width=\"300\" height=\"185\" srcset=\"https:\/\/blogg.hivolda.no\/jr\/wp-content\/uploads\/sites\/68\/2018\/04\/kina-300x185.png 300w, https:\/\/blogg.hivolda.no\/jr\/wp-content\/uploads\/sites\/68\/2018\/04\/kina-768x472.png 768w, https:\/\/blogg.hivolda.no\/jr\/wp-content\/uploads\/sites\/68\/2018\/04\/kina-825x510.png 825w, https:\/\/blogg.hivolda.no\/jr\/wp-content\/uploads\/sites\/68\/2018\/04\/kina.png 1016w\" sizes=\"(max-width: 300px) 100vw, 300px\" \/><\/a><figcaption id=\"caption-attachment-1686\" class=\"wp-caption-text\">Kina-sitat fr\u00e5 Khrono, 13. april 2018<\/figcaption><\/figure>\n<p>Eg st\u00e5r for det som er sagt og eg er sitert p\u00e5 &#8211; men i tillegg vil eg gjerne f\u00e5 fram at dette ikkje var eit fors\u00f8k p\u00e5 \u00e5 drive utanrikspolitikk eller \u00e5 kritisere Kunnskapsdepartementet eller ei nedvurdering av institusjonane som valde \u00e5 delta p\u00e5 reisa. Eg er sikker p\u00e5 at dei har gjort gode og grundige vurderingar p\u00e5 f\u00f8rehand av kva dei kan oppn\u00e5 med denne reisa. Og eg er sikker p\u00e5 at akademisk dialog er viktig og n\u00f8dvendig, men ogs\u00e5 at den fungerer ulikt p\u00e5 ulike fagomr\u00e5de og i ulike land og kulturar.<\/p>\n<p>Men denne reisa var det i stor grad teknologi, naturvitskap og n\u00e6ringsperspektiv som var i fokus.\u00a0H\u00f8gskulen i Volda er spissa og profilert inn mot heilt andre fagomr\u00e5de, ikkje minst mediefag. Men skulle vi hatt eit samarbeid innanfor mediefag og journalistikk ville det vere noks\u00e5 ur\u00e5d \u00e5 ha ein meiningsfylt diskusjon utan \u00e5 kome innom sp\u00f8rsm\u00e5l som gjeld ytringsfridom og pressefridom.<\/p>\n<p>Dette har blant anna professor Svein Brur\u00e5s ved H\u00f8gskulen i Volda blogga om etter erfaringar med samarbeid med russiske universitet.<\/p>\n<p><a href=\"https:\/\/bruraas.wordpress.com\/2014\/07\/28\/journalistikk-pa-russisk\/\">Journalistikk p\u00e5 russisk<\/a> (28.07.2014)<\/p>\n<p>Det har vore godt informert om denne Kina-reisa p\u00e5 f\u00f8rehand.\u00a0Datoane har vore klar lenge, tematikken likeeins og Universitets og H\u00f8gskuler\u00e5det (UHR) har ogs\u00e5 kopla seg p\u00e5 reisa med eigne arrangement.\u00a0Tidlegare har vi f\u00e5tt tilsvarande invitasjonar til \u00e5 reise til Brasil i lag med Kunnskapsministeren og resten av sektoren.<\/p>\n<figure id=\"attachment_1689\" aria-describedby=\"caption-attachment-1689\" style=\"width: 660px\" class=\"wp-caption aligncenter\"><a href=\"http:\/\/blogg.hivolda.no\/jr\/wp-content\/uploads\/sites\/68\/2018\/04\/Rykkio-2017.jpg\"><img loading=\"lazy\" decoding=\"async\" class=\"size-large wp-image-1689\" src=\"http:\/\/blogg.hivolda.no\/jr\/wp-content\/uploads\/sites\/68\/2018\/04\/Rykkio-2017-1024x768.jpg\" alt=\"\" width=\"660\" height=\"495\" srcset=\"https:\/\/blogg.hivolda.no\/jr\/wp-content\/uploads\/sites\/68\/2018\/04\/Rykkio-2017-1024x768.jpg 1024w, https:\/\/blogg.hivolda.no\/jr\/wp-content\/uploads\/sites\/68\/2018\/04\/Rykkio-2017-300x225.jpg 300w, https:\/\/blogg.hivolda.no\/jr\/wp-content\/uploads\/sites\/68\/2018\/04\/Rykkio-2017-768x576.jpg 768w\" sizes=\"(max-width: 660px) 100vw, 660px\" \/><\/a><figcaption id=\"caption-attachment-1689\" class=\"wp-caption-text\">Gjester fr\u00e5 Rykkio-universitetet, Japan, ved H\u00f8gskulen i Volda 2017<\/figcaption><\/figure>\n<p>Mi vurdering av \u00e5 eventuelt reise til Brasil i 2015 og til Kina i 2017 gjorde eg i lag med leiar for Internasjonalt kontor ved H\u00f8gskulen i Volda &#8211; Arne Humberset. Sp\u00f8rsm\u00e5la vi stilte oss var om vi hadde etablert samarbeid med fagmilj\u00f8 i dei to landa som skulle tilseie at vi burde reise for \u00e5 forsterke og vidareutvikle slike samarbeid. Konklusjonen var at vi har liten utvekslingsaktivitet og f\u00e5 faglege samarbeid med Brasil og med Kina. Vi har nok hatt sporadiske bes\u00f8k begge vegar, men ikkje nok til at eg vurderte det slik at vi burde vere til stades.<\/p>\n<p>Eg fekk ogs\u00e5 gode r\u00e5d fr\u00e5 rektorar som har vore med p\u00e5 slike reiser tidlegare, og dei gjekk ut p\u00e5 at det var lite produktivt \u00e5 berre reise aleine som rektor. Det er n\u00f8dvendig \u00e5 ha eit f\u00f8lgje p\u00e5 fleire som kan konkretisere aktuelle samarbeidstiltak, og ikkje minst var dette viktig \u00e5 f\u00f8rebu f\u00f8r reisa. Og d\u00e5 blir det eit veldig mykje st\u00f8rre sp\u00f8rsm\u00e5l enn berre \u00e5 delta p\u00e5 ei reise. Det b\u00f8r alts\u00e5 g\u00e5 inn i ein st\u00f8rre internasjonaliseringsstrategi.<\/p>\n<p>H\u00f8gskulen i Volda har i n\u00e6rare 20 \u00e5r hatt utvekslingsavtalar med eit indisk universitet og vi har dei siste \u00e5ra f\u00e5tt ei forsterka samarbeid med det <a href=\"https:\/\/www.hivolda.no\/studentliv\/hogskulen-volda-ser-mot-asia\">japanske universitet Rykkio<\/a> &#8211; og har utvekslingsstudentar der no. Eg har merka meg at desse to landa fr\u00e5 somme ekspertar blir peika p\u00e5 som mindre kompliserte samarbeidspartar enn Kina, og h\u00e5per at vi kan utvikle desse samarbeida vidare.<\/p>\n<figure id=\"attachment_1690\" aria-describedby=\"caption-attachment-1690\" style=\"width: 660px\" class=\"wp-caption aligncenter\"><a href=\"http:\/\/blogg.hivolda.no\/jr\/wp-content\/uploads\/sites\/68\/2018\/04\/padmakumar-2012-2.jpg\"><img loading=\"lazy\" decoding=\"async\" class=\"wp-image-1690 size-large\" src=\"http:\/\/blogg.hivolda.no\/jr\/wp-content\/uploads\/sites\/68\/2018\/04\/padmakumar-2012-2-1024x681.jpg\" alt=\"\" width=\"660\" height=\"439\" srcset=\"https:\/\/blogg.hivolda.no\/jr\/wp-content\/uploads\/sites\/68\/2018\/04\/padmakumar-2012-2-1024x681.jpg 1024w, https:\/\/blogg.hivolda.no\/jr\/wp-content\/uploads\/sites\/68\/2018\/04\/padmakumar-2012-2-300x199.jpg 300w, https:\/\/blogg.hivolda.no\/jr\/wp-content\/uploads\/sites\/68\/2018\/04\/padmakumar-2012-2-768x511.jpg 768w\" sizes=\"(max-width: 660px) 100vw, 660px\" \/><\/a><figcaption id=\"caption-attachment-1690\" class=\"wp-caption-text\">Kothnath Padmakumar, Manipal Institute of Communications, p\u00e5 utveksling ved H\u00f8gskulen i Volda i 2012.<\/figcaption><\/figure>\n<p>&nbsp;<\/p>\n","protected":false},"excerpt":{"rendered":"<p>Nettavisa Khrono tok kontakt med meg i samband med at over 200 representantar fr\u00e5 h\u00f8gskular og universitet reiste til Kina p\u00e5 offisielt bes\u00f8k i lag med Kunnskapsministeren og Kunnskapsdepartementet, blant anna dei fleste h\u00f8gskulerektorane. Sidan dei fleste rektorar deltok p\u00e5 reisa lurte Khrono p\u00e5 kvifor eg ikkje deltok. Det kort svaret mitt er sitert i &hellip; <a href=\"https:\/\/blogg.hivolda.no\/jr\/2018\/04\/20\/hogskular-flest-er-i-kina\/\" class=\"more-link\">Fortsett \u00e5 lese <span class=\"screen-reader-text\">H\u00f8gskular flest er i Kina<\/span><\/a><\/p>\n","protected":false},"author":13,"featured_media":0,"comment_status":"open","ping_status":"open","sticky":false,"template":"","format":"standard","meta":{"footnotes":""},"categories":[8],"tags":[],"post_mailing_queue_ids":[],"_links":{"self":[{"href":"https:\/\/blogg.hivolda.no\/jr\/wp-json\/wp\/v2\/posts\/1685"}],"collection":[{"href":"https:\/\/blogg.hivolda.no\/jr\/wp-json\/wp\/v2\/posts"}],"about":[{"href":"https:\/\/blogg.hivolda.no\/jr\/wp-json\/wp\/v2\/types\/post"}],"author":[{"embeddable":true,"href":"https:\/\/blogg.hivolda.no\/jr\/wp-json\/wp\/v2\/users\/13"}],"replies":[{"embeddable":true,"href":"https:\/\/blogg.hivolda.no\/jr\/wp-json\/wp\/v2\/comments?post=1685"}],"version-history":[{"count":3,"href":"https:\/\/blogg.hivolda.no\/jr\/wp-json\/wp\/v2\/posts\/1685\/revisions"}],"predecessor-version":[{"id":1692,"href":"https:\/\/blogg.hivolda.no\/jr\/wp-json\/wp\/v2\/posts\/1685\/revisions\/1692"}],"wp:attachment":[{"href":"https:\/\/blogg.hivolda.no\/jr\/wp-json\/wp\/v2\/media?parent=1685"}],"wp:term":[{"taxonomy":"category","embeddable":true,"href":"https:\/\/blogg.hivolda.no\/jr\/wp-json\/wp\/v2\/categories?post=1685"},{"taxonomy":"post_tag","embeddable":true,"href":"https:\/\/blogg.hivolda.no\/jr\/wp-json\/wp\/v2\/tags?post=1685"}],"curies":[{"name":"wp","href":"https:\/\/api.w.org\/{rel}","templated":true}]}}