{"id":1675,"date":"2018-04-19T11:00:53","date_gmt":"2018-04-19T09:00:53","guid":{"rendered":"http:\/\/blogg.hivolda.no\/jr\/?p=1675"},"modified":"2018-04-19T11:42:55","modified_gmt":"2018-04-19T09:42:55","slug":"samordna-opptak-2018-gode-tal-for-hogskulen-i-volda","status":"publish","type":"post","link":"https:\/\/blogg.hivolda.no\/jr\/2018\/04\/19\/samordna-opptak-2018-gode-tal-for-hogskulen-i-volda\/","title":{"rendered":"Samordna opptak 2018: Gode tal for H\u00f8gskulen i Volda"},"content":{"rendered":"<figure id=\"attachment_1678\" aria-describedby=\"caption-attachment-1678\" style=\"width: 660px\" class=\"wp-caption aligncenter\"><a href=\"http:\/\/blogg.hivolda.no\/jr\/wp-content\/uploads\/sites\/68\/2018\/04\/hivolda-framside-2018-04-19.jpg\"><img loading=\"lazy\" decoding=\"async\" class=\"wp-image-1678 size-large\" src=\"http:\/\/blogg.hivolda.no\/jr\/wp-content\/uploads\/sites\/68\/2018\/04\/hivolda-framside-2018-04-19-1024x592.jpg\" alt=\"\" width=\"660\" height=\"382\" srcset=\"https:\/\/blogg.hivolda.no\/jr\/wp-content\/uploads\/sites\/68\/2018\/04\/hivolda-framside-2018-04-19-1024x592.jpg 1024w, https:\/\/blogg.hivolda.no\/jr\/wp-content\/uploads\/sites\/68\/2018\/04\/hivolda-framside-2018-04-19-300x174.jpg 300w, https:\/\/blogg.hivolda.no\/jr\/wp-content\/uploads\/sites\/68\/2018\/04\/hivolda-framside-2018-04-19-768x444.jpg 768w, https:\/\/blogg.hivolda.no\/jr\/wp-content\/uploads\/sites\/68\/2018\/04\/hivolda-framside-2018-04-19.jpg 1139w\" sizes=\"(max-width: 660px) 100vw, 660px\" \/><\/a><figcaption id=\"caption-attachment-1678\" class=\"wp-caption-text\">Gode s\u00f8kjartal for H\u00f8gskulen i Volda i 2018.<\/figcaption><\/figure>\n<p>Tala for samordna opptak til h\u00f8gare utdanning for studie\u00e5ret 2018-2019 er klare. Og dei framtidige studentane kjem med klar tale: Stadig fleire \u00f8nskjer \u00e5 studere ved H\u00f8gskulen i Volda. Knapt 8 prosent fleire studentar enn i fjor har eit studium ved H\u00f8gskulen i Volda som sitt f\u00f8rsteval.<\/p>\n<p>Vi hadde ein auke p\u00e5 over 8 prosent ogs\u00e5 i fjor. S\u00e5 no har vi hatt to \u00e5r med sterk auke i s\u00f8kartala og alle tilsette og studentar verd h\u00f8gskulen kan vere godt n\u00f8gde med det. Vi hadde ikkje f\u00e5tt denne auken om ikkje noverande studentar fortalde om sin studiekvardag til framtidige studentar. Tala for H\u00f8gskulen i Volda ligg klart over landsgjennomsnittet og bryt med forventingane hos dei som har meint at h\u00f8gskular m\u00e5 sl\u00e5 seg saman og bli st\u00f8rst muleg for \u00e5 bli attraktive for framtidige studentar.<\/p>\n<p>Vi har enno ikkje f\u00e5tt g\u00e5tt grundig inn p\u00e5 alle detaljar, men p\u00e5 v\u00e5re nettsider <a href=\"http:\/\/www.hivolda.no\">www.hivolda.no<\/a> er det presentert meir detaljerte tal for einskildstudium.<\/p>\n<p>For eigen del vil eg seie at dei gode tala fr\u00e5 Samordna opptak kan tolkast som at:<\/p>\n<ul>\n<li>H\u00f8gskulen i Volda st\u00e5r sterkt som sj\u00f8lvstendig h\u00f8gskule og viser godt igjen i det nye h\u00f8gskulelandskapet som er prega av store institusjonar med mange studiestader &#8211;<\/li>\n<li>Vi er ein spissa og profilert h\u00f8gskule med ein tydeleg fagleg profil. Difor er det s\u00e6rleg gledeleg med sterk auke i s\u00f8kjartala b\u00e5de p\u00e5 l\u00e6rarutdanningane og mediefaga. Vi kan nok her takke regjeringa for god drahjelp &#8211; det er ingen som b\u00f8r vere i tvil om at l\u00e6rarutdanning er er prioritert h\u00f8gt &#8211; ogs\u00e5 n\u00e5r det gjeld rekruttering.<\/li>\n<li>Vi har lukkast godt med marknadsf\u00f8ringa v\u00e5r der vi blant anna har fortalt om v\u00e5re studium gjennom originalt innhald som har vorte spreidd p\u00e5 sosiale media.<\/li>\n<li>Vi har fortsatt sv\u00e6rt mange s\u00f8kjarar p\u00e5 sosialfaga &#8211; sosionom og barnevern &#8211; etter fleire \u00e5r med sterk vekst.<\/li>\n<\/ul>\n<p><a href=\"https:\/\/www.facebook.com\/hivolda\">Sj\u00e5 korleis vi profilerer oss p\u00e5 v\u00e5re Facebooksider https:\/\/www.facebook.com\/hivolda:<\/a><\/p>\n<p>Dei siste \u00e5ra har rundt halvparten av v\u00e5re studentar f\u00e5tt sin studieplass gjennom den statlege tenesta <a href=\"http:\/\/Www.samordnaopptak.no\">Samordna opptak<\/a>. Det gjeld blant anna alle bachelorutdanningane og dei fem\u00e5rige grunnskulel\u00e6rarudanningane. Men i tillegg har vi opptak p\u00e5 ei rekkje studium gjennom v\u00e5rt lokale opptak, og det gjeld blant anna dei fleste masterutdannningane og mange vidareutdanningar.<\/p>\n<p><a href=\"https:\/\/www.facebook.com\/hivolda\">Lokalopptak ved H\u00f8gskulen i Volda.<\/a><\/p>\n<p>S\u00e5 med s\u00e5 h\u00f8ge tal for samordna opptak m\u00e5 vi vere budde p\u00e5 at ein auke ogs\u00e5 p\u00e5 lokalopptaket. Blir det ny rekord? Og er det eigentleg bra?<\/p>\n<p><a href=\"https:\/\/www.hivolda.no\/studentsorvis\/rekordmange-studentar-ved-hogskulen-volda\">Hausten 2017 hadde vi godt over 4.000 studentar ved H\u00f8gskulen i Volda &#8211; og det var ny studentrekord for oss<\/a>. Eg trur det er sannsynleg at vi hausten 2018 set end\u00e5 ein ny studentrekord, alts\u00e5 end\u00e5 fleire studentar enn i 2017. Vi \u00f8nskjer \u00e5 tilby studieplass til flest muleg kvalifiserte s\u00f8kjarar &#8211; blant anna fordi i v\u00e5r region er det f\u00e6rre med h\u00f8gare utdanning enn i dei fleste andre omr\u00e5de i landet. Her har vi ei viktig samfunnsoppg\u00e5ve. Men p\u00e5 den andre sida har vi svakare finansiering enn dei fleste andre h\u00f8gskular og det er ein risiko for at vi f\u00e5r svakare studiekvalitet om vi tek inn for mange studentar.<\/p>\n<p>Det er ikkje eit strategisk m\u00e5l for H\u00f8gskulen i Volda \u00e5 sette nye rekordar i tal studentar. Tvert i mot er det eit m\u00e5l for h\u00f8gskulen \u00e5 f\u00e5 f\u00e6rre studentar pr l\u00e6rar. Det kan vi naturlegvis oppn\u00e5 p\u00e5 mange m\u00e5tar.<\/p>\n<p>Men akkurat i dag med sterke s\u00f8kjartal skal vi berre vere glade over at vi er ein attaktiv h\u00f8gskule og gjere v\u00e5rt beste for \u00e5 leve opp til forventningane dei nye studentane har til oss &#8211; og vi b\u00f8r ha til oss sj\u00f8lve.<\/p>\n<p>Eg vil difor nytte h\u00f8vet til \u00e5 gratulere tilsette, studentar og v\u00e5re framtidige studentar med dei positive tala fr\u00e5 Samordna opptak. Vi m\u00e5 no gjere noko rett n\u00e5r s\u00e5 mange har lyst til \u00e5 studere i studiebygda Volda.<\/p>\n","protected":false},"excerpt":{"rendered":"<p>Tala for samordna opptak til h\u00f8gare utdanning for studie\u00e5ret 2018-2019 er klare. Og dei framtidige studentane kjem med klar tale: Stadig fleire \u00f8nskjer \u00e5 studere ved H\u00f8gskulen i Volda. Knapt 8 prosent fleire studentar enn i fjor har eit studium ved H\u00f8gskulen i Volda som sitt f\u00f8rsteval. Vi hadde ein auke p\u00e5 over 8 prosent &hellip; <a href=\"https:\/\/blogg.hivolda.no\/jr\/2018\/04\/19\/samordna-opptak-2018-gode-tal-for-hogskulen-i-volda\/\" class=\"more-link\">Fortsett \u00e5 lese <span class=\"screen-reader-text\">Samordna opptak 2018: Gode tal for H\u00f8gskulen i Volda<\/span><\/a><\/p>\n","protected":false},"author":13,"featured_media":0,"comment_status":"open","ping_status":"open","sticky":false,"template":"","format":"standard","meta":{"footnotes":""},"categories":[8],"tags":[19],"post_mailing_queue_ids":[],"_links":{"self":[{"href":"https:\/\/blogg.hivolda.no\/jr\/wp-json\/wp\/v2\/posts\/1675"}],"collection":[{"href":"https:\/\/blogg.hivolda.no\/jr\/wp-json\/wp\/v2\/posts"}],"about":[{"href":"https:\/\/blogg.hivolda.no\/jr\/wp-json\/wp\/v2\/types\/post"}],"author":[{"embeddable":true,"href":"https:\/\/blogg.hivolda.no\/jr\/wp-json\/wp\/v2\/users\/13"}],"replies":[{"embeddable":true,"href":"https:\/\/blogg.hivolda.no\/jr\/wp-json\/wp\/v2\/comments?post=1675"}],"version-history":[{"count":8,"href":"https:\/\/blogg.hivolda.no\/jr\/wp-json\/wp\/v2\/posts\/1675\/revisions"}],"predecessor-version":[{"id":1684,"href":"https:\/\/blogg.hivolda.no\/jr\/wp-json\/wp\/v2\/posts\/1675\/revisions\/1684"}],"wp:attachment":[{"href":"https:\/\/blogg.hivolda.no\/jr\/wp-json\/wp\/v2\/media?parent=1675"}],"wp:term":[{"taxonomy":"category","embeddable":true,"href":"https:\/\/blogg.hivolda.no\/jr\/wp-json\/wp\/v2\/categories?post=1675"},{"taxonomy":"post_tag","embeddable":true,"href":"https:\/\/blogg.hivolda.no\/jr\/wp-json\/wp\/v2\/tags?post=1675"}],"curies":[{"name":"wp","href":"https:\/\/api.w.org\/{rel}","templated":true}]}}