{"id":1656,"date":"2018-03-21T14:13:09","date_gmt":"2018-03-21T13:13:09","guid":{"rendered":"http:\/\/blogg.hivolda.no\/jr\/?p=1656"},"modified":"2018-03-30T10:58:07","modified_gmt":"2018-03-30T08:58:07","slug":"langtidsplan-for-forsking-kva-med-norsk-sprak","status":"publish","type":"post","link":"https:\/\/blogg.hivolda.no\/jr\/2018\/03\/21\/langtidsplan-for-forsking-kva-med-norsk-sprak\/","title":{"rendered":"Langtidsplan for norsk forsking &#8211; p\u00e5 norsk?"},"content":{"rendered":"<figure id=\"attachment_1659\" aria-describedby=\"caption-attachment-1659\" style=\"width: 660px\" class=\"wp-caption aligncenter\"><a href=\"http:\/\/blogg.hivolda.no\/jr\/wp-content\/uploads\/sites\/68\/2018\/03\/00AB78BD-AFF0-4040-ACD9-54C793D4ADC4-381-000000396EF4A88B.jpeg\"><img loading=\"lazy\" decoding=\"async\" class=\"size-large wp-image-1659\" src=\"http:\/\/blogg.hivolda.no\/jr\/wp-content\/uploads\/sites\/68\/2018\/03\/00AB78BD-AFF0-4040-ACD9-54C793D4ADC4-381-000000396EF4A88B-1024x768.jpeg\" alt=\"\" width=\"660\" height=\"495\" srcset=\"https:\/\/blogg.hivolda.no\/jr\/wp-content\/uploads\/sites\/68\/2018\/03\/00AB78BD-AFF0-4040-ACD9-54C793D4ADC4-381-000000396EF4A88B-1024x768.jpeg 1024w, https:\/\/blogg.hivolda.no\/jr\/wp-content\/uploads\/sites\/68\/2018\/03\/00AB78BD-AFF0-4040-ACD9-54C793D4ADC4-381-000000396EF4A88B-300x225.jpeg 300w, https:\/\/blogg.hivolda.no\/jr\/wp-content\/uploads\/sites\/68\/2018\/03\/00AB78BD-AFF0-4040-ACD9-54C793D4ADC4-381-000000396EF4A88B-768x576.jpeg 768w, https:\/\/blogg.hivolda.no\/jr\/wp-content\/uploads\/sites\/68\/2018\/03\/00AB78BD-AFF0-4040-ACD9-54C793D4ADC4-381-000000396EF4A88B.jpeg 1741w\" sizes=\"(max-width: 660px) 100vw, 660px\" \/><\/a><figcaption id=\"caption-attachment-1659\" class=\"wp-caption-text\">UiB-rektor Dag Rune Olsen og Kunnskapsminister Iselin Nyb\u00f8<\/figcaption><\/figure>\n<p>P\u00e5 den \u00e5rlege Solstrand-konferansen 21. mars 2018 deltok Kunnskapsminister Iselin Nyb\u00f8 p\u00e5 bolken &laquo;Digitaliseringsstrategien for UH-sektoren &#8211; overordnede betraktninger et halvt \u00e5r etter lanseringen&raquo;.<\/p>\n<p>UH Nett Vests Solstrand-konferanse 2018:<br \/>\n<a href=\"http:\/\/uhnettvest.no\/statsraden-kommer-til-solstrandseminaret\/\">http:\/\/uhnettvest.no\/statsraden-kommer-til-solstrandseminaret\/<\/a><\/p>\n<p>Kunnskapsminister Nyb\u00f8 peika p\u00e5 at d\u00e5 langtidsplanen for forsking og h\u00f8gare utdanning vart lagt fram 2013 var ikkje digitalisering omtalt &#8211; men digitalisering vil heilt klart f\u00e5 ein sentral plass i planen i framtida. Og det kan godt hende sektoren er bakp\u00e5 n\u00e5r det gjeld digitalisering, slik Kunnskapsministeren antyda. Heldigivis var ho ogs\u00e5 tydeleg p\u00e5 at digitalisering ikkje er eit m\u00e5l i seg sj\u00f8lv &#8211; men eit verkemiddel for \u00e5 heve kvalitet.<\/p>\n<p>Langtidsplanen for forsking og h\u00f8gare utdanning:<br \/>\n<a href=\"https:\/\/www.regjeringen.no\/no\/tema\/forskning\/innsiktsartikler\/langtidsplan-for-forskning-og-hoyere-utdanning\/id2353317\/\">https:\/\/www.regjeringen.no\/no\/tema\/forskning\/innsiktsartikler\/langtidsplan-for-forskning-og-hoyere-utdanning\/id2353317\/<\/a><\/p>\n<p>Digitaliseringsstrategien for UH-sektoren vart lagt fram i 2017. I dette dokumentet er det ein annan like stor mangel som at digitalisering mangla i langtidsplanen i 2013: I digitaliseringsstrategien fr\u00e5 2017 st\u00e5r det ingenting om spr\u00e5k. Det er ein vesentleg mangel som ikkje tek h\u00f8gde for at effektive digtale tenester som automatisering av chattesvar, talegjenkjenning og andre teknologiar er avhengige av ein god spr\u00e5kleg infrastruktur. Og d\u00e5 snakkar vi om norsk spr\u00e5k. Datamaskinar m\u00e5 ogs\u00e5 l\u00e6re seg spr\u00e5k for at dei skal bli gode spr\u00e5kbrukarar.<\/p>\n<p>Regjeringas digitaliseringsstrategi for h\u00f8gskular og universitet:<br \/>\n<a href=\"https:\/\/www.regjeringen.no\/no\/dokumenter\/digitaliseringsstrategi-for-universitets--og-hoyskolesektoren---\/id2571085\/sec1\">https:\/\/www.regjeringen.no\/no\/dokumenter\/digitaliseringsstrategi-for-universitets&#8211;og-hoyskolesektoren&#8212;\/id2571085\/sec1<\/a><\/p>\n<p>I sitt innlegg demonstrerte kunnskapsministeren p\u00e5 ein glimrande m\u00e5te at det framleis er kraft i det talte ordet. At det ikkje berre er gjennom skjermar og augene at vi kan formidle &#8211; og motta bodskapar. Ho har snakka p\u00e5 norsk. P\u00e5 rogalandsdialekt. Og det er i seg sj\u00f8lv eit bidrag til norsk spr\u00e5k og kultur. Korleis kan vi sikre oss norsk som fagspr\u00e5k i framtida?<\/p>\n<p>Eit viktig bidrag til \u00e5 betre p\u00e5 dette er vidaref\u00f8ring og vidareutvikling av spr\u00e5ksamlingane ved Universitetet i Bergen &#8211; i partnarskap med H\u00f8gskulen i Volda. Dei to institusjonane har kome med eit felles innspel til Kulturdepartementet om \u00e5 fullf\u00f8re digitalisering av Norsk Ordbok og framlegget blir i desse dagar vurdert av Kulturdepartementet.<\/p>\n<p>Dette temaet har ogs\u00e5 direkt\u00f8ren i Spr\u00e5kr\u00e5det, \u00c5se Wet\u00e5s peika p\u00e5 &#8211; dette hadlar ogs\u00e5 om \u00e5 ta vare p\u00e5 norsk som fagspr\u00e5k i forsking og h\u00f8gare utdanning.<\/p>\n<p>Kronikk av \u00c5se Wet\u00e5s: Kunstig intelligens p\u00e5 norsk &#8211; no (NRK Ytring 17.mars 2018)<br \/>\n<a href=\"https:\/\/www.nrk.no\/ytring\/kunstig-intelligens-pa-norsk_-no_-1.13961114\">https:\/\/www.nrk.no\/ytring\/kunstig-intelligens-pa-norsk_-no_-1.13961114<\/a><\/p>\n<p>Med statsr\u00e5dar fr\u00e5 Venstre b\u00e5de i Kulturdepartementet og Kunnskapsdepartementet s\u00e5 ligg det sv\u00e6rt godt til rette for eit samarbeid mellom dei to departementa &#8211; til beste for norsk spr\u00e5k no og i framtida.<\/p>\n<p>Det er truleg Venstres forteneste at vidaref\u00f8ring av arbeidet med digitalisering av dei norske ordb\u00f8kene har kome med i regjeringsplattforma til Venstre, H\u00f8gre og Framstegspartiet.<\/p>\n<p>Regjeringsplattforma:<br \/>\n<a href=\"https:\/\/www.regjeringen.no\/no\/dokumenter\/politisk-plattform\/id2585544\/\">https:\/\/www.regjeringen.no\/no\/dokumenter\/politisk-plattform\/id2585544\/<\/a><\/p>\n<p>Med eit godt prosjekt s\u00e5 kan ein h\u00e5pe p\u00e5 at i framtida vil vi kunne f\u00e5 gode &#8211; kanskje automatiserte &#8211; offentlege og private tenester uansett kva dialekt ein nyttar.<\/p>\n<blockquote><p>Ogs\u00e5 om ein snakkar rogalanding eller tr\u00f8ndsk.<\/p><\/blockquote>\n","protected":false},"excerpt":{"rendered":"<p>P\u00e5 den \u00e5rlege Solstrand-konferansen 21. mars 2018 deltok Kunnskapsminister Iselin Nyb\u00f8 p\u00e5 bolken &laquo;Digitaliseringsstrategien for UH-sektoren &#8211; overordnede betraktninger et halvt \u00e5r etter lanseringen&raquo;. UH Nett Vests Solstrand-konferanse 2018: http:\/\/uhnettvest.no\/statsraden-kommer-til-solstrandseminaret\/ Kunnskapsminister Nyb\u00f8 peika p\u00e5 at d\u00e5 langtidsplanen for forsking og h\u00f8gare utdanning vart lagt fram 2013 var ikkje digitalisering omtalt &#8211; men digitalisering vil heilt &hellip; <a href=\"https:\/\/blogg.hivolda.no\/jr\/2018\/03\/21\/langtidsplan-for-forsking-kva-med-norsk-sprak\/\" class=\"more-link\">Fortsett \u00e5 lese <span class=\"screen-reader-text\">Langtidsplan for norsk forsking &#8211; p\u00e5 norsk?<\/span><\/a><\/p>\n","protected":false},"author":13,"featured_media":0,"comment_status":"open","ping_status":"open","sticky":false,"template":"","format":"standard","meta":{"footnotes":""},"categories":[1],"tags":[],"post_mailing_queue_ids":[],"_links":{"self":[{"href":"https:\/\/blogg.hivolda.no\/jr\/wp-json\/wp\/v2\/posts\/1656"}],"collection":[{"href":"https:\/\/blogg.hivolda.no\/jr\/wp-json\/wp\/v2\/posts"}],"about":[{"href":"https:\/\/blogg.hivolda.no\/jr\/wp-json\/wp\/v2\/types\/post"}],"author":[{"embeddable":true,"href":"https:\/\/blogg.hivolda.no\/jr\/wp-json\/wp\/v2\/users\/13"}],"replies":[{"embeddable":true,"href":"https:\/\/blogg.hivolda.no\/jr\/wp-json\/wp\/v2\/comments?post=1656"}],"version-history":[{"count":4,"href":"https:\/\/blogg.hivolda.no\/jr\/wp-json\/wp\/v2\/posts\/1656\/revisions"}],"predecessor-version":[{"id":1662,"href":"https:\/\/blogg.hivolda.no\/jr\/wp-json\/wp\/v2\/posts\/1656\/revisions\/1662"}],"wp:attachment":[{"href":"https:\/\/blogg.hivolda.no\/jr\/wp-json\/wp\/v2\/media?parent=1656"}],"wp:term":[{"taxonomy":"category","embeddable":true,"href":"https:\/\/blogg.hivolda.no\/jr\/wp-json\/wp\/v2\/categories?post=1656"},{"taxonomy":"post_tag","embeddable":true,"href":"https:\/\/blogg.hivolda.no\/jr\/wp-json\/wp\/v2\/tags?post=1656"}],"curies":[{"name":"wp","href":"https:\/\/api.w.org\/{rel}","templated":true}]}}