{"id":1355,"date":"2017-09-13T09:53:36","date_gmt":"2017-09-13T07:53:36","guid":{"rendered":"http:\/\/blogg.hivolda.no\/jr\/?p=1355"},"modified":"2017-09-20T21:06:14","modified_gmt":"2017-09-20T19:06:14","slug":"sats-pa-forskingsformidling","status":"publish","type":"post","link":"https:\/\/blogg.hivolda.no\/jr\/2017\/09\/13\/sats-pa-forskingsformidling\/","title":{"rendered":"Sats p\u00e5 forskingsformidling! P\u00e5 norsk."},"content":{"rendered":"<p>Kunnskapsdepartementet har invitert oss til \u00e5 kome med innspel til Langtidsplanen for forsking og h\u00f8gare utdanning.<\/p>\n<p>Eg valde \u00e5 fokusere p\u00e5 eitt tema som eg meiner manglar i langtidsplanen, og det er forskingsformidling. I ei tid d\u00e5 kunnskap, fakta og nyhende ofte f\u00e5r &laquo;fake&raquo; framfor seg og der somme snakkar om at vi har kome over i &laquo;post-fakta&raquo; samfunnet, er det viktigare enn nokon gong at forsking og fagleg arbeid gjer seg synleg i samfunnet.<\/p>\n<p><a href=\"https:\/\/www.youtube.com\/watch?v=B8-eXSbux4k\">Dette snakkar eg litt om i denne videoen i samband med Forskingsdagane i Volda 2017.<\/a><\/p>\n<p><a href=\"https:\/\/khrono.no\/debatt\/onsker-meir-og-betre-forskingsformidling-pa-norsk?nav=forside\">Les ogs\u00e5 kronikk-versjon av innspelet i Khrono.<\/a><\/p>\n<p>Kanskje er eit for sterkt fokus p\u00e5 og prioritering av internasjonal toppforsking med p\u00e5 \u00e5 skape un\u00f8dvendig avstand mellom forskarar og folk flest &#8211; inkludert profesjonsut\u00f8varar?<\/p>\n<figure id=\"attachment_1359\" aria-describedby=\"caption-attachment-1359\" style=\"width: 660px\" class=\"wp-caption aligncenter\"><a href=\"http:\/\/blogg.hivolda.no\/jr\/wp-content\/uploads\/sites\/68\/2017\/09\/Forskningsdaganehefte-2017_issuu_Page_01.jpg\"><img loading=\"lazy\" decoding=\"async\" class=\"size-large wp-image-1359\" src=\"http:\/\/blogg.hivolda.no\/jr\/wp-content\/uploads\/sites\/68\/2017\/09\/Forskningsdaganehefte-2017_issuu_Page_01-931x1024.jpg\" alt=\"\" width=\"660\" height=\"726\" srcset=\"https:\/\/blogg.hivolda.no\/jr\/wp-content\/uploads\/sites\/68\/2017\/09\/Forskningsdaganehefte-2017_issuu_Page_01-931x1024.jpg 931w, https:\/\/blogg.hivolda.no\/jr\/wp-content\/uploads\/sites\/68\/2017\/09\/Forskningsdaganehefte-2017_issuu_Page_01-273x300.jpg 273w, https:\/\/blogg.hivolda.no\/jr\/wp-content\/uploads\/sites\/68\/2017\/09\/Forskningsdaganehefte-2017_issuu_Page_01-768x845.jpg 768w\" sizes=\"(max-width: 660px) 100vw, 660px\" \/><\/a><figcaption id=\"caption-attachment-1359\" class=\"wp-caption-text\">Forskingsdagane 2017 ved H\u00f8gskulen i Volda<\/figcaption><\/figure>\n<p>H\u00f8gskulen i Voldas bidrag til dette er intern prioritering og premiering av formidling &#8211; blant anna gjennom sterk satsing p\u00e5 <a href=\"http:\/\/www.hivolda.no\/forskingsdagane\">Forskingsdagane<\/a> og gjennom intern premiering av formidling gjennom v\u00e5rt eige interne tellekantsystem.<\/p>\n<p>Ved H\u00f8gskulen i Volda vil fagmilj\u00f8et til ein forskar som f\u00e5r publisert ei l\u00e6rebok kunne bli l\u00f8na med ca kr 50.000 gjennom v\u00e5r interne ordning. I dei nasjonale forskingsorienterte tellekantane f\u00e5r ei l\u00e6rebok ikkje \u00f8konomisk premiering.<\/p>\n<p><a href=\"https:\/\/blogg.hivolda.no\/jr\/2017\/02\/03\/godt-synleg-i-media\/\">Vi ser truleg resultat av dette blant anna ved at H\u00f8gskulen i Volda har eit sterkare gjennomslag i media enn mange andre h\u00f8gskular.\u00a0<\/a><\/p>\n<p>Les heile innspelet til langtidsplanen fr\u00e5 H\u00f8gskulen i Volda (pdf).<br \/>\n<a href=\"http:\/\/blogg.hivolda.no\/jr\/wp-content\/uploads\/sites\/68\/2017\/09\/17-00520-3-Innspel-til-langtidsplanen-for-forsking-og-hogare-utdanning-270005_4_1.pdf\">17-00520-3 Innspel til langtidsplanen for forsking og hogare utdanning 270005_4_1<\/a><\/p>\n<p>P\u00e5 denne nettsida kan du lese invitasjonen og andre innspel til langtidsplanen:<br \/>\n<a href=\"https:\/\/www.regjeringen.no\/no\/dokumenter\/innspill-til-revidering-av-langtidsplanen-for-forskning-og-hoyere-utdanning\/id2553215\/\">https:\/\/www.regjeringen.no\/no\/dokumenter\/innspill-til-revidering-av-langtidsplanen-for-forskning-og-hoyere-utdanning\/id2553215\/\u00a0<\/a><\/p>\n","protected":false},"excerpt":{"rendered":"<p>Kunnskapsdepartementet har invitert oss til \u00e5 kome med innspel til Langtidsplanen for forsking og h\u00f8gare utdanning. Eg valde \u00e5 fokusere p\u00e5 eitt tema som eg meiner manglar i langtidsplanen, og det er forskingsformidling. I ei tid d\u00e5 kunnskap, fakta og nyhende ofte f\u00e5r &laquo;fake&raquo; framfor seg og der somme snakkar om at vi har kome &hellip; <a href=\"https:\/\/blogg.hivolda.no\/jr\/2017\/09\/13\/sats-pa-forskingsformidling\/\" class=\"more-link\">Fortsett \u00e5 lese <span class=\"screen-reader-text\">Sats p\u00e5 forskingsformidling! P\u00e5 norsk.<\/span><\/a><\/p>\n","protected":false},"author":13,"featured_media":0,"comment_status":"open","ping_status":"open","sticky":false,"template":"","format":"standard","meta":{"footnotes":""},"categories":[1],"tags":[],"post_mailing_queue_ids":[],"_links":{"self":[{"href":"https:\/\/blogg.hivolda.no\/jr\/wp-json\/wp\/v2\/posts\/1355"}],"collection":[{"href":"https:\/\/blogg.hivolda.no\/jr\/wp-json\/wp\/v2\/posts"}],"about":[{"href":"https:\/\/blogg.hivolda.no\/jr\/wp-json\/wp\/v2\/types\/post"}],"author":[{"embeddable":true,"href":"https:\/\/blogg.hivolda.no\/jr\/wp-json\/wp\/v2\/users\/13"}],"replies":[{"embeddable":true,"href":"https:\/\/blogg.hivolda.no\/jr\/wp-json\/wp\/v2\/comments?post=1355"}],"version-history":[{"count":8,"href":"https:\/\/blogg.hivolda.no\/jr\/wp-json\/wp\/v2\/posts\/1355\/revisions"}],"predecessor-version":[{"id":1368,"href":"https:\/\/blogg.hivolda.no\/jr\/wp-json\/wp\/v2\/posts\/1355\/revisions\/1368"}],"wp:attachment":[{"href":"https:\/\/blogg.hivolda.no\/jr\/wp-json\/wp\/v2\/media?parent=1355"}],"wp:term":[{"taxonomy":"category","embeddable":true,"href":"https:\/\/blogg.hivolda.no\/jr\/wp-json\/wp\/v2\/categories?post=1355"},{"taxonomy":"post_tag","embeddable":true,"href":"https:\/\/blogg.hivolda.no\/jr\/wp-json\/wp\/v2\/tags?post=1355"}],"curies":[{"name":"wp","href":"https:\/\/api.w.org\/{rel}","templated":true}]}}