{"id":1094,"date":"2017-01-10T12:28:53","date_gmt":"2017-01-10T11:28:53","guid":{"rendered":"http:\/\/blogg.hivolda.no\/jr\/?p=1094"},"modified":"2017-01-10T12:28:53","modified_gmt":"2017-01-10T11:28:53","slug":"opningshelsing-til-vestlandshogskulen","status":"publish","type":"post","link":"https:\/\/blogg.hivolda.no\/jr\/2017\/01\/10\/opningshelsing-til-vestlandshogskulen\/","title":{"rendered":"Opningshelsing til Vestlandsh\u00f8gskulen"},"content":{"rendered":"<p><a href=\"http:\/\/blogg.hivolda.no\/jr\/wp-content\/uploads\/sites\/68\/2017\/01\/image.jpg\"><img loading=\"lazy\" decoding=\"async\" class=\"aligncenter wp-image-1097 size-large\" src=\"http:\/\/blogg.hivolda.no\/jr\/wp-content\/uploads\/sites\/68\/2017\/01\/image-1024x765.jpg\" width=\"660\" height=\"493\" srcset=\"https:\/\/blogg.hivolda.no\/jr\/wp-content\/uploads\/sites\/68\/2017\/01\/image-1024x765.jpg 1024w, https:\/\/blogg.hivolda.no\/jr\/wp-content\/uploads\/sites\/68\/2017\/01\/image-300x224.jpg 300w, https:\/\/blogg.hivolda.no\/jr\/wp-content\/uploads\/sites\/68\/2017\/01\/image-768x574.jpg 768w\" sizes=\"(max-width: 660px) 100vw, 660px\" \/><\/a><b>Til alle studentar, tilsette og inviterte gjester: Gratulerer med dagen! Dette er ein stor dag for alle oss som driv med forsking og h\u00f8gare utdanning i Noreg.<\/b><\/p>\n<p>Eg er spesielt glad for at den nye h\u00f8gskulen heiter nettopp det: H\u00f8gskulen &#8211; p\u00e5 Vestlandet. Vestlandet og nynorsk heng i hop &#8211; og eg er glad for at h\u00f8gskulen lar dette syne b\u00e5de i namnet og i kvardagen. Slik har vi det naturlegvis ogs\u00e5 i Volda.<\/p>\n<p>Vi Volda er noko s\u00e5 sjeldsynt som ein h\u00f8gskule som berre held til p\u00e5 ein stad &#8211; Volda &#8211; og med eit skarpt fagleg fokus p\u00e5 samfunnsfag og humaniora. Vi har ogs\u00e5 med alle fusjonar p\u00e5 alle nes vorte ein av dei minste statlege h\u00f8gskulane i landet.<\/p>\n<p>Erna Solberg sa i si opningshelsing at den nye H\u00f8gskulen var for heile Vestlandet. Det er naturlegvis litt rart \u00e5 h\u00f8yre for oss i Volda og M\u00f8re og Romsdal som ogs\u00e5 reknar oss som vestlendingar. S\u00e5 vi i Volda er ogs\u00e5 ein h\u00f8gskule for Vestlandet.<\/p>\n<p>Eitt av opningsinnslaga var ei flott framf\u00f8ring av &laquo;Mellom bakker og berg&raquo; av Ivar Aasen.<\/p>\n<p>Ivar Aasen hadde ogs\u00e5 mykje \u00e5 seie om det \u00e5 vere stor &#8211; men kanskje mest om \u00e5 vere liten?<\/p>\n<p>Blant anna seier Ivar Aasen i eitt av ordtaka han hadde samla inn:<\/p>\n<p>&#8211; Alle vil store vere; ingen vil sekken bere.<br \/>\n&#8211; Eit stort hus tar lang tid \u00e5 sope.<\/p>\n<p>Og kva sa han om \u00e5 vere liten?<\/p>\n<p>&#8211; Det sm\u00e5 kan smette der det store st\u00e5r fast.<\/p>\n<p>Og s\u00e5 seier han det s\u00e5 vakkert:<\/p>\n<p>&#8211; Sm\u00e5fuglane syng best.<\/p>\n<p>***<\/p>\n<p>H\u00f8gskulen p\u00e5 Vestlandet hadde ikkje blitt til utan Torbj\u00f8rn R\u00f8e Isaksen og Bj\u00f8rn Haugstad, s\u00e5 det var veldig passande at dei deltok p\u00e5 denne opninga. Eg vil slutte meg til deira oppmodingar og helsingar.<\/p>\n<p>Elles fann eg eit manuskript som Torbj\u00f8rn R\u00f8e Isaksen hadde forkasta &#8211; det var noko han hadde f\u00e5tt litt hjelp fr\u00e5 Bj\u00f8rn Eidsv\u00e5g med:<\/p>\n<p>Eg ser at du e fusjonert<br \/>\nMen eg kan ikkje sitte i alle komiteane for deg<br \/>\nDu m\u00e5 sitta der sj\u00f8lv<br \/>\nMen eg vil sitta p\u00e5 deg<br \/>\nEg vil sitta p\u00e5 deg<\/p>\n<p>***<\/p>\n<p>Det er no arbeidet tek til. Det \u00e5 vere stor er ingen garanti for \u00e5 lukkast.<\/p>\n<p>Men eg er heilt sikker p\u00e5 at med godt samarbeid internt og eksternt s\u00e5 vil sjansane for \u00e5 lukkast bli st\u00f8rre, og det eg har sett p\u00e5 denne flotte opninga har vore ein veldig god start!<\/p>\n<p>S\u00e5 til slutt vil eg seie med Ivar Aasen &#8211; som ei oppmoding b\u00e5de til dykk som skal arbeid med fusjonen framover &#8211; og med samarbeid med andre institusjonar, som til d\u00f8mes gjennom UH Nett Vest:<\/p>\n<p>&laquo;Godt lag gjer langevegen lett.&raquo;<\/p>\n<p>Lukke til med \u00e5 byggje H\u00f8gskulen p\u00e5 Vestlandet!<\/p>\n","protected":false},"excerpt":{"rendered":"<p>Til alle studentar, tilsette og inviterte gjester: Gratulerer med dagen! Dette er ein stor dag for alle oss som driv med forsking og h\u00f8gare utdanning i Noreg. Eg er spesielt glad for at den nye h\u00f8gskulen heiter nettopp det: H\u00f8gskulen &#8211; p\u00e5 Vestlandet. Vestlandet og nynorsk heng i hop &#8211; og eg er glad for &hellip; <a href=\"https:\/\/blogg.hivolda.no\/jr\/2017\/01\/10\/opningshelsing-til-vestlandshogskulen\/\" class=\"more-link\">Fortsett \u00e5 lese <span class=\"screen-reader-text\">Opningshelsing til Vestlandsh\u00f8gskulen<\/span><\/a><\/p>\n","protected":false},"author":13,"featured_media":0,"comment_status":"open","ping_status":"open","sticky":false,"template":"","format":"aside","meta":{"footnotes":""},"categories":[8],"tags":[],"post_mailing_queue_ids":[],"_links":{"self":[{"href":"https:\/\/blogg.hivolda.no\/jr\/wp-json\/wp\/v2\/posts\/1094"}],"collection":[{"href":"https:\/\/blogg.hivolda.no\/jr\/wp-json\/wp\/v2\/posts"}],"about":[{"href":"https:\/\/blogg.hivolda.no\/jr\/wp-json\/wp\/v2\/types\/post"}],"author":[{"embeddable":true,"href":"https:\/\/blogg.hivolda.no\/jr\/wp-json\/wp\/v2\/users\/13"}],"replies":[{"embeddable":true,"href":"https:\/\/blogg.hivolda.no\/jr\/wp-json\/wp\/v2\/comments?post=1094"}],"version-history":[{"count":4,"href":"https:\/\/blogg.hivolda.no\/jr\/wp-json\/wp\/v2\/posts\/1094\/revisions"}],"predecessor-version":[{"id":1099,"href":"https:\/\/blogg.hivolda.no\/jr\/wp-json\/wp\/v2\/posts\/1094\/revisions\/1099"}],"wp:attachment":[{"href":"https:\/\/blogg.hivolda.no\/jr\/wp-json\/wp\/v2\/media?parent=1094"}],"wp:term":[{"taxonomy":"category","embeddable":true,"href":"https:\/\/blogg.hivolda.no\/jr\/wp-json\/wp\/v2\/categories?post=1094"},{"taxonomy":"post_tag","embeddable":true,"href":"https:\/\/blogg.hivolda.no\/jr\/wp-json\/wp\/v2\/tags?post=1094"}],"curies":[{"name":"wp","href":"https:\/\/api.w.org\/{rel}","templated":true}]}}