{"id":1089,"date":"2017-01-05T15:08:14","date_gmt":"2017-01-05T14:08:14","guid":{"rendered":"http:\/\/blogg.hivolda.no\/jr\/?p=1089"},"modified":"2017-02-05T23:01:37","modified_gmt":"2017-02-05T22:01:37","slug":"strategi-og-struktur-hoyring-og-styrebehandling-i-januar-2017","status":"publish","type":"post","link":"https:\/\/blogg.hivolda.no\/jr\/2017\/01\/05\/strategi-og-struktur-hoyring-og-styrebehandling-i-januar-2017\/","title":{"rendered":"Strategi og struktur &#8211; h\u00f8yring og styrebehandling i januar 2017"},"content":{"rendered":"<div>\n<figure id=\"attachment_1090\" aria-describedby=\"caption-attachment-1090\" style=\"width: 573px\" class=\"wp-caption aligncenter\"><a href=\"http:\/\/www.hivolda.no\/hivolda\/nyhende?displayitem=5773&amp;module=news\"><img loading=\"lazy\" decoding=\"async\" class=\"wp-image-1090 size-full\" src=\"http:\/\/blogg.hivolda.no\/jr\/wp-content\/uploads\/sites\/68\/2017\/01\/styremote-2016-12.jpg\" width=\"573\" height=\"319\" srcset=\"https:\/\/blogg.hivolda.no\/jr\/wp-content\/uploads\/sites\/68\/2017\/01\/styremote-2016-12.jpg 573w, https:\/\/blogg.hivolda.no\/jr\/wp-content\/uploads\/sites\/68\/2017\/01\/styremote-2016-12-300x167.jpg 300w\" sizes=\"(max-width: 573px) 100vw, 573px\" \/><\/a><figcaption id=\"caption-attachment-1090\" class=\"wp-caption-text\">Delar av styret for H\u00f8gskulen i Volda under m\u00f8tet 8. desember 2016.<\/figcaption><\/figure>\n<\/div>\n<div><strong>H\u00f8gskulen i Volda n\u00e6rmar seg ein strategiplan. Direkt\u00f8ren sende ut eit h\u00f8yringsnotat like f\u00f8r jul og svarfristen er kort: Alt 13. januar m\u00e5 svar ha kome tilbake for at dei skal bli r\u00e5d \u00e5 vedta strategiplanen p\u00e5 styrem\u00f8tet 26. januar.<\/strong><\/div>\n<div><\/div>\n<div>Vi er ein sj\u00f8lvstendig h\u00f8gskule og har eit styre som h\u00f8gste organ &#8211; og strategiplanen blir difor det viktigaste styringsreiskapet for styret &#8211; og dermed for h\u00f8gskulen.<\/div>\n<div><\/div>\n<div>P\u00e5 styrem\u00f8tet i desember var det definitivt strukturdebatt styret var mest opptatt av. Mange av styremedlemene hadde mykje p\u00e5 hjarta i denne saka og eg meiner det var rett \u00e5 bruke god tid p\u00e5 den kanskje viktigaste saka styret kan arbeide med. Orientering om strukturprosessane har vore fast tema p\u00e5 alle styrem\u00f8te b\u00e5de i 2015 og 2016.<\/div>\n<div><\/div>\n<div><a href=\"http:\/\/www.hivolda.no\/hivolda\/nyhende?displayitem=5773&amp;module=news\">Styrem\u00f8tet er tilgjengeleg p\u00e5 video.<\/a><\/div>\n<div><\/div>\n<div><\/div>\n<p><!--more--><\/p>\n<div>B\u00e5de i styret og i andre forum h\u00e5per eg struktursaka blir diskuterert som ein del av strategiplanen &#8211; og ikkje som ei sak for seg. Eller for \u00e5 seie p\u00e5 det ein annan m\u00e5te: F\u00f8rst m\u00e5 vi vite kva som er v\u00e5re strategiske utfordringar &#8211; deretter m\u00e5 vi vurdere om vi er rett rigga for \u00e5 n\u00e5 m\u00e5la. Og end\u00e5 meir spissformulert: Er det betre for H\u00f8gskulen i Volda \u00e5 bli styrt av eit anna styre &#8211; eit styre der tilsette og studentar ved H\u00f8gskulen i Volda er i mindretal?<\/div>\n<p><!--more--><\/p>\n<p><!--more--><\/p>\n<p><!--more--><\/p>\n<div><\/div>\n<div>Dei strategiske utfordringane til H\u00f8gskulen i Volda for dei komande fire \u00e5ra kan oppsummerast slik:<\/div>\n<div><\/div>\n<div>\n<ul>\n<li>Studentrekrutteringa m\u00e5 betrast.<\/li>\n<li>Det er for d\u00e5rleg gjennomstr\u00f8yming p\u00e5 fleire masterprogram.<\/li>\n<li>Det er krevande \u00e5 bygge opp den fem\u00e5rige grunnskulel\u00e6rarutdanninga (GLU)<\/li>\n<li>Vi har for l\u00e5ge bidrags- og oppdragsinntekter (BOA) fr\u00e5 eksterne kjelder.<\/li>\n<li>Vi m\u00e5 bli end\u00e5 betre p\u00e5 kompetanseheving og rekruttering av fagfolk.<\/li>\n<li>Vi har for f\u00e5 kvinner i toppstillingar.<\/li>\n<li>Den nye finansieringsordninga gjev oss strammare \u00f8konomi.<\/li>\n<li>Det er uvisse knytt til det \u00e5 vere ein liten akt\u00f8r i det nye UH-landskapet.<\/li>\n<li>Bergen Media By kan bli ein hard konkurrent til v\u00e5re medieutdanningar.<\/li>\n<\/ul>\n<\/div>\n<div><\/div>\n<div>Kva set oss best i stand til \u00e5 styrke oss p\u00e5 desse omr\u00e5da dei neste fire \u00e5ra? Fortsatt sj\u00f8lvstende med samarbeid med andre akt\u00f8rar? Fusjon med ein annan akt\u00f8r? Kan vi rekne med \u00e5 f\u00e5 st\u00f8rre ressursar om vi sl\u00e5r oss saman med nokon andre? Vil regionale politikarar betre tale v\u00e5r sak om vi blir ein del av ei st\u00f8rre eining?<\/div>\n<div><\/div>\n<div>Fusjon vil uansett medf\u00f8re at H\u00f8gskulen i Volda ville f\u00e5 eit styre der\u00a0tilsette og studentar i Volda er i mindretal. Vi styrer ikkje lenger oss sj\u00f8lve.<\/div>\n<div><\/div>\n<div>Dei to fusjonsalternativa som direkt\u00f8ren peikar p\u00e5 i si saksutgreiing er nordover mot Molde &#8211; eller s\u00f8rover mot Universitetet i Bergen. Som eg sa p\u00e5 styrem\u00f8tet i desember s\u00e5 talar regionale omsyn for \u00e5 orientere seg mot Molde. Faglege omsyn talar for orientering mot Bergen. Det er f\u00e5 nye faglege gevinstar \u00e5 hente i Molde. Og det er\u00a0uvisse omkring mediefaga og Bergen Media By ved \u00e5 g\u00e5 til Universitet i Bergen. Det framst\u00e5r ogs\u00e5 som h\u00f8gst usikkert om dei to institusjonane \u00f8nskjer fusjon med Volda, men r\u00f8yster i styret \u00f8nskjer nok at H\u00f8gskulen i Volda skal ta ei meir aktiv rolle &#8211; ja eitt styremedlem har i ein protokolltilf\u00f8rsel ogs\u00e5 presisert at han meiner at H\u00f8gskulen i Volda m\u00e5 forlate sj\u00f8lvstendelina.<\/div>\n<div><\/div>\n<div>Uansett kva styret landar p\u00e5 i struktursp\u00f8rsm\u00e5let h\u00e5per eg styret kan vere samde om at H\u00f8gskulen i Volda ikkje er i ein tvangssituasjon &#8211; vi M\u00c5 ikkje fusjonere.<\/div>\n<div><\/div>\n<div>Dei svakaste h\u00f8gskulane fekk eit klart ultimatum fr\u00e5 Kunnskapsdepartementet om \u00e5 sl\u00e5 seg saman &#8211; med nokon andre. Ein slik beskjed har ikkje vi f\u00e5tt &#8211; og ville heller ikkje vere ein rett beskrivelse av H\u00f8gskulen i Volda.<\/div>\n<div><\/div>\n<div>Den mest konkrete bekymringa fr\u00e5 departementet si politiske leiing har vore om vi ville klare akkreditering av grunnskulel\u00e6rarutdanning &#8211; og der har vi f\u00e5tt tilsagn og venteleg ganske snart den endelege godkjenninga. Nedskjeringane i budsjettet v\u00e5rt i \u00e5ra som kjem kunne ogs\u00e5 vore kopla til strukturprosessen. Det kunne vore tolka som straff for at vi har vore ulydige. I s\u00e5 fall har ogs\u00e5 fusjonert h\u00f8gskular vorte straffa s\u00e5 det er vanskeleg \u00e5 tru p\u00e5 det. Vi har ogs\u00e5 f\u00e5tt ei ny stipendiatstilling i statsbudsjettet for 2017.<\/div>\n<div><\/div>\n<div>Det ville ogs\u00e5 vere eit noks\u00e5 d\u00e5rleg utgangspunkt for eventuelle fusjonsforhandlingar om ein plasserte seg i ein tvangsposisjon: At ein M\u00c5 fusjonere. Med nokon.<\/div>\n<div><\/div>\n<div>Strukturprosessen m\u00e5 koplast til dei\u00a0strategiske utfordringane v\u00e5re. Konklusjonane b\u00f8r ikkje dragast ut fr\u00e5 tankegangen\u00a0at mange andre har fusjonert, at mange politikarar \u00f8nskjer seg st\u00f8rre h\u00f8gskular eller at det er risikabelt \u00e5 st\u00e5 aleine. Diskusjonen b\u00f8r konkretiserast og koplast til dei strategiske utfordringane.\u00a0Og det er fusjonsalternativa som f\u00f8rst og fremst m\u00e5 bli avkrevd potensiale n\u00e5r\u00a0det gjeld \u00e5 l\u00f8yse v\u00e5re strategiske utfordringar p\u00e5 ein betre m\u00e5te enn i dag.<\/div>\n<div><\/div>\n<div>Pr i dag framst\u00e5r begge dei to fusjonsalternativa som problematiske for H\u00f8gskulen i Volda. Men det blir feil \u00e5 sette sj\u00f8lvstende opp mot fusjon, sidan dei to fusjonsalternativa framst\u00e5r som s\u00e5 vidt forskjellige.\u00a0Og det g\u00e5r godt an \u00e5 vere tilhengar av ein fusjon i ei retning &#8211; og motstandar av fusjon i den motsette retninga. Ja til Bergen og nei til Molde. Eller omvendt.<\/div>\n<div><\/div>\n<div>I f\u00f8rre styrem\u00f8te var det fleire som tok til orde for \u00e5 halde fram p\u00e5 sj\u00f8lvstendelina men \u00e5 halde seg l\u00f8pande orientert om utviklinga. Eg trur ikkje det er ein d\u00e5rleg strategi og eg er heilt sikker p\u00e5 at vi i den komande fire\u00e5rs-perioden kan klare oss minst like godt som sj\u00f8lvstendig h\u00f8gskule som ein del av ei st\u00f8rre eining.<\/div>\n<div><\/div>\n<div>For meg er det viktig kva dei tilsette og studentane meiner om desse og andre strategiske sp\u00f8rsm\u00e5l, s\u00e5 eg h\u00e5per avdelingane, studenttinget og fagforeningane kjem med gode innspel til styret f\u00f8r det komande m\u00f8tet.<\/div>\n<div><\/div>\n<div>N\u00e5r alt er lagt p\u00e5 bordet i denne saka, er det sj\u00f8lvsagt til slutt styret som styrer.\u00a0Styret skal seinare i v\u00e5r ogs\u00e5 vedtak kva \u00a0styringsmodell vi skal ha &#8211; valt eller tilsett rektor &#8211; og det vil kanskje ha like stor verknad i arbeidskvardagen som ny strategiplan.<\/div>\n<div><\/div>\n<div>Difor er det s\u00e6rleg viktig \u00e5 medverke til at alle synspunkt kjem fram, og at flest mogleg engasjerer seg i ei sak som er sv\u00e6rt viktig for vidare utvikling av HVO.<\/div>\n","protected":false},"excerpt":{"rendered":"<p>H\u00f8gskulen i Volda n\u00e6rmar seg ein strategiplan. Direkt\u00f8ren sende ut eit h\u00f8yringsnotat like f\u00f8r jul og svarfristen er kort: Alt 13. januar m\u00e5 svar ha kome tilbake for at dei skal bli r\u00e5d \u00e5 vedta strategiplanen p\u00e5 styrem\u00f8tet 26. januar. Vi er ein sj\u00f8lvstendig h\u00f8gskule og har eit styre som h\u00f8gste organ &#8211; og strategiplanen &hellip; <a href=\"https:\/\/blogg.hivolda.no\/jr\/2017\/01\/05\/strategi-og-struktur-hoyring-og-styrebehandling-i-januar-2017\/\" class=\"more-link\">Fortsett \u00e5 lese <span class=\"screen-reader-text\">Strategi og struktur &#8211; h\u00f8yring og styrebehandling i januar 2017<\/span><\/a><\/p>\n","protected":false},"author":13,"featured_media":0,"comment_status":"open","ping_status":"open","sticky":false,"template":"","format":"aside","meta":{"footnotes":""},"categories":[8],"tags":[],"post_mailing_queue_ids":[],"_links":{"self":[{"href":"https:\/\/blogg.hivolda.no\/jr\/wp-json\/wp\/v2\/posts\/1089"}],"collection":[{"href":"https:\/\/blogg.hivolda.no\/jr\/wp-json\/wp\/v2\/posts"}],"about":[{"href":"https:\/\/blogg.hivolda.no\/jr\/wp-json\/wp\/v2\/types\/post"}],"author":[{"embeddable":true,"href":"https:\/\/blogg.hivolda.no\/jr\/wp-json\/wp\/v2\/users\/13"}],"replies":[{"embeddable":true,"href":"https:\/\/blogg.hivolda.no\/jr\/wp-json\/wp\/v2\/comments?post=1089"}],"version-history":[{"count":3,"href":"https:\/\/blogg.hivolda.no\/jr\/wp-json\/wp\/v2\/posts\/1089\/revisions"}],"predecessor-version":[{"id":1166,"href":"https:\/\/blogg.hivolda.no\/jr\/wp-json\/wp\/v2\/posts\/1089\/revisions\/1166"}],"wp:attachment":[{"href":"https:\/\/blogg.hivolda.no\/jr\/wp-json\/wp\/v2\/media?parent=1089"}],"wp:term":[{"taxonomy":"category","embeddable":true,"href":"https:\/\/blogg.hivolda.no\/jr\/wp-json\/wp\/v2\/categories?post=1089"},{"taxonomy":"post_tag","embeddable":true,"href":"https:\/\/blogg.hivolda.no\/jr\/wp-json\/wp\/v2\/tags?post=1089"}],"curies":[{"name":"wp","href":"https:\/\/api.w.org\/{rel}","templated":true}]}}