{"id":714,"date":"2020-11-03T08:02:42","date_gmt":"2020-11-03T07:02:42","guid":{"rendered":"https:\/\/blogg.hivolda.no\/fogtps\/?p=714"},"modified":"2020-11-04T08:40:03","modified_gmt":"2020-11-04T07:40:03","slug":"utvikling-av-tjenester-der-behovet-er-storst","status":"publish","type":"post","link":"https:\/\/blogg.hivolda.no\/fogtps\/2020\/11\/03\/utvikling-av-tjenester-der-behovet-er-storst\/","title":{"rendered":"Utvikling av tjenester der behovet er st\u00f8rst!"},"content":{"rendered":"\n<p><em>Skrevet av Emmy Elizabeth Lang\u00f8y og Atle \u00d8deg\u00e5rd<\/em><\/p>\n\n\n\n<p>Mennesker med utviklingshemming er en gruppe mennesker som ofte har behov for hjelp gjennom hele livet. En s\u00e6rlig utfordring i habiliteringsarbeidet er at vi m\u00f8ter personer med komplekse og sammensatte utfordringer. For \u00e5 f\u00e5 til gode tjenester for brukerne er samarbeid mellom f\u00f8rste- og andrelinjetjenesten helt avgj\u00f8rende.<\/p>\n\n\n\n<figure class=\"wp-block-image size-large\"><img loading=\"lazy\" decoding=\"async\" width=\"393\" height=\"231\" src=\"https:\/\/blogg.hivolda.no\/fogtps\/wp-content\/uploads\/sites\/110\/2020\/11\/image001.jpg\" alt=\"\" class=\"wp-image-715\" srcset=\"https:\/\/blogg.hivolda.no\/fogtps\/wp-content\/uploads\/sites\/110\/2020\/11\/image001.jpg 393w, https:\/\/blogg.hivolda.no\/fogtps\/wp-content\/uploads\/sites\/110\/2020\/11\/image001-300x176.jpg 300w\" sizes=\"(max-width: 393px) 100vw, 393px\" \/><figcaption><em>Fra venstre: Karl Yngvar Dale (HiM), Bj\u00f8rg Neset (RHAB\/NTNU), Martha Midtb\u00f8 (Molde kommune), Lajla Wennevold (praksisfeltet\/Sunndal), Janne Rem\u00f8y Endresen (bruker representant), Atle \u00d8deg\u00e5rd (HiM\/Helseinnovasjonssenteret), Geir Sylte (Helseinnovasjonssenteret), Emmy Elizabeth Lang\u00f8y (HiM\/RHAB\/NTNU), Hilde Husby (Helse M\u00f8re og Romsdal HF) og Frode Skjelstad (Helse M\u00f8re og Romsdal HF).<\/em><\/figcaption><\/figure>\n\n\n\n<p>En annen utfordring er kompetansesituasjonen: en tredjedel (33,2 %) av de ansatte i tjenester til utviklingshemmede har ikke formell kompetanse. Over en tredjedel (38,6 %) av ansatte har fagbrev. Under en tredjedel (28 %) av de ansatte har universitets-\/h\u00f8yskoleutdanning (U\/H utdanning), og av disse kun 10,7 % utdannet som vernepleiere (Fellesorganisasjonen FO 2020).<\/p>\n\n\n\n<p>I voksen-habiliteringsfeltet har flere erfart at kunnskap, som formidles\/utvikles mellom spesialisthelsetjenesten og kommunenes helse &#8211; og omsorgstjenester, ofte ikke sl\u00e5r rot i praktisk tjenesteyting. Dette kan gjelde i enkelt saker, men ogs\u00e5 mer generell kunnskap som formidler p\u00e5 fagdager (f.eks \u00abom tvang og makt\u00bb). Det synes alts\u00e5 som om det er behov for \u00f8kt kunnskap om hvordan samarbeidet mellom kommunale tjenester og spesialisthelsetjenesten kan utvikles!<\/p>\n\n\n\n<p>Fra forskningen finner vi at det (dessverre!) kan ta veldig lang tid f\u00f8r forskning blir implementert i praksis \u2013 faktisk opptil 17 \u00e5r! (Morris, Wooding, Grant 2011). Denne tiden omtales ofte som \u00abkunnskap-til-handling-gapet\u00bb, og dette gapet sees til tross for at ny kunnskap og nye tiln\u00e6rminger er tilgjengelig. Hvorfor det er slik kan ha sammenheng med mange faktorer og en av dem kan v\u00e6re knyttet til for svakt samarbeid og felles kunnskapsutvikling mellom 1 og 2 linjetjenesten.<\/p>\n\n\n\n<p>I et nytt prosjekt skal dette utforskes. Et overordnet m\u00e5l med prosjektet er \u00e5 f\u00e5 mer kunnskap om hvordan tjenestene fungerer innen dette feltet og hva som kan gj\u00f8res for utvikle tjenestene.<\/p>\n\n\n\n<p>Prosjektet er et samarbeid mellom NTNU, H\u00f8gskolen i Molde, Helse M\u00f8re og Romsdal og f\u00f8rstelinja ved kommunenes helse- og omsorgstjenester. Prosjektledere er f\u00f8rsteamanuensis Emmy Elizabeth Lang\u00f8y. Nylig ble det gjennomf\u00f8rt en samling p\u00e5 fantastiske H\u00e5holmen, der en rekke sentrale personer i v\u00e5r region deltok. Mange faglige temaer ble presentert og diskutert. Vi fikk ogs\u00e5 et sv\u00e6rt viktig og l\u00e6rerikt bidrag av en mor som har en voksen datter med omfattende hjelpebehov. Det var da vi virkelig kjente hva disse tjenestene handler om!<\/p>\n\n\n\n<p>Kilder:<br><strong>FO og NAKU (2020).<\/strong> Ingen tid \u00e5 miste. En kartlegging av kompetansesituasjonen i tjenester til personer med utviklingshemming.&nbsp;Rapport, 06\/20.<br><strong>Morris, Z. S., Wooding,S and Grant, J. (2011)<\/strong>. The answer is 17 years, what is the question: understanding time lags in translational research. J R Soc Med 2011: 104: 510 \u2013520.<\/p>\n","protected":false},"excerpt":{"rendered":"<p>Skrevet av Emmy Elizabeth Lang\u00f8y og Atle \u00d8deg\u00e5rd Mennesker med utviklingshemming er en gruppe mennesker som ofte har behov for hjelp gjennom hele livet. En s\u00e6rlig utfordring i habiliteringsarbeidet er at vi m\u00f8ter personer med komplekse og sammensatte utfordringer. For \u00e5 f\u00e5 til gode tjenester for brukerne er samarbeid mellom f\u00f8rste- og andrelinjetjenesten helt avgj\u00f8rende. &hellip; <\/p>\n<p class=\"link-more\"><a href=\"https:\/\/blogg.hivolda.no\/fogtps\/2020\/11\/03\/utvikling-av-tjenester-der-behovet-er-storst\/\" class=\"more-link\">Fortsett \u00e5 lese<span class=\"screen-reader-text\"> \u00abUtvikling av tjenester der behovet er st\u00f8rst!\u00bb<\/span><\/a><\/p>\n","protected":false},"author":86,"featured_media":0,"comment_status":"closed","ping_status":"open","sticky":false,"template":"","format":"standard","meta":{"footnotes":""},"categories":[1],"tags":[],"post_mailing_queue_ids":[],"_links":{"self":[{"href":"https:\/\/blogg.hivolda.no\/fogtps\/wp-json\/wp\/v2\/posts\/714"}],"collection":[{"href":"https:\/\/blogg.hivolda.no\/fogtps\/wp-json\/wp\/v2\/posts"}],"about":[{"href":"https:\/\/blogg.hivolda.no\/fogtps\/wp-json\/wp\/v2\/types\/post"}],"author":[{"embeddable":true,"href":"https:\/\/blogg.hivolda.no\/fogtps\/wp-json\/wp\/v2\/users\/86"}],"replies":[{"embeddable":true,"href":"https:\/\/blogg.hivolda.no\/fogtps\/wp-json\/wp\/v2\/comments?post=714"}],"version-history":[{"count":2,"href":"https:\/\/blogg.hivolda.no\/fogtps\/wp-json\/wp\/v2\/posts\/714\/revisions"}],"predecessor-version":[{"id":718,"href":"https:\/\/blogg.hivolda.no\/fogtps\/wp-json\/wp\/v2\/posts\/714\/revisions\/718"}],"wp:attachment":[{"href":"https:\/\/blogg.hivolda.no\/fogtps\/wp-json\/wp\/v2\/media?parent=714"}],"wp:term":[{"taxonomy":"category","embeddable":true,"href":"https:\/\/blogg.hivolda.no\/fogtps\/wp-json\/wp\/v2\/categories?post=714"},{"taxonomy":"post_tag","embeddable":true,"href":"https:\/\/blogg.hivolda.no\/fogtps\/wp-json\/wp\/v2\/tags?post=714"}],"curies":[{"name":"wp","href":"https:\/\/api.w.org\/{rel}","templated":true}]}}