{"id":295,"date":"2017-11-26T13:19:51","date_gmt":"2017-11-26T12:19:51","guid":{"rendered":"https:\/\/blogg.hivolda.no\/emeliel\/?p=295"},"modified":"2017-11-30T16:17:57","modified_gmt":"2017-11-30T15:17:57","slug":"295","status":"publish","type":"post","link":"https:\/\/blogg.hivolda.no\/emeliel\/2017\/11\/26\/295\/","title":{"rendered":""},"content":{"rendered":"<h1>Takke- og tradisjonsbakst<\/h1>\n<figure id=\"attachment_313\" aria-describedby=\"caption-attachment-313\" style=\"width: 960px\" class=\"wp-caption alignnone\"><img loading=\"lazy\" decoding=\"async\" class=\"wp-image-313 size-full\" src=\"https:\/\/blogg.hivolda.no\/emeliel\/wp-content\/uploads\/sites\/160\/2017\/11\/338094_960_540_c.jpg\" alt=\"\" width=\"960\" height=\"540\" srcset=\"https:\/\/blogg.hivolda.no\/emeliel\/wp-content\/uploads\/sites\/160\/2017\/11\/338094_960_540_c.jpg 960w, https:\/\/blogg.hivolda.no\/emeliel\/wp-content\/uploads\/sites\/160\/2017\/11\/338094_960_540_c-300x169.jpg 300w, https:\/\/blogg.hivolda.no\/emeliel\/wp-content\/uploads\/sites\/160\/2017\/11\/338094_960_540_c-768x432.jpg 768w\" sizes=\"(max-width: 767px) 89vw, (max-width: 1000px) 54vw, (max-width: 1071px) 543px, 580px\" \/><figcaption id=\"caption-attachment-313\" class=\"wp-caption-text\">De sju slagene. (Foto hentet fra: https:\/\/www.tine.no\/oppskrifter\/sesong-og-tema\/jul\/temaside\/julens-kakeoppskrifter)<\/figcaption><\/figure>\n<p>Da var den fjerde samlingen av studiet ferdig og vi har laget b\u00e5de lefser, hardinger, s\u00f8st og flatbr\u00f8d. Det var en morsom \u00f8kt, med god stemning og musikk. Takkebakst er noe jeg har vokst opp med, og hvert \u00e5r samles alle &laquo;damene&raquo; i familien for \u00e5 bake flatbr\u00f8d, lefse og diverse julekaker til jul.<\/p>\n<p><strong>Fakta om korn<br \/>\n<\/strong>Korn har blitt dyrket fra ca. 12 000 &#8211; 10 000 f.Kr. Og den f\u00f8rste kornh\u00f8stingen var i Tyrkia (Kurdistan, Syria og Irak) i &laquo;Den fruktbare halvm\u00e5ne&raquo;.<br \/>\nKornartene i den i den fruktbare halvm\u00e5ne var neste ferdig til menneskebruk og en familie kunne skaffe seg en hel \u00e5rsforsyning med noen ukers innsats <em>(Bj\u00f8rnstad, 2005).<br \/>\n<\/em>Det skjedde en forverring av klimaet \u00a0midt\u00f8sten, og \u00e5rstidene ble mer markerte og vegetasjonen endret seg. Dette f\u00f8rte til at menneskene m\u00e5tte lagre kornet over tid og ble mer bofaste. De begynte \u00e5 dyrke korn p\u00e5 \u00e5pne steder rundt husene og trolig kom villkornene av seg selv. Dette gjorde at b\u00e5de menneskene og kornet forandret seg. Fr\u00f8ene ble st\u00f8rre og rundere og mistet det harde skallet sitt, men aksen fikk en seigere stilk. N\u00e5r folk ble husfaste og dyr som sau, geit, ku og gris ble vanlige husdyr <em>(Bj\u00f8rnstad, 2005).<br \/>\n<\/em>Korndyrkinga n\u00e5dde Norden og Norge \u00a0rundt ca. 4000 f.Kr. Kornet ble dyrket p\u00e5 sm\u00e5 \u00e5kerlapper der sandig og lett jord var en viktig energikilde.\u00a0I Norge idag dyrkes det blant annet korn, bygg, havre, rug og kveite.<\/p>\n<p><strong>Tradisjonsbakst til jul<\/strong><br \/>\nJulekaker er noe vi alle oppfatter som typisk norsk og en del av den norske juletradisjonen. Krumkaker, pepperkaker og goro er noen av kakene som er regner som &laquo;de syv slagene&raquo;. \u00a0Selvom det kanskje ikke er s\u00e5 vanlig \u00e5 bake syv slag lenger, er det likevel en tradisjon det er verdt \u00e5 ta vare p\u00e5\u00a0<em>(Opplysningskontoret for br\u00f8d og korn,\u00a0<span class=\"TextRun SCXW268068227\" lang=\"NB-NO\" xml:lang=\"NB-NO\"><span class=\"NormalTextRun SCXW268068227\">s.a)<\/span><\/span><span class=\"LineBreakBlob BlobObject DragDrop SCXW268068227\"><span class=\"SCXW268068227\">.<br \/>\n<\/span><\/span><\/em>Julebaksten har i all tid v\u00e6rt sentral for juleh\u00f8ytiden, det m\u00e5tte b\u00e6re rikelig med bakst og det var en skam \u00e5 g\u00e5 tom for julebaksten f\u00f8r julen var omme.<br \/>\nDe typiske og mest vanlige julekakene ble bakt rett f\u00f8r jul og noen allerede p\u00e5 h\u00f8sten. Bakingen la grunnlaget for kostholdet i julen og m\u00e5let var \u00e5 bake s\u00e5 mye som 1000 flatbr\u00f8d per dag.\u00a0<em>(Brunstad &amp; Pettersen, 2007).<\/em><\/p>\n<p>Jeg har valgt \u00e5 lage Goro og lefse da dette er to bakverk jeg liker godt og er vandt med at blir bakt hjemme.\u00a0Siden jeg ikke har takke selv, valgte jeg \u00e5 bake p\u00e5 skolen sammen med Vilde og Christian.<\/p>\n<p><strong>Min gamletante&#8217;s oppskrift p\u00e5 Goro:<br \/>\n<\/strong>1 egg<br \/>\n90 gram sukker<br \/>\n1 dl fl\u00f8te<br \/>\n1ss konjakk<br \/>\n1\/2 ts kardemomme<br \/>\n250 gram meierism\u00f8r<br \/>\n300 gram hvetemel<br \/>\n50 gram potetmel<\/p>\n<p><strong>Fremgangsm\u00e5te:<br \/>\n<\/strong><\/p>\n<ul>\n<li>Pisk egg og sukker til eggedosis. Deretter pisk fl\u00f8te til krem og tilsett kremen og konjakken i eggedosisblandingen.<\/li>\n<li>Bland alt det t\u00f8rre og smuldre sm\u00f8ret sammen med melblandingen. Tilsett s\u00e5 resten av ingrediensene og bland det godt sammen. La deigen hvile over natten.<\/li>\n<li>Kjevle ut deigen og skj\u00e6r kakene etter mal. Stek dem i et gorojern til de er gylne.\n<p><figure id=\"attachment_305\" aria-describedby=\"caption-attachment-305\" style=\"width: 3988px\" class=\"wp-caption alignnone\"><img loading=\"lazy\" decoding=\"async\" class=\"wp-image-305 size-full\" src=\"https:\/\/blogg.hivolda.no\/emeliel\/wp-content\/uploads\/sites\/160\/2017\/11\/BeFunky-Collage-1.jpg\" alt=\"\" width=\"3988\" height=\"3988\" srcset=\"https:\/\/blogg.hivolda.no\/emeliel\/wp-content\/uploads\/sites\/160\/2017\/11\/BeFunky-Collage-1.jpg 3988w, https:\/\/blogg.hivolda.no\/emeliel\/wp-content\/uploads\/sites\/160\/2017\/11\/BeFunky-Collage-1-150x150.jpg 150w, https:\/\/blogg.hivolda.no\/emeliel\/wp-content\/uploads\/sites\/160\/2017\/11\/BeFunky-Collage-1-300x300.jpg 300w, https:\/\/blogg.hivolda.no\/emeliel\/wp-content\/uploads\/sites\/160\/2017\/11\/BeFunky-Collage-1-768x768.jpg 768w, https:\/\/blogg.hivolda.no\/emeliel\/wp-content\/uploads\/sites\/160\/2017\/11\/BeFunky-Collage-1-1024x1024.jpg 1024w, https:\/\/blogg.hivolda.no\/emeliel\/wp-content\/uploads\/sites\/160\/2017\/11\/BeFunky-Collage-1-100x100.jpg 100w\" sizes=\"(max-width: 767px) 89vw, (max-width: 1000px) 54vw, (max-width: 1071px) 543px, 580px\" \/><figcaption id=\"caption-attachment-305\" class=\"wp-caption-text\">Prosessen fra deig til ferdigstekte gorokjeks (Foto \u00f8verst og til h\u00f8gre Vilde Michelsen, og foto til venstre Emelie Lindset.)<\/figcaption><\/figure><\/li>\n<\/ul>\n<p><b><br \/>\nOppskrift p\u00e5 tynnlefse (fra Annemor)<br \/>\n<\/b>200 gram margarin (sm\u00f8r)<br \/>\n200 gram sukker<br \/>\n3 ts hjortesalt<br \/>\nknivsodd natron<br \/>\n1,6 &#8211; 1,7 kg hvetemel<br \/>\n1 l kulturmelk<\/p>\n<p><strong>Fremgangsm\u00e5te:<\/strong><\/p>\n<ul>\n<li>Sett ut melken natten f\u00f8r og sm\u00f8ret litt f\u00f8r du skal starte baksten. Dette er for at sm\u00f8ret og melken skal bli romtemperert. Bland s\u00e5 alt i en bolle og elt det sammen med en kj\u00f8kkenmaskin.<\/li>\n<li>Del deigen i \u00a0ca like store emner. Her kan du bruke vekt og veie ca 90 gram, eller bruke lokkene til sm\u00e5 norgesglass. Kjevl ut deigen til den er passe tynn og skj\u00e6r ut emner med lokket til et norgesglass. \u00a0Kontroller ogs\u00e5 de f\u00f8rste med vekt for \u00e5 sjekke at emnene er passe st\u00f8rrelse.<\/li>\n<li>La emnene hvile i ca 30 minutter f\u00f8r du kjevler de ut med en ruglete kjevle.<\/li>\n<li>Ved utkjevlingen brukte vi silikon-matter for \u00e5 hindre at deigen skal sette seg fast under kjevlingen. Vilde hadde tatt med en voksduk fra sin mormor som hun skj\u00e6rte ut i en passe sirkel. Den var &laquo;litt lodden&raquo; noe som gjorde utkjevlingen lettere.<\/li>\n<li>N\u00e5r lefsene er tynne nok, steker man de p\u00e5 en middels varm takke til de har noen gylne flekker.<\/li>\n<li>B\u00f8rst s\u00e5 av overfl\u00f8dig mel av lefsene og legg de til avkj\u00f8ling. Husk ogs\u00e5 \u00e5 koste av takken s\u00e5 ikke melet ikke blir brent og setter smak p\u00e5 lefsene under steking.Siden produktene som skal leveres skal v\u00e6re konserverte for \u00e5 holde lenger, stopper prosessen der. Om man vil lage ferdigsmurte lefser m\u00e5 lefsene legges til bl\u00f8t mellom v\u00e5te kj\u00f8kkenh\u00e5ndkle og lage sm\u00f8rkrem til \u00e5 sm\u00f8re lefsene med. Det kan vare lurt og fryse ned ferdigsmurte lefser for at de skal holde seg lenger.\n<figure id=\"attachment_303\" aria-describedby=\"caption-attachment-303\" style=\"width: 3988px\" class=\"wp-caption alignnone\"><img loading=\"lazy\" decoding=\"async\" class=\"wp-image-303 size-full\" src=\"https:\/\/blogg.hivolda.no\/emeliel\/wp-content\/uploads\/sites\/160\/2017\/11\/BeFunky-Collage.jpg\" alt=\"\" width=\"3988\" height=\"3988\" srcset=\"https:\/\/blogg.hivolda.no\/emeliel\/wp-content\/uploads\/sites\/160\/2017\/11\/BeFunky-Collage.jpg 3988w, https:\/\/blogg.hivolda.no\/emeliel\/wp-content\/uploads\/sites\/160\/2017\/11\/BeFunky-Collage-150x150.jpg 150w, https:\/\/blogg.hivolda.no\/emeliel\/wp-content\/uploads\/sites\/160\/2017\/11\/BeFunky-Collage-300x300.jpg 300w, https:\/\/blogg.hivolda.no\/emeliel\/wp-content\/uploads\/sites\/160\/2017\/11\/BeFunky-Collage-768x768.jpg 768w, https:\/\/blogg.hivolda.no\/emeliel\/wp-content\/uploads\/sites\/160\/2017\/11\/BeFunky-Collage-1024x1024.jpg 1024w, https:\/\/blogg.hivolda.no\/emeliel\/wp-content\/uploads\/sites\/160\/2017\/11\/BeFunky-Collage-100x100.jpg 100w\" sizes=\"(max-width: 767px) 89vw, (max-width: 1000px) 54vw, (max-width: 1071px) 543px, 580px\" \/><figcaption id=\"caption-attachment-303\" class=\"wp-caption-text\">Prosessen fra emne til ferdigstekte tynnlefser. (Foto: Vilde Michelsen)<\/figcaption><\/figure>\n<p>&nbsp;<\/p>\n<h2><strong>Ferdig produkt<\/strong><\/h2>\n<figure id=\"attachment_306\" aria-describedby=\"caption-attachment-306\" style=\"width: 960px\" class=\"wp-caption alignnone\"><img loading=\"lazy\" decoding=\"async\" class=\"wp-image-306 size-full\" src=\"https:\/\/blogg.hivolda.no\/emeliel\/wp-content\/uploads\/sites\/160\/2017\/11\/24019959_10213936667307205_469814525_n.jpg\" alt=\"\" width=\"960\" height=\"719\" srcset=\"https:\/\/blogg.hivolda.no\/emeliel\/wp-content\/uploads\/sites\/160\/2017\/11\/24019959_10213936667307205_469814525_n.jpg 960w, https:\/\/blogg.hivolda.no\/emeliel\/wp-content\/uploads\/sites\/160\/2017\/11\/24019959_10213936667307205_469814525_n-300x225.jpg 300w, https:\/\/blogg.hivolda.no\/emeliel\/wp-content\/uploads\/sites\/160\/2017\/11\/24019959_10213936667307205_469814525_n-768x575.jpg 768w\" sizes=\"(max-width: 767px) 89vw, (max-width: 1000px) 54vw, (max-width: 1071px) 543px, 580px\" \/><figcaption id=\"caption-attachment-306\" class=\"wp-caption-text\">Ferdig produkter av tynnlefse og gorokjeks. (Foto: Emelie Lindset)<\/figcaption><\/figure>\n<h2><strong><br \/>\nKilder<\/strong><\/h2>\n<\/li>\n<li>Brunstad, S. &amp; Pettersen, J. R. (2007). Den gamle sunnm\u00f8rsjula. \u00c5lesund: Vind forlag.<\/li>\n<li>Bj\u00f8rnstad, \u00c5. (2005), Korn \u2013 fra steinalder til genalder.\u00a0Oslo: Landbruksforlaget.<\/li>\n<li>Opplysningskontoret for br\u00f8d og korn,\u00a0<span class=\"TextRun SCXW268068227\" lang=\"NB-NO\" xml:lang=\"NB-NO\"><span class=\"NormalTextRun SCXW268068227\"><em>s.a<\/em><\/span><\/span><span class=\"LineBreakBlob BlobObject DragDrop SCXW268068227\"><span class=\"SCXW268068227\"><em>. \u00a0<\/em><\/span><\/span><br \/>\n<em>Hentet fra: http:\/\/brodogkorn.no\/fakta\/hva-er-opphavet-til-julekakene\/<br \/>\n<\/em><\/li>\n<\/ul>\n<p>&nbsp;<\/p>\n<p>&nbsp;<\/p>\n","protected":false},"excerpt":{"rendered":"<p>Takke- og tradisjonsbakst Da var den fjerde samlingen av studiet ferdig og vi har laget b\u00e5de lefser, hardinger, s\u00f8st og flatbr\u00f8d. Det var en morsom \u00f8kt, med god stemning og musikk. Takkebakst er noe jeg har vokst opp med, og hvert \u00e5r samles alle &laquo;damene&raquo; i familien for \u00e5 bake flatbr\u00f8d, lefse og diverse julekaker &hellip; <\/p>\n<p class=\"link-more\"><a href=\"https:\/\/blogg.hivolda.no\/emeliel\/2017\/11\/26\/295\/\" class=\"more-link\">Fortsett \u00e5 lese<span class=\"screen-reader-text\"> \u00ab\u00bb<\/span><\/a><\/p>\n","protected":false},"author":158,"featured_media":0,"comment_status":"open","ping_status":"open","sticky":false,"template":"","format":"standard","meta":{"footnotes":""},"categories":[1],"tags":[],"post_mailing_queue_ids":[],"_links":{"self":[{"href":"https:\/\/blogg.hivolda.no\/emeliel\/wp-json\/wp\/v2\/posts\/295"}],"collection":[{"href":"https:\/\/blogg.hivolda.no\/emeliel\/wp-json\/wp\/v2\/posts"}],"about":[{"href":"https:\/\/blogg.hivolda.no\/emeliel\/wp-json\/wp\/v2\/types\/post"}],"author":[{"embeddable":true,"href":"https:\/\/blogg.hivolda.no\/emeliel\/wp-json\/wp\/v2\/users\/158"}],"replies":[{"embeddable":true,"href":"https:\/\/blogg.hivolda.no\/emeliel\/wp-json\/wp\/v2\/comments?post=295"}],"version-history":[{"count":14,"href":"https:\/\/blogg.hivolda.no\/emeliel\/wp-json\/wp\/v2\/posts\/295\/revisions"}],"predecessor-version":[{"id":319,"href":"https:\/\/blogg.hivolda.no\/emeliel\/wp-json\/wp\/v2\/posts\/295\/revisions\/319"}],"wp:attachment":[{"href":"https:\/\/blogg.hivolda.no\/emeliel\/wp-json\/wp\/v2\/media?parent=295"}],"wp:term":[{"taxonomy":"category","embeddable":true,"href":"https:\/\/blogg.hivolda.no\/emeliel\/wp-json\/wp\/v2\/categories?post=295"},{"taxonomy":"post_tag","embeddable":true,"href":"https:\/\/blogg.hivolda.no\/emeliel\/wp-json\/wp\/v2\/tags?post=295"}],"curies":[{"name":"wp","href":"https:\/\/api.w.org\/{rel}","templated":true}]}}